{"id":55071,"date":"2025-06-10T19:25:21","date_gmt":"2025-06-10T22:25:21","guid":{"rendered":"https:\/\/radiorevelacionfm.cl\/?p=55071"},"modified":"2025-06-10T19:25:21","modified_gmt":"2025-06-10T22:25:21","slug":"convocatoria-de-fondos-de-cultura-2026-abre-la-segunda-quincena-de-junio","status":"publish","type":"post","link":"https:\/\/radiorevelacionfm.cl\/?p=55071","title":{"rendered":"Convocatoria de Fondos de Cultura 2026 abre la segunda quincena de junio"},"content":{"rendered":"<div class=\"flex_column av_one_full  flex_column_div av-zero-column-padding first  avia-builder-el-0  el_before_av_one_full  avia-builder-el-first  \" style='border-radius:0px; '><div  class='avia-image-container  av-styling-    avia-builder-el-1  avia-builder-el-no-sibling  avia-align-center '  itemprop=\"image\" itemscope=\"itemscope\" itemtype=\"https:\/\/schema.org\/ImageObject\"  ><div class='avia-image-container-inner'><div class='avia-image-overlay-wrap'><img decoding=\"async\" class='wp-image-55072 avia-img-lazy-loading-not-55072 avia_image' src=\"https:\/\/radiorevelacionfm.cl\/wp-content\/uploads\/2025\/06\/FONDOS-DE-CULTURA-1.png\" alt='' title='FONDOS DE CULTURA (1)' height=\"600\" width=\"900\"  itemprop=\"thumbnailUrl\" srcset=\"https:\/\/radiorevelacionfm.cl\/wp-content\/uploads\/2025\/06\/FONDOS-DE-CULTURA-1.png 900w, https:\/\/radiorevelacionfm.cl\/wp-content\/uploads\/2025\/06\/FONDOS-DE-CULTURA-1-300x200.png 300w, https:\/\/radiorevelacionfm.cl\/wp-content\/uploads\/2025\/06\/FONDOS-DE-CULTURA-1-768x512.png 768w, https:\/\/radiorevelacionfm.cl\/wp-content\/uploads\/2025\/06\/FONDOS-DE-CULTURA-1-705x470.png 705w, https:\/\/radiorevelacionfm.cl\/wp-content\/uploads\/2025\/06\/FONDOS-DE-CULTURA-1-450x300.png 450w, https:\/\/radiorevelacionfm.cl\/wp-content\/uploads\/2025\/06\/FONDOS-DE-CULTURA-1-600x400.png 600w\" sizes=\"(max-width: 900px) 100vw, 900px\" \/><\/div><\/div><\/div><\/div><div class=\"flex_column av_one_full  flex_column_div av-zero-column-padding first  avia-builder-el-2  el_after_av_one_full  el_before_av_one_full  column-top-margin\" style='border-radius:0px; '><section class=\"av_textblock_section \"  itemscope=\"itemscope\" itemtype=\"https:\/\/schema.org\/BlogPosting\" itemprop=\"blogPost\" ><div class='avia_textblock  '   itemprop=\"text\" ><p style=\"text-align: center;\"><span style=\"font-size: 18pt;\"><b>Convocatoria de Fondos de Cultura 2026 abre la segunda quincena de junio<\/b><\/span><\/p>\n<div id=\"gtx-trans\" style=\"position: absolute; left: -50px; top: 4.31534px;\">\n<div class=\"gtx-trans-icon\"><\/div>\n<\/div>\n<\/div><\/section><\/div><div class=\"flex_column av_one_full  flex_column_div av-zero-column-padding first  avia-builder-el-4  el_after_av_one_full  el_before_av_hr  column-top-margin\" style='border-radius:0px; '><section class=\"av_textblock_section \"  itemscope=\"itemscope\" itemtype=\"https:\/\/schema.org\/BlogPosting\" itemprop=\"blogPost\" ><div class='avia_textblock  '   itemprop=\"text\" ><div class=\"v1elementToProof\" style=\"text-align: justify;\">Este 2026, las postulaciones a los Fondos de Cultura del Ministerio de las Culturas, las Artes y el Patrimonio se abrir\u00e1n de manera diferenciada, a partir de la segunda quincena de junio.<\/div>\n<div class=\"v1elementToProof\" style=\"text-align: justify;\"><\/div>\n<div class=\"v1elementToProof\" style=\"text-align: justify;\">El objetivo busca que las y los agentes culturales de todas las regiones del pa\u00eds puedan organizarse y preparar sus postulaciones con la antelaci\u00f3n que exige la convocatoria.<\/div>\n<div class=\"v1elementToProof\" style=\"text-align: justify;\"><\/div>\n<div class=\"v1elementToProof\" style=\"text-align: justify;\">El seremi de Culturas Ays\u00e9n, Felipe Quiroz, invit\u00f3 a la comunidad creativa, art\u00edstica, cultural y patrimonial de la regi\u00f3n a participar: \u00abEstos fondos constituyen una fuente clave para el fomento de la creaci\u00f3n en nuestros territorios, permitiendo que las ideas, saberes y expresiones locales se desarrollen con fuerza y permanencia. Nuestra confianza en el sector art\u00edstico es profunda: a\u00f1o tras a\u00f1o no solo crecen los proyectos financiados, tambi\u00e9n aumentan los procesos admisibles, consolidando as\u00ed un ecosistema cultural m\u00e1s robusto y comprometido. Porque cuando florece la cultura en Ays\u00e9n, florece tambi\u00e9n el porvenir\u00bb.<\/div>\n<div class=\"v1elementToProof\" style=\"text-align: justify;\"><\/div>\n<div class=\"v1elementToProof\" style=\"text-align: justify;\">Los rangos de fecha de apertura y cierre de las l\u00edneas de concurso de cada fondo son los siguientes:<\/div>\n<div class=\"v1elementToProof\" style=\"text-align: justify;\"><\/div>\n<div class=\"v1elementToProof\"><b>FONDO DE LA M\u00daSICA 2026<\/b><\/div>\n<div class=\"v1elementToProof\"><b>Periodo de convocatoria<\/b><\/div>\n<ul>\n<li>Apertura: Segunda quincena de junio<\/li>\n<li>Cierre: Segunda quincena de julio<\/li>\n<\/ul>\n<div class=\"v1elementToProof\">L\u00edneas:<\/div>\n<ul>\n<li>Becas Chile Crea<\/li>\n<li>Actividades formativas<\/li>\n<li>Investigaci\u00f3n y registro de la m\u00fasica nacional<\/li>\n<li>Coros, orquestas y bandas instrumentales<\/li>\n<li>Producci\u00f3n de registro fonogr\u00e1fico<\/li>\n<li>M\u00fasica en vivo y ferias<\/li>\n<li>Infraestructura y equipamiento<\/li>\n<li>Difusi\u00f3n de la m\u00fasica nacional<\/li>\n<\/ul>\n<div class=\"v1elementToProof\"><\/div>\n<div class=\"v1elementToProof\"><b>FONDO DE LAS ARTES ESC\u00c9NICAS 2026<\/b><\/div>\n<div class=\"v1elementToProof\"><b>1.-Periodo de convocatoria<\/b><\/div>\n<ul>\n<li>Apertura: Segunda quincena de junio<\/li>\n<li>Cierre: Primera quincena de agosto<\/li>\n<\/ul>\n<div class=\"v1elementToProof\">L\u00edneas:<\/div>\n<ul>\n<li>Becas Chile Crea<\/li>\n<li>Festivales y encuentros<\/li>\n<li>Creaci\u00f3n y\/o producci\u00f3n de montajes esc\u00e9nicos<\/li>\n<\/ul>\n<div class=\"v1elementToProof\"><\/div>\n<div class=\"v1elementToProof\"><b>2.-Periodo de convocatoria<\/b><\/div>\n<ul>\n<li>Apertura: Primera quincena de julio<\/li>\n<li>Cierre: Segunda quincena de agosto<\/li>\n<\/ul>\n<div class=\"v1elementToProof\">L\u00edneas:<\/div>\n<ul>\n<li>Creaci\u00f3n esc\u00e9nica<\/li>\n<li>Circulaci\u00f3n nacional<\/li>\n<li>Investigaci\u00f3n<\/li>\n<li>Difusi\u00f3n digital<\/li>\n<li>Programas formativos<\/li>\n<li>Equipamiento para compa\u00f1\u00edas y espacios esc\u00e9nicos<\/li>\n<\/ul>\n<div class=\"v1elementToProof\"><\/div>\n<div class=\"v1elementToProof\"><b>FONDO DEL LIBRO Y LA LECTURA 2026<\/b><\/div>\n<div class=\"v1elementToProof\"><b>1.-Periodo de convocatoria<\/b><\/div>\n<ul>\n<li>Apertura: Segunda quincena de junio<\/li>\n<li>Cierre: Segunda quincena de julio<\/li>\n<\/ul>\n<div class=\"v1elementToProof\">L\u00ednea:<\/div>\n<ul>\n<li>Fomento a la creaci\u00f3n<\/li>\n<\/ul>\n<div class=\"v1elementToProof\"><\/div>\n<div class=\"v1elementToProof\"><b>2.-Periodo de convocatoria<\/b><\/div>\n<ul>\n<li>Apertura: Segunda quincena de junio<\/li>\n<li>Cierre: Primera quincena de agosto<\/li>\n<\/ul>\n<div class=\"v1elementToProof\">L\u00edneas:<\/div>\n<ul>\n<li>Becas Chile Crea<\/li>\n<li>Investigaci\u00f3n<\/li>\n<li>Difusi\u00f3n en medios de comunicaci\u00f3n<\/li>\n<li>Fomento de la lectura, escritura y comunicaci\u00f3n oral<\/li>\n<li>Fomento a la industria<\/li>\n<\/ul>\n<div class=\"v1elementToProof\"><\/div>\n<div class=\"v1elementToProof\"><b>FONDO AUDIOVISUAL 2026<\/b><\/div>\n<div class=\"v1elementToProof\"><b>Periodo de convocatoria<\/b><\/div>\n<ul>\n<li>Apertura: Primera quincena de julio<\/li>\n<li>Cierre: Primera quincena de agosto<\/li>\n<\/ul>\n<div class=\"v1elementToProof\">L\u00edneas:<\/div>\n<ul>\n<li>Becas Chile Crea<\/li>\n<li>Formaci\u00f3n grupal<\/li>\n<li>Investigaci\u00f3n<\/li>\n<li>Gui\u00f3n original y adaptaci\u00f3n literaria<\/li>\n<li>Producci\u00f3n audiovisual de largometrajes<\/li>\n<li>Producci\u00f3n audiovisual de cortometrajes<\/li>\n<li>Webseries<\/li>\n<li>Producci\u00f3n de videojuegos<\/li>\n<li>Producci\u00f3n de obras experimentales<\/li>\n<li>Producci\u00f3n audiovisual regional<\/li>\n<li>Difusi\u00f3n, implementaci\u00f3n y exhibici\u00f3n audiovisual<\/li>\n<li>Distribuci\u00f3n de cine<\/li>\n<\/ul>\n<div class=\"v1elementToProof\"><\/div>\n<div class=\"v1elementToProof\"><b>FONDART NACIONAL 2026<\/b><\/div>\n<div class=\"v1elementToProof\"><b>Periodo de convocatoria<\/b><\/div>\n<ul>\n<li>Apertura: Segunda quincena de julio<\/li>\n<li>Cierre: Segunda quincena de agosto<\/li>\n<\/ul>\n<div class=\"v1elementToProof\">L\u00edneas:<\/div>\n<ul>\n<li>Becas Chile Crea<\/li>\n<li>Investigaci\u00f3n<\/li>\n<li>Infraestructura cultural<\/li>\n<li>Creaci\u00f3n art\u00edstica<\/li>\n<\/ul>\n<div class=\"v1elementToProof\"><\/div>\n<div class=\"v1elementToProof\"><b>FONDART REGIONAL 2026<\/b><\/div>\n<div class=\"v1elementToProof\"><b>Periodo de convocatoria<\/b><\/div>\n<ul>\n<li>Apertura: Segunda quincena de julio<\/li>\n<li>Cierre: Segunda quincena de agosto<\/li>\n<\/ul>\n<div class=\"v1elementToProof\">L\u00edneas:<\/div>\n<ul>\n<li>Actividades formativas<\/li>\n<li>Difusi\u00f3n<\/li>\n<li>Culturas de pueblos originarios<\/li>\n<li>Culturas regionales<\/li>\n<li>Organizaci\u00f3n de muestras, ferias y encuentros<\/li>\n<\/ul>\n<div class=\"v1elementToProof\"><\/div>\n<div class=\"v1elementToProof\">\u00a0Calendario disponible en\u00a0<u><a id=\"v1OWAf35191fc-0ab2-4a22-12e9-d5528e7701e4\" class=\"v1OWAAutoLink\" href=\"http:\/\/www.fondosdecultura.cl\/\" target=\"_blank\" rel=\"noopener noreferrer\">www.fondosdecultura.cl<\/a><\/u>.<\/div>\n<\/div><\/section><\/div><div  style='height:50px' class='hr hr-invisible   avia-builder-el-6  el_after_av_one_full  el_before_av_social_share '><span class='hr-inner ' ><span class='hr-inner-style'><\/span><\/span><\/div><\/p>\n<div  class='av-social-sharing-box  avia-builder-el-7  el_after_av_hr  el_before_av_hr  '><div class='av-share-box'><h5 class='av-share-link-description av-no-toc '>Compartir esta noticia<\/h5><ul class='av-share-box-list noLightbox'><li class='av-share-link av-social-link-facebook' ><a target=\"_blank\" aria-label=\"Compartir en Facebook\" href='https:\/\/www.facebook.com\/sharer.php?u=https:\/\/radiorevelacionfm.cl\/?p=55071&#038;t=Convocatoria%20de%20Fondos%20de%20Cultura%202026%20abre%20la%20segunda%20quincena%20de%20junio' aria-hidden='false' data-av_icon='\ue8f3' data-av_iconfont='entypo-fontello' title='' data-avia-related-tooltip='Compartir en Facebook' rel=\"noopener\"><span class='avia_hidden_link_text'>Compartir en Facebook<\/span><\/a><\/li><li class='av-share-link av-social-link-twitter' ><a target=\"_blank\" aria-label=\"Compartir en Twitter\" href='https:\/\/twitter.com\/share?text=Convocatoria%20de%20Fondos%20de%20Cultura%202026%20abre%20la%20segunda%20quincena%20de%20junio&#038;url=https:\/\/radiorevelacionfm.cl\/?p=55071' aria-hidden='false' data-av_icon='\ue8f1' data-av_iconfont='entypo-fontello' title='' data-avia-related-tooltip='Compartir en Twitter' rel=\"noopener\"><span class='avia_hidden_link_text'>Compartir en Twitter<\/span><\/a><\/li><li class='av-share-link av-social-link-whatsapp' ><a target=\"_blank\" aria-label=\"Compartir en Whatsapp\" href='https:\/\/api.whatsapp.com\/send?text=https:\/\/radiorevelacionfm.cl\/?p=55071' aria-hidden='false' data-av_icon='\uf232' data-av_iconfont='entypo-fontello' title='' data-avia-related-tooltip='Compartir en Whatsapp' rel=\"noopener\"><span class='avia_hidden_link_text'>Compartir en Whatsapp<\/span><\/a><\/li><li class='av-share-link av-social-link-linkedin' ><a target=\"_blank\" aria-label=\"Compartir en LinkedIn\" href='https:\/\/linkedin.com\/shareArticle?mini=true&#038;title=Convocatoria%20de%20Fondos%20de%20Cultura%202026%20abre%20la%20segunda%20quincena%20de%20junio&#038;url=https:\/\/radiorevelacionfm.cl\/?p=55071' aria-hidden='false' data-av_icon='\ue8fc' data-av_iconfont='entypo-fontello' title='' data-avia-related-tooltip='Compartir en LinkedIn' rel=\"noopener\"><span class='avia_hidden_link_text'>Compartir en LinkedIn<\/span><\/a><\/li><li class='av-share-link av-social-link-mail' ><a  aria-label=\"Compartir por correo\" href='mailto:?subject=Convocatoria%20de%20Fondos%20de%20Cultura%202026%20abre%20la%20segunda%20quincena%20de%20junio&#038;body=https:\/\/radiorevelacionfm.cl\/?p=55071' aria-hidden='false' data-av_icon='\ue805' data-av_iconfont='entypo-fontello' title='' data-avia-related-tooltip='Compartir por correo'><span class='avia_hidden_link_text'>Compartir por correo<\/span><\/a><\/li><\/ul><\/div><\/div>\n<div  style='height:50px' class='hr hr-invisible   avia-builder-el-8  el_after_av_social_share  el_before_av_comments_list '><span class='hr-inner ' ><span class='hr-inner-style'><\/span><\/span><\/div>\n<div  class='av-buildercomment  av-blog-meta-html-info-disabled av-blog-meta-tag-disabled  '><\/div>\n","protected":false},"excerpt":{"rendered":"","protected":false},"author":1,"featured_media":55072,"comment_status":"closed","ping_status":"closed","sticky":false,"template":"","format":"standard","meta":{"footnotes":""},"categories":[52],"tags":[],"class_list":["post-55071","post","type-post","status-publish","format-standard","has-post-thumbnail","hentry","category-cultura"],"jetpack_featured_media_url":"https:\/\/radiorevelacionfm.cl\/wp-content\/uploads\/2025\/06\/FONDOS-DE-CULTURA-1.png","_links":{"self":[{"href":"https:\/\/radiorevelacionfm.cl\/index.php?rest_route=\/wp\/v2\/posts\/55071","targetHints":{"allow":["GET"]}}],"collection":[{"href":"https:\/\/radiorevelacionfm.cl\/index.php?rest_route=\/wp\/v2\/posts"}],"about":[{"href":"https:\/\/radiorevelacionfm.cl\/index.php?rest_route=\/wp\/v2\/types\/post"}],"author":[{"embeddable":true,"href":"https:\/\/radiorevelacionfm.cl\/index.php?rest_route=\/wp\/v2\/users\/1"}],"replies":[{"embeddable":true,"href":"https:\/\/radiorevelacionfm.cl\/index.php?rest_route=%2Fwp%2Fv2%2Fcomments&post=55071"}],"version-history":[{"count":2,"href":"https:\/\/radiorevelacionfm.cl\/index.php?rest_route=\/wp\/v2\/posts\/55071\/revisions"}],"predecessor-version":[{"id":55085,"href":"https:\/\/radiorevelacionfm.cl\/index.php?rest_route=\/wp\/v2\/posts\/55071\/revisions\/55085"}],"wp:featuredmedia":[{"embeddable":true,"href":"https:\/\/radiorevelacionfm.cl\/index.php?rest_route=\/wp\/v2\/media\/55072"}],"wp:attachment":[{"href":"https:\/\/radiorevelacionfm.cl\/index.php?rest_route=%2Fwp%2Fv2%2Fmedia&parent=55071"}],"wp:term":[{"taxonomy":"category","embeddable":true,"href":"https:\/\/radiorevelacionfm.cl\/index.php?rest_route=%2Fwp%2Fv2%2Fcategories&post=55071"},{"taxonomy":"post_tag","embeddable":true,"href":"https:\/\/radiorevelacionfm.cl\/index.php?rest_route=%2Fwp%2Fv2%2Ftags&post=55071"}],"curies":[{"name":"wp","href":"https:\/\/api.w.org\/{rel}","templated":true}]}}