{"id":5507,"date":"2021-06-22T10:55:07","date_gmt":"2021-06-22T13:55:07","guid":{"rendered":"https:\/\/radiorevelacionfm.cl\/?p=5507"},"modified":"2021-06-22T10:55:07","modified_gmt":"2021-06-22T13:55:07","slug":"alcalde-de-villa-ohiggins-sostuvo-reunion-con-director-de-aduanas-con-la-idea-de-impulsar-conexion-aerea-entre-la-comuna-y-el-calafate","status":"publish","type":"post","link":"https:\/\/radiorevelacionfm.cl\/?p=5507","title":{"rendered":"Alcalde de Villa O&#8217;Higgins sostuvo reuni\u00f3n con director de Aduanas con la idea de impulsar conexi\u00f3n a\u00e9rea entre la comuna y El Calafate"},"content":{"rendered":"<div class=\"flex_column av_one_full  flex_column_div av-zero-column-padding first  avia-builder-el-0  el_before_av_one_full  avia-builder-el-first  \" style='border-radius:0px; '><div  class='avia-image-container  av-styling-    avia-builder-el-1  avia-builder-el-no-sibling  avia-align-center '  itemprop=\"image\" itemscope=\"itemscope\" itemtype=\"https:\/\/schema.org\/ImageObject\"  ><div class='avia-image-container-inner'><div class='avia-image-overlay-wrap'><img decoding=\"async\" class='wp-image-5508 avia-img-lazy-loading-not-5508 avia_image' src=\"https:\/\/radiorevelacionfm.cl\/wp-content\/uploads\/2021\/06\/REUNION-ALCALDE-ADUANAS-2-1.jpeg\" alt='' title='REUNION ALCALDE ADUANAS (2) (1)' height=\"600\" width=\"1067\"  itemprop=\"thumbnailUrl\" srcset=\"https:\/\/radiorevelacionfm.cl\/wp-content\/uploads\/2021\/06\/REUNION-ALCALDE-ADUANAS-2-1.jpeg 1067w, https:\/\/radiorevelacionfm.cl\/wp-content\/uploads\/2021\/06\/REUNION-ALCALDE-ADUANAS-2-1-300x169.jpeg 300w, https:\/\/radiorevelacionfm.cl\/wp-content\/uploads\/2021\/06\/REUNION-ALCALDE-ADUANAS-2-1-1030x579.jpeg 1030w, https:\/\/radiorevelacionfm.cl\/wp-content\/uploads\/2021\/06\/REUNION-ALCALDE-ADUANAS-2-1-768x432.jpeg 768w, https:\/\/radiorevelacionfm.cl\/wp-content\/uploads\/2021\/06\/REUNION-ALCALDE-ADUANAS-2-1-705x396.jpeg 705w, https:\/\/radiorevelacionfm.cl\/wp-content\/uploads\/2021\/06\/REUNION-ALCALDE-ADUANAS-2-1-600x337.jpeg 600w\" sizes=\"(max-width: 1067px) 100vw, 1067px\" \/><\/div><\/div><\/div><\/div><div class=\"flex_column av_one_full  flex_column_div av-zero-column-padding first  avia-builder-el-2  el_after_av_one_full  el_before_av_one_full  column-top-margin\" style='border-radius:0px; '><section class=\"av_textblock_section \"  itemscope=\"itemscope\" itemtype=\"https:\/\/schema.org\/BlogPosting\" itemprop=\"blogPost\" ><div class='avia_textblock  '   itemprop=\"text\" ><p style=\"text-align: center;\"><span style=\"font-size: 18pt;\"><strong>Alcalde de Villa O&#8217;Higgins sostuvo reuni\u00f3n con director de Aduanas con la idea de impulsar conexi\u00f3n a\u00e9rea entre la comuna y El Calafate<\/strong><\/span><\/p>\n<div id=\"gtx-trans\" style=\"position: absolute; left: -50px; top: 4.31534px;\">\n<div class=\"gtx-trans-icon\"><\/div>\n<\/div>\n<\/div><\/section><\/div><div class=\"flex_column av_one_full  flex_column_div av-zero-column-padding first  avia-builder-el-4  el_after_av_one_full  el_before_av_hr  column-top-margin\" style='border-radius:0px; '><section class=\"av_textblock_section \"  itemscope=\"itemscope\" itemtype=\"https:\/\/schema.org\/BlogPosting\" itemprop=\"blogPost\" ><div class='avia_textblock  '   itemprop=\"text\" ><p class=\"v1MsoNormal\" style=\"text-align: justify;\">Diversas gestiones realiz\u00f3 la semana pasada el alcalde Roberto Recabal C\u00e1rcamo, en su viaje, tanto a Valpara\u00edso como a la capital del pa\u00eds. Una de ellas fue una importante reuni\u00f3n junto al Director Nacional de Aduanas de Chile, Jos\u00e9 Ignacio Palma.<\/p>\n<p class=\"v1MsoNormal\" style=\"text-align: justify;\">En la cita, la autoridad de la comuna expres\u00f3 una solicitud: La presencia de personal de la Direcci\u00f3n de Aduanas.<\/p>\n<p class=\"v1MsoNormal\" style=\"text-align: justify;\">Al respecto, el jefe comunal indic\u00f3 que \u00abrealic\u00e9 mis \u00faltimas gestiones p\u00fablicas en Santiago y en Valpara\u00edso, donde conversamos con el director nacional de Aduanas, donde solicitamos funcionarios para nuestra comuna, entre los meses de octubre a abril, con la finalidad de potenciar m\u00e1s nuestro turismo\u00bb, asegurando que ello posibilitar\u00eda la realizaci\u00f3n de vuelos \u00abentre O&#8217;Higgins &#8211; El Calafate &#8211; O&#8217;Higgins, que ser\u00eda de gran impacto y as\u00ed consolidar nuestra comuna como el mayor polo de desarrollo tur\u00edstico de la regi\u00f3n de Ays\u00e9n\u00bb.<\/p>\n<p class=\"v1MsoNormal\" style=\"text-align: justify;\">La comuna de O&#8217;Higgins tiene una importancia estrat\u00e9gica fundamental por la presencia de una de las mayores reservas de agua a nivel mundial, junto a una belleza esc\u00e9nica que atrae a\u00f1o a a\u00f1o a miles de turistas nacionales y extranjeros.<\/p>\n<p class=\"v1MsoNormal\" style=\"text-align: justify;\">En torno a la solicitud, Jos\u00e9 Ignacio Palma se\u00f1al\u00f3 que \u00abvamos a estudiar la posibilidad, lo hemos hablado con mucha franqueza, para ver como podemos apoyar esta importante iniciativa que est\u00e1 impulsando el alcalde, tener all\u00ed funcionarios de Aduanas destacados para hacer los controles que nos corresponde como servicio, vamos a impulsar esta iniciativa, ojal\u00e1 le vaya bien a la comuna de O&#8217;Higgins, que tiene un importante potencial tur\u00edstico\u00bb.<\/p>\n<p class=\"v1MsoNormal\" style=\"text-align: justify;\">La cercan\u00eda con la tur\u00edstica ciudad argentina de El Calafate ser\u00eda el acento para la petici\u00f3n de la llegada de personal de Aduanas en la comuna, situaci\u00f3n vista con buenos ojos por el director nacional de la instituci\u00f3n.<\/p>\n<p class=\"v1MsoNormal\" style=\"text-align: justify;\">\u00abRespecto de lo que es la presencia eventual de funcionarios de Aduanas, todos pensamos que podr\u00eda impulsar y ser un factor preponderante para impulsar la conectividad a\u00e9rea entre O&#8217;Higgins y El Calafate, eso permitir\u00eda que una buena cantidad de turistas que llegan hasta El Calafate se puedan transportar posteriormente, v\u00eda a\u00e9rea, a Villa O&#8217;Higgins, lo que significar\u00eda un aporte muy relevante para el desarrollo de la comuna\u00bb, manifest\u00f3 Jos\u00e9 Ignacio Palma.<\/p>\n<p class=\"v1MsoNormal\" style=\"text-align: justify;\">Esta idea impulsada por el alcalde Recabal es una m\u00e1s de las apuestas de gesti\u00f3n comunal, donde el impulso del turismo y la soberan\u00eda fueron ejes fundamentales, en una comuna que cuenta con todo el potencial paisaj\u00edstico para crecer.<\/p>\n<\/div><\/section><\/div><div  style='height:50px' class='hr hr-invisible   avia-builder-el-6  el_after_av_one_full  el_before_av_social_share '><span class='hr-inner ' ><span class='hr-inner-style'><\/span><\/span><\/div><\/p>\n<div  class='av-social-sharing-box  avia-builder-el-7  el_after_av_hr  el_before_av_hr  '><div class='av-share-box'><h5 class='av-share-link-description av-no-toc '>Compartir esta noticia<\/h5><ul class='av-share-box-list noLightbox'><li class='av-share-link av-social-link-facebook' ><a target=\"_blank\" aria-label=\"Compartir en Facebook\" href='https:\/\/www.facebook.com\/sharer.php?u=https:\/\/radiorevelacionfm.cl\/?p=5507&#038;t=Alcalde%20de%20Villa%20O%E2%80%99Higgins%20sostuvo%20reuni%C3%B3n%20con%20director%20de%20Aduanas%20con%20la%20idea%20de%20impulsar%20conexi%C3%B3n%20a%C3%A9rea%20entre%20la%20comuna%20y%20El%20Calafate' aria-hidden='false' data-av_icon='\ue8f3' data-av_iconfont='entypo-fontello' title='' data-avia-related-tooltip='Compartir en Facebook' rel=\"noopener\"><span class='avia_hidden_link_text'>Compartir en Facebook<\/span><\/a><\/li><li class='av-share-link av-social-link-twitter' ><a target=\"_blank\" aria-label=\"Compartir en Twitter\" href='https:\/\/twitter.com\/share?text=Alcalde%20de%20Villa%20O%E2%80%99Higgins%20sostuvo%20reuni%C3%B3n%20con%20director%20de%20Aduanas%20con%20la%20idea%20de%20impulsar%20conexi%C3%B3n%20a%C3%A9rea%20entre%20la%20comuna%20y%20El%20Calafate&#038;url=https:\/\/radiorevelacionfm.cl\/?p=5507' aria-hidden='false' data-av_icon='\ue8f1' data-av_iconfont='entypo-fontello' title='' data-avia-related-tooltip='Compartir en Twitter' rel=\"noopener\"><span class='avia_hidden_link_text'>Compartir en Twitter<\/span><\/a><\/li><li class='av-share-link av-social-link-whatsapp' ><a target=\"_blank\" aria-label=\"Compartir en Whatsapp\" href='https:\/\/api.whatsapp.com\/send?text=https:\/\/radiorevelacionfm.cl\/?p=5507' aria-hidden='false' data-av_icon='\uf232' data-av_iconfont='entypo-fontello' title='' data-avia-related-tooltip='Compartir en Whatsapp' rel=\"noopener\"><span class='avia_hidden_link_text'>Compartir en Whatsapp<\/span><\/a><\/li><li class='av-share-link av-social-link-linkedin' ><a target=\"_blank\" aria-label=\"Compartir en LinkedIn\" href='https:\/\/linkedin.com\/shareArticle?mini=true&#038;title=Alcalde%20de%20Villa%20O%E2%80%99Higgins%20sostuvo%20reuni%C3%B3n%20con%20director%20de%20Aduanas%20con%20la%20idea%20de%20impulsar%20conexi%C3%B3n%20a%C3%A9rea%20entre%20la%20comuna%20y%20El%20Calafate&#038;url=https:\/\/radiorevelacionfm.cl\/?p=5507' aria-hidden='false' data-av_icon='\ue8fc' data-av_iconfont='entypo-fontello' title='' data-avia-related-tooltip='Compartir en LinkedIn' rel=\"noopener\"><span class='avia_hidden_link_text'>Compartir en LinkedIn<\/span><\/a><\/li><li class='av-share-link av-social-link-mail' ><a  aria-label=\"Compartir por correo\" href='mailto:?subject=Alcalde%20de%20Villa%20O%E2%80%99Higgins%20sostuvo%20reuni%C3%B3n%20con%20director%20de%20Aduanas%20con%20la%20idea%20de%20impulsar%20conexi%C3%B3n%20a%C3%A9rea%20entre%20la%20comuna%20y%20El%20Calafate&#038;body=https:\/\/radiorevelacionfm.cl\/?p=5507' aria-hidden='false' data-av_icon='\ue805' data-av_iconfont='entypo-fontello' title='' data-avia-related-tooltip='Compartir por correo'><span class='avia_hidden_link_text'>Compartir por correo<\/span><\/a><\/li><\/ul><\/div><\/div>\n<div  style='height:50px' class='hr hr-invisible   avia-builder-el-8  el_after_av_social_share  el_before_av_comments_list '><span class='hr-inner ' ><span class='hr-inner-style'><\/span><\/span><\/div>\n<div  class='av-buildercomment  av-blog-meta-html-info-disabled av-blog-meta-tag-disabled  '><\/div>\n","protected":false},"excerpt":{"rendered":"","protected":false},"author":1,"featured_media":5508,"comment_status":"open","ping_status":"open","sticky":false,"template":"","format":"standard","meta":{"footnotes":""},"categories":[38],"tags":[],"class_list":["post-5507","post","type-post","status-publish","format-standard","has-post-thumbnail","hentry","category-regional"],"jetpack_featured_media_url":"https:\/\/radiorevelacionfm.cl\/wp-content\/uploads\/2021\/06\/REUNION-ALCALDE-ADUANAS-2-1.jpeg","_links":{"self":[{"href":"https:\/\/radiorevelacionfm.cl\/index.php?rest_route=\/wp\/v2\/posts\/5507","targetHints":{"allow":["GET"]}}],"collection":[{"href":"https:\/\/radiorevelacionfm.cl\/index.php?rest_route=\/wp\/v2\/posts"}],"about":[{"href":"https:\/\/radiorevelacionfm.cl\/index.php?rest_route=\/wp\/v2\/types\/post"}],"author":[{"embeddable":true,"href":"https:\/\/radiorevelacionfm.cl\/index.php?rest_route=\/wp\/v2\/users\/1"}],"replies":[{"embeddable":true,"href":"https:\/\/radiorevelacionfm.cl\/index.php?rest_route=%2Fwp%2Fv2%2Fcomments&post=5507"}],"version-history":[{"count":1,"href":"https:\/\/radiorevelacionfm.cl\/index.php?rest_route=\/wp\/v2\/posts\/5507\/revisions"}],"predecessor-version":[{"id":5509,"href":"https:\/\/radiorevelacionfm.cl\/index.php?rest_route=\/wp\/v2\/posts\/5507\/revisions\/5509"}],"wp:featuredmedia":[{"embeddable":true,"href":"https:\/\/radiorevelacionfm.cl\/index.php?rest_route=\/wp\/v2\/media\/5508"}],"wp:attachment":[{"href":"https:\/\/radiorevelacionfm.cl\/index.php?rest_route=%2Fwp%2Fv2%2Fmedia&parent=5507"}],"wp:term":[{"taxonomy":"category","embeddable":true,"href":"https:\/\/radiorevelacionfm.cl\/index.php?rest_route=%2Fwp%2Fv2%2Fcategories&post=5507"},{"taxonomy":"post_tag","embeddable":true,"href":"https:\/\/radiorevelacionfm.cl\/index.php?rest_route=%2Fwp%2Fv2%2Ftags&post=5507"}],"curies":[{"name":"wp","href":"https:\/\/api.w.org\/{rel}","templated":true}]}}