{"id":55068,"date":"2025-06-10T18:17:37","date_gmt":"2025-06-10T21:17:37","guid":{"rendered":"https:\/\/radiorevelacionfm.cl\/?p=55068"},"modified":"2025-06-10T18:17:37","modified_gmt":"2025-06-10T21:17:37","slug":"presentan-resultados-de-estudio-para-diversificar-la-matriz-energetica-en-la-region-de-aysen","status":"publish","type":"post","link":"https:\/\/radiorevelacionfm.cl\/?p=55068","title":{"rendered":"Presentan resultados de estudio para diversificar la matriz energ\u00e9tica en la Regi\u00f3n de Ays\u00e9n"},"content":{"rendered":"<div class=\"flex_column av_one_full  flex_column_div av-zero-column-padding first  avia-builder-el-0  el_before_av_one_full  avia-builder-el-first  \" style='border-radius:0px; '><div  class='avia-image-container  av-styling-    avia-builder-el-1  avia-builder-el-no-sibling  avia-align-center '  itemprop=\"image\" itemscope=\"itemscope\" itemtype=\"https:\/\/schema.org\/ImageObject\"  ><div class='avia-image-container-inner'><div class='avia-image-overlay-wrap'><img decoding=\"async\" class='wp-image-55069 avia-img-lazy-loading-not-55069 avia_image' src=\"https:\/\/radiorevelacionfm.cl\/wp-content\/uploads\/2025\/06\/referencia01_unsplash-1-1.jpg\" alt='' title='referencia01_unsplash (1) (1)' height=\"600\" width=\"900\"  itemprop=\"thumbnailUrl\" srcset=\"https:\/\/radiorevelacionfm.cl\/wp-content\/uploads\/2025\/06\/referencia01_unsplash-1-1.jpg 900w, https:\/\/radiorevelacionfm.cl\/wp-content\/uploads\/2025\/06\/referencia01_unsplash-1-1-300x200.jpg 300w, https:\/\/radiorevelacionfm.cl\/wp-content\/uploads\/2025\/06\/referencia01_unsplash-1-1-768x512.jpg 768w, https:\/\/radiorevelacionfm.cl\/wp-content\/uploads\/2025\/06\/referencia01_unsplash-1-1-705x470.jpg 705w, https:\/\/radiorevelacionfm.cl\/wp-content\/uploads\/2025\/06\/referencia01_unsplash-1-1-450x300.jpg 450w, https:\/\/radiorevelacionfm.cl\/wp-content\/uploads\/2025\/06\/referencia01_unsplash-1-1-600x400.jpg 600w\" sizes=\"(max-width: 900px) 100vw, 900px\" \/><\/div><\/div><\/div><\/div><div class=\"flex_column av_one_full  flex_column_div av-zero-column-padding first  avia-builder-el-2  el_after_av_one_full  el_before_av_one_full  column-top-margin\" style='border-radius:0px; '><section class=\"av_textblock_section \"  itemscope=\"itemscope\" itemtype=\"https:\/\/schema.org\/BlogPosting\" itemprop=\"blogPost\" ><div class='avia_textblock  '   itemprop=\"text\" ><p style=\"text-align: center;\"><span style=\"font-size: 18pt;\"><b><span lang=\"es-419\">Presentan resultados de estudio para diversificar la matriz energ\u00e9tica en la Regi\u00f3n de Ays\u00e9n<\/span><\/b><\/span><\/p>\n<div id=\"gtx-trans\" style=\"position: absolute; left: -50px; top: 4.31534px;\">\n<div class=\"gtx-trans-icon\"><\/div>\n<\/div>\n<\/div><\/section><\/div><div class=\"flex_column av_one_full  flex_column_div av-zero-column-padding first  avia-builder-el-4  el_after_av_one_full  el_before_av_hr  column-top-margin\" style='border-radius:0px; '><section class=\"av_textblock_section \"  itemscope=\"itemscope\" itemtype=\"https:\/\/schema.org\/BlogPosting\" itemprop=\"blogPost\" ><div class='avia_textblock  '   itemprop=\"text\" ><p class=\"v1MsoNormal\" style=\"text-align: justify;\"><i><span lang=\"es-419\">El estudio, liderado por DICTUC con apoyo de Corfo y el Ministerio de Energ\u00eda, entrega propuestas concretas para reemplazar el di\u00e9sel por fuentes limpias y adaptadas al territorio.<\/span><\/i><\/p>\n<p class=\"v1MsoNormal\" style=\"text-align: justify;\"><span lang=\"es-419\">\u00bfC\u00f3mo avanzamos hacia una regi\u00f3n menos dependiente del di\u00e9sel y m\u00e1s conectada con las energ\u00edas del futuro? Ese es el eje del seminario donde se presentar\u00e1n los resultados del Estudio de Diversificaci\u00f3n de la Matriz Energ\u00e9tica de Ays\u00e9n, liderado por el DICTUC de la Pontificia Universidad Cat\u00f3lica de Chile junto a Patagonia Sostenible, con apoyo de Corfo y el Ministerio de Energ\u00eda.<\/span><\/p>\n<p class=\"v1MsoNormal\" style=\"text-align: justify;\"><span lang=\"es-419\">La actividad, abierta a la comunidad, se desarrollar\u00e1 a las 09:00 horas en el auditorio de INACAP Coyhaique y contar\u00e1 con la participaci\u00f3n de representantes del Gobierno Regional, Corfo, la SEREMI de Energ\u00eda, el mundo acad\u00e9mico, sector privado y comunidad en general.<\/span><\/p>\n<p class=\"v1MsoNormal\" style=\"text-align: justify;\"><span lang=\"es-419\">Este estudio, financiado por el Gobierno Regional a trav\u00e9s del FNDR y ejecutado a trav\u00e9s de un convenio Corfo, entrega propuestas concretas para reducir la dependencia del di\u00e9sel en sistemas aislados como Melinka, evaluando soluciones energ\u00e9ticas como la solar y e\u00f3lica, incorporando hidr\u00f3geno verde. El an\u00e1lisis consider\u00f3 variables t\u00e9cnicas, regulatorias y log\u00edsticas, proponiendo modelos h\u00edbridos viables para implementar en el corto plazo, con beneficios ambientales, econ\u00f3micos y de seguridad del suministro.<\/span><\/p>\n<p class=\"v1MsoNormal\" style=\"text-align: justify;\"><span lang=\"es-419\">El estudio forma parte de la Iniciativa Emblem\u00e1tica Regional que Corfo impulsa desde 2023, orientada a transformar la matriz energ\u00e9tica de Ays\u00e9n mediante el uso de fuentes renovables como el viento y el agua. Esta estrategia busca no solo reducir la dependencia de combustibles f\u00f3siles, sino tambi\u00e9n promover un desarrollo territorial sostenible y adaptado a las particularidades del entorno. En este contexto, el director regional de Corfo Ays\u00e9n, Humberto Mar\u00edn Leiva, destac\u00f3 que \u00abeste estudio no solo ofrece una mirada t\u00e9cnica, sino tambi\u00e9n una hoja de ruta viable para avanzar hacia una matriz energ\u00e9tica m\u00e1s limpia y resiliente en Ays\u00e9n\u00bb, subrayando adem\u00e1s que se trata de \u00abuna oportunidad concreta de cambiar nuestra forma de generar energ\u00eda, cuidando el medioambiente y fortaleciendo la autonom\u00eda energ\u00e9tica de nuestras comunidades\u00bb.<\/span><\/p>\n<p class=\"v1MsoNormal\" style=\"text-align: justify;\"><span lang=\"es-419\">Por su parte, Tom\u00e1s Laibe S\u00e1ez, seremi de Energ\u00eda de Ays\u00e9n, destac\u00f3 que \u00abEste es un paso clave para cambiar el modelo energ\u00e9tico en Ays\u00e9n. Sustituir el di\u00e9sel por fuentes limpias no solo responde a una urgencia clim\u00e1tica, tambi\u00e9n es una apuesta estrat\u00e9gica por el desarrollo regional, la equidad territorial y la soberan\u00eda energ\u00e9tica\u00bb.<\/span><\/p>\n<p class=\"v1MsoNormal\" style=\"text-align: justify;\"><span lang=\"es-419\">La jornada incluir\u00e1 un panel de conversaci\u00f3n donde se abordar\u00e1n las implicancias pr\u00e1cticas del estudio, desde el dise\u00f1o de pol\u00edticas p\u00fablicas hasta los desaf\u00edos de financiamiento e implementaci\u00f3n local. El espacio buscar\u00e1 articular visiones institucionales para construir una estrategia conjunta que asegure una transici\u00f3n energ\u00e9tica justa, participativa y coherente con la realidad del territorio austral.<\/span><\/p>\n<p class=\"v1MsoNormal\" style=\"text-align: justify;\"><span lang=\"es-419\">La presentaci\u00f3n del estudio se enmarca en el trabajo que est\u00e1 desarrollando el gobierno durante los \u00faltimos a\u00f1os para impulsar el uso de energ\u00edas limpias y adecuadas a las condiciones geogr\u00e1ficas y sociales de Ays\u00e9n. Se espera que los resultados sirvan como insumo t\u00e9cnico clave para futuras inversiones, programas de fomento y normativas energ\u00e9ticas regionales.<\/span><\/p>\n<p class=\"v1MsoNormal\" style=\"text-align: justify;\"><span lang=\"es-419\">Las personas interesadas pueden inscribirse a trav\u00e9s del formulario disponible en el siguiente enlace:\u00a0<\/span><span lang=\"es-419\"><a href=\"https:\/\/forms.gle\/9sLCXn2cCFZTuifk7\" target=\"_blank\" rel=\"noopener noreferrer\">https:\/\/forms.gle\/9sLCXn2cCFZTuifk7<\/a><\/span><span lang=\"es-419\">, o bien escaneando el c\u00f3digo QR que dirige al mismo formulario. Los cupos son limitados.<\/span><\/p>\n<p class=\"v1MsoNormal\" style=\"text-align: justify;\"><span lang=\"es-419\">\u00a0<\/span><\/p>\n<\/div><\/section><\/div><div  style='height:50px' class='hr hr-invisible   avia-builder-el-6  el_after_av_one_full  el_before_av_social_share '><span class='hr-inner ' ><span class='hr-inner-style'><\/span><\/span><\/div><\/p>\n<div  class='av-social-sharing-box  avia-builder-el-7  el_after_av_hr  el_before_av_hr  '><div class='av-share-box'><h5 class='av-share-link-description av-no-toc '>Compartir esta noticia<\/h5><ul class='av-share-box-list noLightbox'><li class='av-share-link av-social-link-facebook' ><a target=\"_blank\" aria-label=\"Compartir en Facebook\" href='https:\/\/www.facebook.com\/sharer.php?u=https:\/\/radiorevelacionfm.cl\/?p=55068&#038;t=Presentan%20resultados%20de%20estudio%20para%20diversificar%20la%20matriz%20energ%C3%A9tica%20en%20la%20Regi%C3%B3n%20de%20Ays%C3%A9n' aria-hidden='false' data-av_icon='\ue8f3' data-av_iconfont='entypo-fontello' title='' data-avia-related-tooltip='Compartir en Facebook' rel=\"noopener\"><span class='avia_hidden_link_text'>Compartir en Facebook<\/span><\/a><\/li><li class='av-share-link av-social-link-twitter' ><a target=\"_blank\" aria-label=\"Compartir en Twitter\" href='https:\/\/twitter.com\/share?text=Presentan%20resultados%20de%20estudio%20para%20diversificar%20la%20matriz%20energ%C3%A9tica%20en%20la%20Regi%C3%B3n%20de%20Ays%C3%A9n&#038;url=https:\/\/radiorevelacionfm.cl\/?p=55068' aria-hidden='false' data-av_icon='\ue8f1' data-av_iconfont='entypo-fontello' title='' data-avia-related-tooltip='Compartir en Twitter' rel=\"noopener\"><span class='avia_hidden_link_text'>Compartir en Twitter<\/span><\/a><\/li><li class='av-share-link av-social-link-whatsapp' ><a target=\"_blank\" aria-label=\"Compartir en Whatsapp\" href='https:\/\/api.whatsapp.com\/send?text=https:\/\/radiorevelacionfm.cl\/?p=55068' aria-hidden='false' data-av_icon='\uf232' data-av_iconfont='entypo-fontello' title='' data-avia-related-tooltip='Compartir en Whatsapp' rel=\"noopener\"><span class='avia_hidden_link_text'>Compartir en Whatsapp<\/span><\/a><\/li><li class='av-share-link av-social-link-linkedin' ><a target=\"_blank\" aria-label=\"Compartir en LinkedIn\" href='https:\/\/linkedin.com\/shareArticle?mini=true&#038;title=Presentan%20resultados%20de%20estudio%20para%20diversificar%20la%20matriz%20energ%C3%A9tica%20en%20la%20Regi%C3%B3n%20de%20Ays%C3%A9n&#038;url=https:\/\/radiorevelacionfm.cl\/?p=55068' aria-hidden='false' data-av_icon='\ue8fc' data-av_iconfont='entypo-fontello' title='' data-avia-related-tooltip='Compartir en LinkedIn' rel=\"noopener\"><span class='avia_hidden_link_text'>Compartir en LinkedIn<\/span><\/a><\/li><li class='av-share-link av-social-link-mail' ><a  aria-label=\"Compartir por correo\" href='mailto:?subject=Presentan%20resultados%20de%20estudio%20para%20diversificar%20la%20matriz%20energ%C3%A9tica%20en%20la%20Regi%C3%B3n%20de%20Ays%C3%A9n&#038;body=https:\/\/radiorevelacionfm.cl\/?p=55068' aria-hidden='false' data-av_icon='\ue805' data-av_iconfont='entypo-fontello' title='' data-avia-related-tooltip='Compartir por correo'><span class='avia_hidden_link_text'>Compartir por correo<\/span><\/a><\/li><\/ul><\/div><\/div>\n<div  style='height:50px' class='hr hr-invisible   avia-builder-el-8  el_after_av_social_share  el_before_av_comments_list '><span class='hr-inner ' ><span class='hr-inner-style'><\/span><\/span><\/div>\n<div  class='av-buildercomment  av-blog-meta-html-info-disabled av-blog-meta-tag-disabled  '><\/div>\n","protected":false},"excerpt":{"rendered":"","protected":false},"author":1,"featured_media":55069,"comment_status":"closed","ping_status":"closed","sticky":false,"template":"","format":"standard","meta":{"footnotes":""},"categories":[38],"tags":[],"class_list":["post-55068","post","type-post","status-publish","format-standard","has-post-thumbnail","hentry","category-regional"],"jetpack_featured_media_url":"https:\/\/radiorevelacionfm.cl\/wp-content\/uploads\/2025\/06\/referencia01_unsplash-1-1.jpg","_links":{"self":[{"href":"https:\/\/radiorevelacionfm.cl\/index.php?rest_route=\/wp\/v2\/posts\/55068","targetHints":{"allow":["GET"]}}],"collection":[{"href":"https:\/\/radiorevelacionfm.cl\/index.php?rest_route=\/wp\/v2\/posts"}],"about":[{"href":"https:\/\/radiorevelacionfm.cl\/index.php?rest_route=\/wp\/v2\/types\/post"}],"author":[{"embeddable":true,"href":"https:\/\/radiorevelacionfm.cl\/index.php?rest_route=\/wp\/v2\/users\/1"}],"replies":[{"embeddable":true,"href":"https:\/\/radiorevelacionfm.cl\/index.php?rest_route=%2Fwp%2Fv2%2Fcomments&post=55068"}],"version-history":[{"count":2,"href":"https:\/\/radiorevelacionfm.cl\/index.php?rest_route=\/wp\/v2\/posts\/55068\/revisions"}],"predecessor-version":[{"id":55084,"href":"https:\/\/radiorevelacionfm.cl\/index.php?rest_route=\/wp\/v2\/posts\/55068\/revisions\/55084"}],"wp:featuredmedia":[{"embeddable":true,"href":"https:\/\/radiorevelacionfm.cl\/index.php?rest_route=\/wp\/v2\/media\/55069"}],"wp:attachment":[{"href":"https:\/\/radiorevelacionfm.cl\/index.php?rest_route=%2Fwp%2Fv2%2Fmedia&parent=55068"}],"wp:term":[{"taxonomy":"category","embeddable":true,"href":"https:\/\/radiorevelacionfm.cl\/index.php?rest_route=%2Fwp%2Fv2%2Fcategories&post=55068"},{"taxonomy":"post_tag","embeddable":true,"href":"https:\/\/radiorevelacionfm.cl\/index.php?rest_route=%2Fwp%2Fv2%2Ftags&post=55068"}],"curies":[{"name":"wp","href":"https:\/\/api.w.org\/{rel}","templated":true}]}}