{"id":55065,"date":"2025-06-10T17:49:53","date_gmt":"2025-06-10T20:49:53","guid":{"rendered":"https:\/\/radiorevelacionfm.cl\/?p=55065"},"modified":"2025-06-10T17:49:53","modified_gmt":"2025-06-10T20:49:53","slug":"concejal-vera-el-estado-ha-abandonado-a-coyhaique-y-la-municipalidad-debe-asumir-el-liderazgo-frente-a-la-contaminacion","status":"publish","type":"post","link":"https:\/\/radiorevelacionfm.cl\/?p=55065","title":{"rendered":"Concejal Vera: \u00abEl Estado ha abandonado a Coyhaique y la Municipalidad debe asumir el liderazgo frente a la contaminaci\u00f3n\u00bb"},"content":{"rendered":"<div class=\"flex_column av_one_full  flex_column_div av-zero-column-padding first  avia-builder-el-0  el_before_av_one_full  avia-builder-el-first  \" style='border-radius:0px; '><div  class='avia-image-container  av-styling-    avia-builder-el-1  avia-builder-el-no-sibling  avia-align-center '  itemprop=\"image\" itemscope=\"itemscope\" itemtype=\"https:\/\/schema.org\/ImageObject\"  ><div class='avia-image-container-inner'><div class='avia-image-overlay-wrap'><img decoding=\"async\" class='wp-image-55066 avia-img-lazy-loading-not-55066 avia_image' src=\"https:\/\/radiorevelacionfm.cl\/wp-content\/uploads\/2025\/06\/002-4-1-1.jpeg\" alt='' title='002 (4) (1) (1)' height=\"600\" width=\"1067\"  itemprop=\"thumbnailUrl\" srcset=\"https:\/\/radiorevelacionfm.cl\/wp-content\/uploads\/2025\/06\/002-4-1-1.jpeg 1067w, https:\/\/radiorevelacionfm.cl\/wp-content\/uploads\/2025\/06\/002-4-1-1-300x169.jpeg 300w, https:\/\/radiorevelacionfm.cl\/wp-content\/uploads\/2025\/06\/002-4-1-1-1030x579.jpeg 1030w, https:\/\/radiorevelacionfm.cl\/wp-content\/uploads\/2025\/06\/002-4-1-1-768x432.jpeg 768w, https:\/\/radiorevelacionfm.cl\/wp-content\/uploads\/2025\/06\/002-4-1-1-705x396.jpeg 705w, https:\/\/radiorevelacionfm.cl\/wp-content\/uploads\/2025\/06\/002-4-1-1-450x253.jpeg 450w, https:\/\/radiorevelacionfm.cl\/wp-content\/uploads\/2025\/06\/002-4-1-1-600x337.jpeg 600w\" sizes=\"(max-width: 1067px) 100vw, 1067px\" \/><\/div><\/div><\/div><\/div><div class=\"flex_column av_one_full  flex_column_div av-zero-column-padding first  avia-builder-el-2  el_after_av_one_full  el_before_av_one_full  column-top-margin\" style='border-radius:0px; '><section class=\"av_textblock_section \"  itemscope=\"itemscope\" itemtype=\"https:\/\/schema.org\/BlogPosting\" itemprop=\"blogPost\" ><div class='avia_textblock  '   itemprop=\"text\" ><p style=\"text-align: center;\"><span style=\"font-size: 18pt;\"><strong>Concejal Vera: \u00abEl Estado ha abandonado a Coyhaique y la Municipalidad debe asumir el liderazgo frente a la contaminaci\u00f3n\u00bb<\/strong><\/span><\/p>\n<div id=\"gtx-trans\" style=\"position: absolute; left: -50px; top: 4.31534px;\">\n<div class=\"gtx-trans-icon\"><\/div>\n<\/div>\n<\/div><\/section><\/div><div class=\"flex_column av_one_full  flex_column_div av-zero-column-padding first  avia-builder-el-4  el_after_av_one_full  el_before_av_hr  column-top-margin\" style='border-radius:0px; '><section class=\"av_textblock_section \"  itemscope=\"itemscope\" itemtype=\"https:\/\/schema.org\/BlogPosting\" itemprop=\"blogPost\" ><div class='avia_textblock  '   itemprop=\"text\" ><p dir=\"ltr\" style=\"text-align: justify;\">Coyhaique enfrenta cada invierno una grave crisis ambiental que sigue sin respuesta efectiva del Estado. A pesar de contar desde 2016 con un Plan de Descontaminaci\u00f3n Atmosf\u00e9rica (PDA), este se encuentra desactualizado e ineficaz frente a la cr\u00edtica situaci\u00f3n sanitaria que viven sus habitantes.<\/p>\n<p dir=\"ltr\" style=\"text-align: justify;\">El concejal Sebasti\u00e1n Vera Ojeda ingres\u00f3 un oficio al alcalde Carlos Gatica Villegas proponiendo la creaci\u00f3n de una mesa t\u00e9cnica interinstitucional que revise y actualice el PDA con un enfoque territorial, participativo y eficaz. \u00abTenemos un plan vigente desde hace casi una d\u00e9cada que no responde a las condiciones reales de nuestra ciudad, y mientras tanto, la salud de la poblaci\u00f3n se sigue deteriorando con cada invierno\u00bb, denunci\u00f3 Vera.<\/p>\n<p dir=\"ltr\" style=\"text-align: justify;\">Coyhaique ha sido catalogada repetidamente como una de las ciudades m\u00e1s contaminadas de Am\u00e9rica Latina. El uso de le\u00f1a como principal fuente de calefacci\u00f3n genera m\u00e1s del 99% del material particulado fino (PM2.5) en la comuna. Aunque existen programas de recambio de calefactores y subsidios energ\u00e9ticos, estos han sido insuficientes, desiguales y mal adaptados a la realidad local.<\/p>\n<p dir=\"ltr\" style=\"text-align: justify;\">Vera acusa al Gobierno de mantener una \u00abgrave desconexi\u00f3n con la realidad regional\u00bb y de incumplir su deber constitucional de garantizar un medio ambiente libre de contaminaci\u00f3n. \u00abEsto ya no es solo un problema ambiental, es una emergencia de salud p\u00fablica que se ha naturalizado con total indiferencia por parte del Estado\u00bb, sostuvo.<\/p>\n<p dir=\"ltr\" style=\"text-align: justify;\">Ante este abandono, el edil propone que sea la Municipalidad quien asuma un rol protag\u00f3nico, liderando una mesa t\u00e9cnica compuesta por autoridades locales, organizaciones sociales, expertos y representantes de la comunidad. La instancia deber\u00e1 actualizar el diagn\u00f3stico, revisar estrategias, proponer medidas adaptadas al territorio y establecer mecanismos de fiscalizaci\u00f3n y participaci\u00f3n ciudadana.<\/p>\n<p dir=\"ltr\" style=\"text-align: justify;\">\u00abNo podemos seguir esperando soluciones desde Santiago. Si el Estado no act\u00faa, debe hacerlo el municipio. Y debe hacerlo ahora\u00bb, concluy\u00f3 Vera. Su llamado busca poner fin a a\u00f1os de pasividad institucional y recuperar el derecho de Coyhaique a vivir en un ambiente sano.<\/p>\n<\/div><\/section><\/div><div  style='height:50px' class='hr hr-invisible   avia-builder-el-6  el_after_av_one_full  el_before_av_social_share '><span class='hr-inner ' ><span class='hr-inner-style'><\/span><\/span><\/div><\/p>\n<div  class='av-social-sharing-box  avia-builder-el-7  el_after_av_hr  el_before_av_hr  '><div class='av-share-box'><h5 class='av-share-link-description av-no-toc '>Compartir esta noticia<\/h5><ul class='av-share-box-list noLightbox'><li class='av-share-link av-social-link-facebook' ><a target=\"_blank\" aria-label=\"Compartir en Facebook\" href='https:\/\/www.facebook.com\/sharer.php?u=https:\/\/radiorevelacionfm.cl\/?p=55065&#038;t=Concejal%20Vera%3A%20%C2%ABEl%20Estado%20ha%20abandonado%20a%20Coyhaique%20y%20la%20Municipalidad%20debe%20asumir%20el%20liderazgo%20frente%20a%20la%20contaminaci%C3%B3n%C2%BB' aria-hidden='false' data-av_icon='\ue8f3' data-av_iconfont='entypo-fontello' title='' data-avia-related-tooltip='Compartir en Facebook' rel=\"noopener\"><span class='avia_hidden_link_text'>Compartir en Facebook<\/span><\/a><\/li><li class='av-share-link av-social-link-twitter' ><a target=\"_blank\" aria-label=\"Compartir en Twitter\" href='https:\/\/twitter.com\/share?text=Concejal%20Vera%3A%20%C2%ABEl%20Estado%20ha%20abandonado%20a%20Coyhaique%20y%20la%20Municipalidad%20debe%20asumir%20el%20liderazgo%20frente%20a%20la%20contaminaci%C3%B3n%C2%BB&#038;url=https:\/\/radiorevelacionfm.cl\/?p=55065' aria-hidden='false' data-av_icon='\ue8f1' data-av_iconfont='entypo-fontello' title='' data-avia-related-tooltip='Compartir en Twitter' rel=\"noopener\"><span class='avia_hidden_link_text'>Compartir en Twitter<\/span><\/a><\/li><li class='av-share-link av-social-link-whatsapp' ><a target=\"_blank\" aria-label=\"Compartir en Whatsapp\" href='https:\/\/api.whatsapp.com\/send?text=https:\/\/radiorevelacionfm.cl\/?p=55065' aria-hidden='false' data-av_icon='\uf232' data-av_iconfont='entypo-fontello' title='' data-avia-related-tooltip='Compartir en Whatsapp' rel=\"noopener\"><span class='avia_hidden_link_text'>Compartir en Whatsapp<\/span><\/a><\/li><li class='av-share-link av-social-link-linkedin' ><a target=\"_blank\" aria-label=\"Compartir en LinkedIn\" href='https:\/\/linkedin.com\/shareArticle?mini=true&#038;title=Concejal%20Vera%3A%20%C2%ABEl%20Estado%20ha%20abandonado%20a%20Coyhaique%20y%20la%20Municipalidad%20debe%20asumir%20el%20liderazgo%20frente%20a%20la%20contaminaci%C3%B3n%C2%BB&#038;url=https:\/\/radiorevelacionfm.cl\/?p=55065' aria-hidden='false' data-av_icon='\ue8fc' data-av_iconfont='entypo-fontello' title='' data-avia-related-tooltip='Compartir en LinkedIn' rel=\"noopener\"><span class='avia_hidden_link_text'>Compartir en LinkedIn<\/span><\/a><\/li><li class='av-share-link av-social-link-mail' ><a  aria-label=\"Compartir por correo\" href='mailto:?subject=Concejal%20Vera%3A%20%C2%ABEl%20Estado%20ha%20abandonado%20a%20Coyhaique%20y%20la%20Municipalidad%20debe%20asumir%20el%20liderazgo%20frente%20a%20la%20contaminaci%C3%B3n%C2%BB&#038;body=https:\/\/radiorevelacionfm.cl\/?p=55065' aria-hidden='false' data-av_icon='\ue805' data-av_iconfont='entypo-fontello' title='' data-avia-related-tooltip='Compartir por correo'><span class='avia_hidden_link_text'>Compartir por correo<\/span><\/a><\/li><\/ul><\/div><\/div>\n<div  style='height:50px' class='hr hr-invisible   avia-builder-el-8  el_after_av_social_share  el_before_av_comments_list '><span class='hr-inner ' ><span class='hr-inner-style'><\/span><\/span><\/div>\n<div  class='av-buildercomment  av-blog-meta-html-info-disabled av-blog-meta-tag-disabled  '><\/div>\n","protected":false},"excerpt":{"rendered":"","protected":false},"author":1,"featured_media":55066,"comment_status":"closed","ping_status":"closed","sticky":false,"template":"","format":"standard","meta":{"footnotes":""},"categories":[39],"tags":[],"class_list":["post-55065","post","type-post","status-publish","format-standard","has-post-thumbnail","hentry","category-medio-ambiente"],"jetpack_featured_media_url":"https:\/\/radiorevelacionfm.cl\/wp-content\/uploads\/2025\/06\/002-4-1-1.jpeg","_links":{"self":[{"href":"https:\/\/radiorevelacionfm.cl\/index.php?rest_route=\/wp\/v2\/posts\/55065","targetHints":{"allow":["GET"]}}],"collection":[{"href":"https:\/\/radiorevelacionfm.cl\/index.php?rest_route=\/wp\/v2\/posts"}],"about":[{"href":"https:\/\/radiorevelacionfm.cl\/index.php?rest_route=\/wp\/v2\/types\/post"}],"author":[{"embeddable":true,"href":"https:\/\/radiorevelacionfm.cl\/index.php?rest_route=\/wp\/v2\/users\/1"}],"replies":[{"embeddable":true,"href":"https:\/\/radiorevelacionfm.cl\/index.php?rest_route=%2Fwp%2Fv2%2Fcomments&post=55065"}],"version-history":[{"count":2,"href":"https:\/\/radiorevelacionfm.cl\/index.php?rest_route=\/wp\/v2\/posts\/55065\/revisions"}],"predecessor-version":[{"id":55074,"href":"https:\/\/radiorevelacionfm.cl\/index.php?rest_route=\/wp\/v2\/posts\/55065\/revisions\/55074"}],"wp:featuredmedia":[{"embeddable":true,"href":"https:\/\/radiorevelacionfm.cl\/index.php?rest_route=\/wp\/v2\/media\/55066"}],"wp:attachment":[{"href":"https:\/\/radiorevelacionfm.cl\/index.php?rest_route=%2Fwp%2Fv2%2Fmedia&parent=55065"}],"wp:term":[{"taxonomy":"category","embeddable":true,"href":"https:\/\/radiorevelacionfm.cl\/index.php?rest_route=%2Fwp%2Fv2%2Fcategories&post=55065"},{"taxonomy":"post_tag","embeddable":true,"href":"https:\/\/radiorevelacionfm.cl\/index.php?rest_route=%2Fwp%2Fv2%2Ftags&post=55065"}],"curies":[{"name":"wp","href":"https:\/\/api.w.org\/{rel}","templated":true}]}}