{"id":55062,"date":"2025-06-10T17:19:06","date_gmt":"2025-06-10T20:19:06","guid":{"rendered":"https:\/\/radiorevelacionfm.cl\/?p=55062"},"modified":"2025-06-10T17:19:06","modified_gmt":"2025-06-10T20:19:06","slug":"gobernador-regional-de-aysen-un-impuesto-a-los-camioneros-chilenos-que-pasan-por-argentina-danaria-gravemente-la-economia-regional","status":"publish","type":"post","link":"https:\/\/radiorevelacionfm.cl\/?p=55062","title":{"rendered":"Gobernador Regional de Ays\u00e9n: \u201cUn impuesto a los camioneros chilenos que pasan por Argentina da\u00f1ar\u00eda gravemente la econom\u00eda regional\u201d"},"content":{"rendered":"<div class=\"flex_column av_one_full  flex_column_div av-zero-column-padding first  avia-builder-el-0  el_before_av_one_full  avia-builder-el-first  \" style='border-radius:0px; '><div  class='avia-image-container  av-styling-    avia-builder-el-1  avia-builder-el-no-sibling  avia-align-center '  itemprop=\"image\" itemscope=\"itemscope\" itemtype=\"https:\/\/schema.org\/ImageObject\"  ><div class='avia-image-container-inner'><div class='avia-image-overlay-wrap'><img decoding=\"async\" class='wp-image-50479 avia-img-lazy-loading-not-50479 avia_image' src=\"https:\/\/radiorevelacionfm.cl\/wp-content\/uploads\/2025\/02\/Gobernador-Regional-Marcelo-Santana-1-1.jpeg\" alt='' title='Gobernador Regional Marcelo Santana (1) (1)' height=\"600\" width=\"898\"  itemprop=\"thumbnailUrl\" srcset=\"https:\/\/radiorevelacionfm.cl\/wp-content\/uploads\/2025\/02\/Gobernador-Regional-Marcelo-Santana-1-1.jpeg 898w, https:\/\/radiorevelacionfm.cl\/wp-content\/uploads\/2025\/02\/Gobernador-Regional-Marcelo-Santana-1-1-300x200.jpeg 300w, https:\/\/radiorevelacionfm.cl\/wp-content\/uploads\/2025\/02\/Gobernador-Regional-Marcelo-Santana-1-1-768x513.jpeg 768w, https:\/\/radiorevelacionfm.cl\/wp-content\/uploads\/2025\/02\/Gobernador-Regional-Marcelo-Santana-1-1-705x471.jpeg 705w, https:\/\/radiorevelacionfm.cl\/wp-content\/uploads\/2025\/02\/Gobernador-Regional-Marcelo-Santana-1-1-450x301.jpeg 450w, https:\/\/radiorevelacionfm.cl\/wp-content\/uploads\/2025\/02\/Gobernador-Regional-Marcelo-Santana-1-1-600x401.jpeg 600w\" sizes=\"(max-width: 898px) 100vw, 898px\" \/><\/div><\/div><\/div><\/div><div class=\"flex_column av_one_full  flex_column_div av-zero-column-padding first  avia-builder-el-2  el_after_av_one_full  el_before_av_one_full  column-top-margin\" style='border-radius:0px; '><section class=\"av_textblock_section \"  itemscope=\"itemscope\" itemtype=\"https:\/\/schema.org\/BlogPosting\" itemprop=\"blogPost\" ><div class='avia_textblock  '   itemprop=\"text\" ><p style=\"text-align: center;\"><strong><span style=\"font-size: 18pt;\">Gobernador Regional de Ays\u00e9n:\u00a0\u201cUn impuesto a los camioneros chilenos que pasan por Argentina da\u00f1ar\u00eda gravemente la econom\u00eda regional\u201d<\/span><\/strong><\/p>\n<div id=\"gtx-trans\" style=\"position: absolute; left: -50px; top: 4.31534px;\">\n<div class=\"gtx-trans-icon\"><\/div>\n<\/div>\n<\/div><\/section><\/div><div class=\"flex_column av_one_full  flex_column_div av-zero-column-padding first  avia-builder-el-4  el_after_av_one_full  el_before_av_hr  column-top-margin\" style='border-radius:0px; '><section class=\"av_textblock_section \"  itemscope=\"itemscope\" itemtype=\"https:\/\/schema.org\/BlogPosting\" itemprop=\"blogPost\" ><div class='avia_textblock  '   itemprop=\"text\" ><p style=\"text-align: justify;\"><em>Un impuesto a los camiones chilenos para reparar la Ruta 40 fue el anuncio del gobernador de la provincia de Chubut en Argentina, Ignacio Torres, y que gener\u00f3 una serie de reacciones entre las autoridades locales y gremios de transportistas de la Regi\u00f3n de Ays\u00e9n y Magallanes.<\/em><\/p>\n<p style=\"text-align: justify;\">El gobernador regional de Ays\u00e9n, Marcelo Santana, evalu\u00f3 con preocupaci\u00f3n estas declaraciones: \u201cSi bien hay tratados bilaterales en este aspecto entre Argentina y Chile, vemos con preocupaci\u00f3n este tipo de anuncios por parte de las autoridades argentinas. Aplicar impuestos a los transportistas implicar\u00eda no s\u00f3lo un mayor costo para ellos, sino que tambi\u00e9n para las familias de Ays\u00e9n y todos los habitantes de la zona macro zona sur del pa\u00eds, quienes son finalmente los destinatarios de los alimentos, de la bencina y materiales de construcci\u00f3n, entre tantos otros bienes, que transportan los camiones desde el norte del pa\u00eds hasta nuestra regi\u00f3n\u201d.<\/p>\n<p style=\"text-align: justify;\">Santana tambi\u00e9n se\u00f1al\u00f3 que esta situaci\u00f3n evidencia la urgencia de avanzar en la conectividad del sur del pa\u00eds: \u201cDesde que asumimos como Gobierno Regional, a principios de a\u00f1o, una de nuestras prioridades ha sido la conectividad tanto dentro de la Regi\u00f3n de Ays\u00e9n como con el resto de Chile, por eso estamos impulsando de forma importante la pavimentaci\u00f3n de la Carretera Austral\u201d.<\/p>\n<p style=\"text-align: justify;\">\u201cEn virtud de estas declaraciones de aplicar impuestos a los camioneros chilenos, insistimos al Ministerio de Obras P\u00fablicas (MOP) a que se avance en una estrategia clara que permita avanzar en el programa <strong>Chile por Chile<\/strong>, una iniciativa que presentamos en conjunto con los gobernadores de Los Lagos y de Magallanes a principios de a\u00f1o para potenciar la conectividad de la macro zona sur\u201d, agreg\u00f3.<\/p>\n<p style=\"text-align: justify;\">El alcalde de Punta Arenas, Claudio Radonich, tambi\u00e9n reiter\u00f3 la necesidad de avanzar en conectividad: \u201cEs que la ruta, la llamada ruta 7, que es la Carretera Austral, no es un tema solamente de Ays\u00e9n, no es un tema de Cochrane, sino tambi\u00e9n de Magallanes, de conectar Chile, de tener ocupaci\u00f3n real de los territorios, de tener independencia y autonom\u00eda de lo que es la provisi\u00f3n tanto de alimentos como de materiales de construcci\u00f3n. Hoy el 80% de la carga que llega a Magallanes llega por v\u00eda terrestre. Estamos hablando y se calculan cerca de 130 mil camiones al a\u00f1o que cruzan, hasta Puerto Natales en un 30%, y el resto hasta Punta Arenas. Son cantidades muy importantes\u201d.<\/p>\n<p style=\"text-align: justify;\">En este sentido, uno de los sectores afectados por el eventual impuesto es el gremio de transportistas. El presidente de la Asociaci\u00f3n Gremial de Camioneros de Ays\u00e9n y Puerto Chacabuco, Conrado Redlich, desminti\u00f3 al gobernador de Chubut, explicando que no es verdad que los transportistas chilenos sean responsables del desgaste de la Ruta 40: \u201cA nosotros nos pesan al entrar y salir de Argentina\u201d. Nosotros cumplimos con los est\u00e1ndares europeos de carga y no sobrepasamos los 45 mil kilos. La normativa argentina, en cambio, permite hasta 52 mil kilos y son los mismos argentinos que muchas veces llegan hasta cargas de 60 mil kilos.<\/p>\n<p style=\"text-align: justify;\">Redlich tambi\u00e9n inform\u00f3 que se est\u00e1n iniciando conversaciones con diversos actores para determinar si son necesarias acciones adicionales: \u201cEsta es una declaraci\u00f3n pol\u00edtica, pero produce molestias entre los transportistas de Ays\u00e9n y Magallanes\u201d.<\/p>\n<p style=\"text-align: justify;\">El gobernador Santana afirm\u00f3 que espera contar con la oportunidad de plantear al gobernador de Chubut, Ignacio Torres, el impacto que tendr\u00eda una medida de este tipo para la econom\u00eda de la regi\u00f3n y as\u00ed avanzar en soluciones que atiendan las necesidades tanto de Chile como del pa\u00eds vecino.<\/p>\n<p style=\"text-align: justify;\">\u00abChile por Chile\u00bb es una propuesta que realizaron a comienzos de 2025 el gobernador regional, Marcelo Santana, en conjunto con el gobernador de Los Lagos, Alejandro Santana; y el gobernador de Magallanes, Jorge Mauricio Flies. Esta propuesta, que fue ingresada al MOP, tiene como objetivo mejorar la conectividad terrestre y mar\u00edtima de la macrozona sur austral y unir las regiones de manera m\u00e1s eficiente, evitando la necesidad de transitar por territorio argentino.<\/p>\n<\/div><\/section><\/div><div  style='height:50px' class='hr hr-invisible   avia-builder-el-6  el_after_av_one_full  el_before_av_social_share '><span class='hr-inner ' ><span class='hr-inner-style'><\/span><\/span><\/div><\/p>\n<div  class='av-social-sharing-box  avia-builder-el-7  el_after_av_hr  el_before_av_hr  '><div class='av-share-box'><h5 class='av-share-link-description av-no-toc '>Compartir esta noticia<\/h5><ul class='av-share-box-list noLightbox'><li class='av-share-link av-social-link-facebook' ><a target=\"_blank\" aria-label=\"Compartir en Facebook\" href='https:\/\/www.facebook.com\/sharer.php?u=https:\/\/radiorevelacionfm.cl\/?p=55062&#038;t=Gobernador%20Regional%20de%20Ays%C3%A9n%3A%20%E2%80%9CUn%20impuesto%20a%20los%20camioneros%20chilenos%20que%20pasan%20por%20Argentina%20da%C3%B1ar%C3%ADa%20gravemente%20la%20econom%C3%ADa%20regional%E2%80%9D' aria-hidden='false' data-av_icon='\ue8f3' data-av_iconfont='entypo-fontello' title='' data-avia-related-tooltip='Compartir en Facebook' rel=\"noopener\"><span class='avia_hidden_link_text'>Compartir en Facebook<\/span><\/a><\/li><li class='av-share-link av-social-link-twitter' ><a target=\"_blank\" aria-label=\"Compartir en Twitter\" href='https:\/\/twitter.com\/share?text=Gobernador%20Regional%20de%20Ays%C3%A9n%3A%20%E2%80%9CUn%20impuesto%20a%20los%20camioneros%20chilenos%20que%20pasan%20por%20Argentina%20da%C3%B1ar%C3%ADa%20gravemente%20la%20econom%C3%ADa%20regional%E2%80%9D&#038;url=https:\/\/radiorevelacionfm.cl\/?p=55062' aria-hidden='false' data-av_icon='\ue8f1' data-av_iconfont='entypo-fontello' title='' data-avia-related-tooltip='Compartir en Twitter' rel=\"noopener\"><span class='avia_hidden_link_text'>Compartir en Twitter<\/span><\/a><\/li><li class='av-share-link av-social-link-whatsapp' ><a target=\"_blank\" aria-label=\"Compartir en Whatsapp\" href='https:\/\/api.whatsapp.com\/send?text=https:\/\/radiorevelacionfm.cl\/?p=55062' aria-hidden='false' data-av_icon='\uf232' data-av_iconfont='entypo-fontello' title='' data-avia-related-tooltip='Compartir en Whatsapp' rel=\"noopener\"><span class='avia_hidden_link_text'>Compartir en Whatsapp<\/span><\/a><\/li><li class='av-share-link av-social-link-linkedin' ><a target=\"_blank\" aria-label=\"Compartir en LinkedIn\" href='https:\/\/linkedin.com\/shareArticle?mini=true&#038;title=Gobernador%20Regional%20de%20Ays%C3%A9n%3A%20%E2%80%9CUn%20impuesto%20a%20los%20camioneros%20chilenos%20que%20pasan%20por%20Argentina%20da%C3%B1ar%C3%ADa%20gravemente%20la%20econom%C3%ADa%20regional%E2%80%9D&#038;url=https:\/\/radiorevelacionfm.cl\/?p=55062' aria-hidden='false' data-av_icon='\ue8fc' data-av_iconfont='entypo-fontello' title='' data-avia-related-tooltip='Compartir en LinkedIn' rel=\"noopener\"><span class='avia_hidden_link_text'>Compartir en LinkedIn<\/span><\/a><\/li><li class='av-share-link av-social-link-mail' ><a  aria-label=\"Compartir por correo\" href='mailto:?subject=Gobernador%20Regional%20de%20Ays%C3%A9n%3A%20%E2%80%9CUn%20impuesto%20a%20los%20camioneros%20chilenos%20que%20pasan%20por%20Argentina%20da%C3%B1ar%C3%ADa%20gravemente%20la%20econom%C3%ADa%20regional%E2%80%9D&#038;body=https:\/\/radiorevelacionfm.cl\/?p=55062' aria-hidden='false' data-av_icon='\ue805' data-av_iconfont='entypo-fontello' title='' data-avia-related-tooltip='Compartir por correo'><span class='avia_hidden_link_text'>Compartir por correo<\/span><\/a><\/li><\/ul><\/div><\/div>\n<div  style='height:50px' class='hr hr-invisible   avia-builder-el-8  el_after_av_social_share  el_before_av_comments_list '><span class='hr-inner ' ><span class='hr-inner-style'><\/span><\/span><\/div>\n<div  class='av-buildercomment  av-blog-meta-html-info-disabled av-blog-meta-tag-disabled  '><\/div>\n","protected":false},"excerpt":{"rendered":"","protected":false},"author":1,"featured_media":50479,"comment_status":"closed","ping_status":"closed","sticky":false,"template":"","format":"standard","meta":{"footnotes":""},"categories":[37,38],"tags":[],"class_list":["post-55062","post","type-post","status-publish","format-standard","has-post-thumbnail","hentry","category-economia","category-regional"],"jetpack_featured_media_url":"https:\/\/radiorevelacionfm.cl\/wp-content\/uploads\/2025\/02\/Gobernador-Regional-Marcelo-Santana-1-1.jpeg","_links":{"self":[{"href":"https:\/\/radiorevelacionfm.cl\/index.php?rest_route=\/wp\/v2\/posts\/55062","targetHints":{"allow":["GET"]}}],"collection":[{"href":"https:\/\/radiorevelacionfm.cl\/index.php?rest_route=\/wp\/v2\/posts"}],"about":[{"href":"https:\/\/radiorevelacionfm.cl\/index.php?rest_route=\/wp\/v2\/types\/post"}],"author":[{"embeddable":true,"href":"https:\/\/radiorevelacionfm.cl\/index.php?rest_route=\/wp\/v2\/users\/1"}],"replies":[{"embeddable":true,"href":"https:\/\/radiorevelacionfm.cl\/index.php?rest_route=%2Fwp%2Fv2%2Fcomments&post=55062"}],"version-history":[{"count":2,"href":"https:\/\/radiorevelacionfm.cl\/index.php?rest_route=\/wp\/v2\/posts\/55062\/revisions"}],"predecessor-version":[{"id":55064,"href":"https:\/\/radiorevelacionfm.cl\/index.php?rest_route=\/wp\/v2\/posts\/55062\/revisions\/55064"}],"wp:featuredmedia":[{"embeddable":true,"href":"https:\/\/radiorevelacionfm.cl\/index.php?rest_route=\/wp\/v2\/media\/50479"}],"wp:attachment":[{"href":"https:\/\/radiorevelacionfm.cl\/index.php?rest_route=%2Fwp%2Fv2%2Fmedia&parent=55062"}],"wp:term":[{"taxonomy":"category","embeddable":true,"href":"https:\/\/radiorevelacionfm.cl\/index.php?rest_route=%2Fwp%2Fv2%2Fcategories&post=55062"},{"taxonomy":"post_tag","embeddable":true,"href":"https:\/\/radiorevelacionfm.cl\/index.php?rest_route=%2Fwp%2Fv2%2Ftags&post=55062"}],"curies":[{"name":"wp","href":"https:\/\/api.w.org\/{rel}","templated":true}]}}