{"id":55057,"date":"2025-06-10T16:10:03","date_gmt":"2025-06-10T19:10:03","guid":{"rendered":"https:\/\/radiorevelacionfm.cl\/?p=55057"},"modified":"2025-06-10T16:10:03","modified_gmt":"2025-06-10T19:10:03","slug":"sercotec-lanza-en-manihuales-programa-de-fortalecimiento-de-barrios-comerciales","status":"publish","type":"post","link":"https:\/\/radiorevelacionfm.cl\/?p=55057","title":{"rendered":"Sercotec lanza en Ma\u00f1ihuales Programa de Fortalecimiento de Barrios Comerciales"},"content":{"rendered":"<div class=\"flex_column av_one_full  flex_column_div av-zero-column-padding first  avia-builder-el-0  el_before_av_one_full  avia-builder-el-first  \" style='border-radius:0px; '><div  class='avia-image-container  av-styling-    avia-builder-el-1  avia-builder-el-no-sibling  avia-align-center '  itemprop=\"image\" itemscope=\"itemscope\" itemtype=\"https:\/\/schema.org\/ImageObject\"  ><div class='avia-image-container-inner'><div class='avia-image-overlay-wrap'><img decoding=\"async\" class='wp-image-55058 avia-img-lazy-loading-not-55058 avia_image' src=\"https:\/\/radiorevelacionfm.cl\/wp-content\/uploads\/2025\/06\/sercotec-1_optimized.jpg\" alt='' title='sercotec-(1)_optimized' height=\"600\" width=\"1070\"  itemprop=\"thumbnailUrl\" srcset=\"https:\/\/radiorevelacionfm.cl\/wp-content\/uploads\/2025\/06\/sercotec-1_optimized.jpg 1070w, https:\/\/radiorevelacionfm.cl\/wp-content\/uploads\/2025\/06\/sercotec-1_optimized-300x168.jpg 300w, https:\/\/radiorevelacionfm.cl\/wp-content\/uploads\/2025\/06\/sercotec-1_optimized-1030x578.jpg 1030w, https:\/\/radiorevelacionfm.cl\/wp-content\/uploads\/2025\/06\/sercotec-1_optimized-768x431.jpg 768w, https:\/\/radiorevelacionfm.cl\/wp-content\/uploads\/2025\/06\/sercotec-1_optimized-705x395.jpg 705w, https:\/\/radiorevelacionfm.cl\/wp-content\/uploads\/2025\/06\/sercotec-1_optimized-450x252.jpg 450w, https:\/\/radiorevelacionfm.cl\/wp-content\/uploads\/2025\/06\/sercotec-1_optimized-600x336.jpg 600w\" sizes=\"(max-width: 1070px) 100vw, 1070px\" \/><\/div><\/div><\/div><\/div><div class=\"flex_column av_one_full  flex_column_div av-zero-column-padding first  avia-builder-el-2  el_after_av_one_full  el_before_av_one_full  column-top-margin\" style='border-radius:0px; '><section class=\"av_textblock_section \"  itemscope=\"itemscope\" itemtype=\"https:\/\/schema.org\/BlogPosting\" itemprop=\"blogPost\" ><div class='avia_textblock  '   itemprop=\"text\" ><p style=\"text-align: center;\"><strong><span style=\"font-size: 18pt;\">Sercotec lanza en Ma\u00f1ihuales Programa de Fortalecimiento de Barrios Comerciales<\/span><\/strong><\/p>\n<div id=\"gtx-trans\" style=\"position: absolute; left: -50px; top: 4.31534px;\">\n<div class=\"gtx-trans-icon\"><\/div>\n<\/div>\n<\/div><\/section><\/div><div class=\"flex_column av_one_full  flex_column_div av-zero-column-padding first  avia-builder-el-4  el_after_av_one_full  el_before_av_hr  column-top-margin\" style='border-radius:0px; '><section class=\"av_textblock_section \"  itemscope=\"itemscope\" itemtype=\"https:\/\/schema.org\/BlogPosting\" itemprop=\"blogPost\" ><div class='avia_textblock  '   itemprop=\"text\" ><p style=\"text-align: justify;\"><em>La iniciativa otorga financiamiento y apoyo t\u00e9cnico durante tres a\u00f1os para que barrios comerciales realicen inversiones que mejoren su oferta comercial y entorno urbano, potenciando \u00e1reas como la seguridad, infraestructura y su identidad. Se puede postular hasta el 3 de julio.<\/em><\/p>\n<p style=\"text-align: justify;\">Sercotec, anunci\u00f3 la apertura de una nueva convocatoria al programa Fortalecimiento de Barrios Comerciales, iniciativa que a trav\u00e9s de la colaboraci\u00f3n busca que las pymes que conforman los barrios comerciales del pa\u00eds puedan aumentar su competitividad y mejorar el entorno urbano en el que se desenvuelven.<\/p>\n<p style=\"text-align: justify;\">Para ello, el programa otorgar\u00e1 acceso a financiamiento no reembolsable durante tres a\u00f1os, que puede alcanzar los $80 millones por barrio, adem\u00e1s de asistencia t\u00e9cnica para impulsar inversiones en acciones que mejoren su oferta comercial, el urbanismo del sector y la seguridad de locales y clientes, junto con poder llevar a cabo iniciativas para robustecer la identidad del barrio, su comunicaci\u00f3n, la asociatividad entre los comercios que lo conforman y la implementaci\u00f3n de medidas sostenibles e inclusivas, entre otras.<\/p>\n<p style=\"text-align: justify;\">La gerenta general de Sercotec, Mar\u00eda Jos\u00e9 Becerra Moro, detall\u00f3 que \u201c<em>el programa de Barrios Comerciales tiene como fundamento crear patrimonio comercial, econ\u00f3mico, social y cultural desde los territorios de nuestro pa\u00eds. Por ello estamos contentos de una vez m\u00e1s poder acompa\u00f1ar a los barrios comerciales, a trav\u00e9s de esta nueva convocatoria que va a beneficiar a 45 barrios en todo Chile, que van a acceder a un subsidio no reembolsable por tres a\u00f1os de hasta $80 millones\u201d.<\/em><\/p>\n<p style=\"text-align: justify;\">En este mismo contexto, Nelly Vargas Mansilla, directora regional de Sercotec, realiz\u00f3 un amplio llamado a participar de esta importante convocatoria <em>\u201choy d\u00eda estamos con el Barrio Comercial Ma\u00f1\u00edo Ruta 7 Tours en Ma\u00f1ihuales, haciendo el lanzamiento de esta convocatoria del a\u00f1o 2025 y desde ac\u00e1, invitamos a postular a este programa que ya est\u00e1 disponible en <\/em><a href=\"http:\/\/www.sercotec.cl\"><em>www.sercotec.cl<\/em><\/a><em>\u201d.<\/em><\/p>\n<p style=\"text-align: justify;\">Gabriela Barrientos, es Presidenta del Barrio Comercial Ma\u00f1\u00edo Ruta 7 Tours, de Ma\u00f1ihuales, actuales beneficiarios de este programa, quienes adem\u00e1s se encuentran en su \u00faltimo a\u00f1o de ejecuci\u00f3n, al respecto detall\u00f3 que<em> \u201cesta es una muy buena iniciativa para los distintos barrios comerciales en la Regi\u00f3n de Ays\u00e9n, porque desarrolla la asociatividad y potencia nuestras habilidades como emprendedores\u201d.<\/em><\/p>\n<p style=\"text-align: justify;\">Por su parte el Seremi de Econom\u00eda, Fomento y Turismo de nuestra regi\u00f3n, relev\u00f3 la importancia de este tipo de convocatorias <em>\u201cesta es una iniciativa que permite fortalecer la asociatividad en el territorio, la seguridad ciudadana, la capacitaci\u00f3n y sobre todo ayuda a crecer con tu negocio. Invitamos a postular hasta el d\u00eda 3 de julio 2025. Son 80 millones de pesos durante tres a\u00f1os, y por lo tanto, contribuye al desarrollo y crecimiento de tu localidad o tu ciudad\u201d.<\/em><\/p>\n<p style=\"text-align: justify;\">En sus diez a\u00f1os de existencia, el programa ha beneficiado a un total de 139 barrios comerciales en todo el pa\u00eds, que en su conjunto representan a m\u00e1s de 5 mil micro y peque\u00f1as empresas, consolid\u00e1ndose como una estrategia de fomento en Chile que ha despertado inter\u00e9s desde el extranjero para la potencial exportaci\u00f3n de este modelo. Las postulaciones estar\u00e1n abiertas hasta el pr\u00f3ximo 3 de Julio 2025 y se encuentra disponible en <a href=\"http:\/\/www.sercotec.cl\">www.sercotec.cl<\/a><\/p>\n<\/div><\/section><\/div><div  style='height:50px' class='hr hr-invisible   avia-builder-el-6  el_after_av_one_full  el_before_av_social_share '><span class='hr-inner ' ><span class='hr-inner-style'><\/span><\/span><\/div><\/p>\n<div  class='av-social-sharing-box  avia-builder-el-7  el_after_av_hr  el_before_av_hr  '><div class='av-share-box'><h5 class='av-share-link-description av-no-toc '>Compartir esta noticia<\/h5><ul class='av-share-box-list noLightbox'><li class='av-share-link av-social-link-facebook' ><a target=\"_blank\" aria-label=\"Compartir en Facebook\" href='https:\/\/www.facebook.com\/sharer.php?u=https:\/\/radiorevelacionfm.cl\/?p=55057&#038;t=Sercotec%20lanza%20en%20Ma%C3%B1ihuales%20Programa%20de%20Fortalecimiento%20de%20Barrios%20Comerciales' aria-hidden='false' data-av_icon='\ue8f3' data-av_iconfont='entypo-fontello' title='' data-avia-related-tooltip='Compartir en Facebook' rel=\"noopener\"><span class='avia_hidden_link_text'>Compartir en Facebook<\/span><\/a><\/li><li class='av-share-link av-social-link-twitter' ><a target=\"_blank\" aria-label=\"Compartir en Twitter\" href='https:\/\/twitter.com\/share?text=Sercotec%20lanza%20en%20Ma%C3%B1ihuales%20Programa%20de%20Fortalecimiento%20de%20Barrios%20Comerciales&#038;url=https:\/\/radiorevelacionfm.cl\/?p=55057' aria-hidden='false' data-av_icon='\ue8f1' data-av_iconfont='entypo-fontello' title='' data-avia-related-tooltip='Compartir en Twitter' rel=\"noopener\"><span class='avia_hidden_link_text'>Compartir en Twitter<\/span><\/a><\/li><li class='av-share-link av-social-link-whatsapp' ><a target=\"_blank\" aria-label=\"Compartir en Whatsapp\" href='https:\/\/api.whatsapp.com\/send?text=https:\/\/radiorevelacionfm.cl\/?p=55057' aria-hidden='false' data-av_icon='\uf232' data-av_iconfont='entypo-fontello' title='' data-avia-related-tooltip='Compartir en Whatsapp' rel=\"noopener\"><span class='avia_hidden_link_text'>Compartir en Whatsapp<\/span><\/a><\/li><li class='av-share-link av-social-link-linkedin' ><a target=\"_blank\" aria-label=\"Compartir en LinkedIn\" href='https:\/\/linkedin.com\/shareArticle?mini=true&#038;title=Sercotec%20lanza%20en%20Ma%C3%B1ihuales%20Programa%20de%20Fortalecimiento%20de%20Barrios%20Comerciales&#038;url=https:\/\/radiorevelacionfm.cl\/?p=55057' aria-hidden='false' data-av_icon='\ue8fc' data-av_iconfont='entypo-fontello' title='' data-avia-related-tooltip='Compartir en LinkedIn' rel=\"noopener\"><span class='avia_hidden_link_text'>Compartir en LinkedIn<\/span><\/a><\/li><li class='av-share-link av-social-link-mail' ><a  aria-label=\"Compartir por correo\" href='mailto:?subject=Sercotec%20lanza%20en%20Ma%C3%B1ihuales%20Programa%20de%20Fortalecimiento%20de%20Barrios%20Comerciales&#038;body=https:\/\/radiorevelacionfm.cl\/?p=55057' aria-hidden='false' data-av_icon='\ue805' data-av_iconfont='entypo-fontello' title='' data-avia-related-tooltip='Compartir por correo'><span class='avia_hidden_link_text'>Compartir por correo<\/span><\/a><\/li><\/ul><\/div><\/div>\n<div  style='height:50px' class='hr hr-invisible   avia-builder-el-8  el_after_av_social_share  el_before_av_comments_list '><span class='hr-inner ' ><span class='hr-inner-style'><\/span><\/span><\/div>\n<div  class='av-buildercomment  av-blog-meta-html-info-disabled av-blog-meta-tag-disabled  '><\/div>\n","protected":false},"excerpt":{"rendered":"","protected":false},"author":1,"featured_media":55058,"comment_status":"closed","ping_status":"closed","sticky":false,"template":"","format":"standard","meta":{"footnotes":""},"categories":[45],"tags":[],"class_list":["post-55057","post","type-post","status-publish","format-standard","has-post-thumbnail","hentry","category-comercio"],"jetpack_featured_media_url":"https:\/\/radiorevelacionfm.cl\/wp-content\/uploads\/2025\/06\/sercotec-1_optimized.jpg","_links":{"self":[{"href":"https:\/\/radiorevelacionfm.cl\/index.php?rest_route=\/wp\/v2\/posts\/55057","targetHints":{"allow":["GET"]}}],"collection":[{"href":"https:\/\/radiorevelacionfm.cl\/index.php?rest_route=\/wp\/v2\/posts"}],"about":[{"href":"https:\/\/radiorevelacionfm.cl\/index.php?rest_route=\/wp\/v2\/types\/post"}],"author":[{"embeddable":true,"href":"https:\/\/radiorevelacionfm.cl\/index.php?rest_route=\/wp\/v2\/users\/1"}],"replies":[{"embeddable":true,"href":"https:\/\/radiorevelacionfm.cl\/index.php?rest_route=%2Fwp%2Fv2%2Fcomments&post=55057"}],"version-history":[{"count":2,"href":"https:\/\/radiorevelacionfm.cl\/index.php?rest_route=\/wp\/v2\/posts\/55057\/revisions"}],"predecessor-version":[{"id":55061,"href":"https:\/\/radiorevelacionfm.cl\/index.php?rest_route=\/wp\/v2\/posts\/55057\/revisions\/55061"}],"wp:featuredmedia":[{"embeddable":true,"href":"https:\/\/radiorevelacionfm.cl\/index.php?rest_route=\/wp\/v2\/media\/55058"}],"wp:attachment":[{"href":"https:\/\/radiorevelacionfm.cl\/index.php?rest_route=%2Fwp%2Fv2%2Fmedia&parent=55057"}],"wp:term":[{"taxonomy":"category","embeddable":true,"href":"https:\/\/radiorevelacionfm.cl\/index.php?rest_route=%2Fwp%2Fv2%2Fcategories&post=55057"},{"taxonomy":"post_tag","embeddable":true,"href":"https:\/\/radiorevelacionfm.cl\/index.php?rest_route=%2Fwp%2Fv2%2Ftags&post=55057"}],"curies":[{"name":"wp","href":"https:\/\/api.w.org\/{rel}","templated":true}]}}