{"id":55054,"date":"2025-06-10T15:48:14","date_gmt":"2025-06-10T18:48:14","guid":{"rendered":"https:\/\/radiorevelacionfm.cl\/?p=55054"},"modified":"2025-06-10T15:48:14","modified_gmt":"2025-06-10T18:48:14","slug":"proyecto-ambiental-de-escuela-aysen-recibe-premio-carolina-hazard","status":"publish","type":"post","link":"https:\/\/radiorevelacionfm.cl\/?p=55054","title":{"rendered":"Proyecto ambiental de Escuela Ays\u00e9n recibe premio Carolina Hazard"},"content":{"rendered":"<div class=\"flex_column av_one_full  flex_column_div av-zero-column-padding first  avia-builder-el-0  el_before_av_one_full  avia-builder-el-first  \" style='border-radius:0px; '><div  class='avia-image-container  av-styling-    avia-builder-el-1  avia-builder-el-no-sibling  avia-align-center '  itemprop=\"image\" itemscope=\"itemscope\" itemtype=\"https:\/\/schema.org\/ImageObject\"  ><div class='avia-image-container-inner'><div class='avia-image-overlay-wrap'><img decoding=\"async\" class='wp-image-55055 avia-img-lazy-loading-not-55055 avia_image' src=\"https:\/\/radiorevelacionfm.cl\/wp-content\/uploads\/2025\/06\/img_3190-1_optimized.jpg\" alt='' title='img_3190-(1)_optimized' height=\"600\" width=\"1067\"  itemprop=\"thumbnailUrl\" srcset=\"https:\/\/radiorevelacionfm.cl\/wp-content\/uploads\/2025\/06\/img_3190-1_optimized.jpg 1067w, https:\/\/radiorevelacionfm.cl\/wp-content\/uploads\/2025\/06\/img_3190-1_optimized-300x169.jpg 300w, https:\/\/radiorevelacionfm.cl\/wp-content\/uploads\/2025\/06\/img_3190-1_optimized-1030x579.jpg 1030w, https:\/\/radiorevelacionfm.cl\/wp-content\/uploads\/2025\/06\/img_3190-1_optimized-768x432.jpg 768w, https:\/\/radiorevelacionfm.cl\/wp-content\/uploads\/2025\/06\/img_3190-1_optimized-705x396.jpg 705w, https:\/\/radiorevelacionfm.cl\/wp-content\/uploads\/2025\/06\/img_3190-1_optimized-450x253.jpg 450w, https:\/\/radiorevelacionfm.cl\/wp-content\/uploads\/2025\/06\/img_3190-1_optimized-600x337.jpg 600w\" sizes=\"(max-width: 1067px) 100vw, 1067px\" \/><\/div><\/div><\/div><\/div><div class=\"flex_column av_one_full  flex_column_div av-zero-column-padding first  avia-builder-el-2  el_after_av_one_full  el_before_av_one_full  column-top-margin\" style='border-radius:0px; '><section class=\"av_textblock_section \"  itemscope=\"itemscope\" itemtype=\"https:\/\/schema.org\/BlogPosting\" itemprop=\"blogPost\" ><div class='avia_textblock  '   itemprop=\"text\" ><p style=\"text-align: center;\"><span style=\"font-size: 18pt;\"><strong>Proyecto ambiental de Escuela Ays\u00e9n recibe premio Carolina Hazard<\/strong><\/span><\/p>\n<div id=\"gtx-trans\" style=\"position: absolute; left: -50px; top: 4.31534px;\">\n<div class=\"gtx-trans-icon\"><\/div>\n<\/div>\n<\/div><\/section><\/div><div class=\"flex_column av_one_full  flex_column_div av-zero-column-padding first  avia-builder-el-4  el_after_av_one_full  el_before_av_hr  column-top-margin\" style='border-radius:0px; '><section class=\"av_textblock_section \"  itemscope=\"itemscope\" itemtype=\"https:\/\/schema.org\/BlogPosting\" itemprop=\"blogPost\" ><div class='avia_textblock  '   itemprop=\"text\" ><p style=\"text-align: justify;\">El Seremi del Medio Ambiente de la regi\u00f3n de Ays\u00e9n, Yoal D\u00edaz se reuni\u00f3 con la comunidad educativa de la escuela Ays\u00e9n de Puerto Ays\u00e9n, para hacer entrega oficial del reconocimiento Carlina Hazard, premio que estaca a los proyectos del Fondo de Protecci\u00f3n Ambiental mejor ejecutados y con mayor impacto social en el pa\u00eds.<\/p>\n<p style=\"text-align: justify;\">En la regi\u00f3n de Ays\u00e9n los ganadores de dicho reconocimiento fueron las comunidades educativas de la escuela de Caleta Andrade y la Escuela Ays\u00e9n, esta \u00faltima por su proyecto ejecutado durante 2024 , \u201cSemillas de cambio\u201d<\/p>\n<p style=\"text-align: justify;\"><em>\u201cLa comuna de Ays\u00e9n se llev\u00f3 los Carolina Hazard, tuvimos tambi\u00e9n la oportunidad de entregar uno en Isla Las Huichas y fue bien bonito, porque hay un trabajo y una coherencia ambiental en Ays\u00e9n, que hay que relevar, fortalecer y seguir apoyando. Cuando nosotros entregamos un fondo de protecci\u00f3n ambiental, son recursos que se utilizan con mucha creatividad, que se ejecutan con cari\u00f1o y eso se ve en el trabajo que realiza la comunidad educativa, pero especialmente, los estudiantes.\u201d,<\/em> declar\u00f3 el Seremi del Medio Ambiente, Yoal D\u00edaz<\/p>\n<p style=\"text-align: justify;\">El Proyecto FPA 2024, Semillas de cambio, adjudicado al Centro de Padres y Apoderados de la Escuela Ays\u00e9n, tuvo por objeto generar conocimiento y conciencia en la comunidad educativa en tem\u00e1ticas de Econom\u00eda Circular y Gesti\u00f3n de Residuos a trav\u00e9s de la implementaci\u00f3n de un programa de educaci\u00f3n ambiental, el que incluy\u00f3 capacitaciones, talleres, obras de teatro, fiesta de la semilla, salidas educativas al aire libre, conversatorios sobre sustentabilidad y la instalaci\u00f3n de un invernadero, estaciones de compostaje y vermicompostaje.<\/p>\n<p style=\"text-align: justify;\">El coordinador del proyecto, Andr\u00e9s Andrade \u00a0destac\u00f3 el reconocimiento como<em> \u201cun hito relevante e importante para la comunidad educativa, ya que lo que se cre\u00f3 el a\u00f1o 2024 en la Escuela Ays\u00e9n ha sido de gran impacto para nuestros estudiantes, donde es fruto de cada una de las personas que integr\u00f3 este trabajo colaborativo, entonces todo fue sumando y gracias a esa suma de personas y de buenas voluntades logramos concretar este premio que no esper\u00e1bamos\u201d.<\/em><\/p>\n<p style=\"text-align: justify;\">El Fondo de Protecci\u00f3n Ambiental (FPA) es el primer fondo concursable de car\u00e1cter nacional con que cuenta el Estado de Chile para apoyar iniciativas ambientales presentadas por la ciudadan\u00eda. A trav\u00e9s del concurso FPA 2024 se adjudicaron en la regi\u00f3n 7 proyectos, mientras que para 2025 son 8 las iniciativas que est\u00e1n comenzando su ejecuci\u00f3n<strong>. <\/strong><\/p>\n<p style=\"text-align: justify;\">El Director de la Escuela Ays\u00e9n, H\u00e9ctor Trecam\u00e1n agradeci\u00f3 el reconocimiento <em>\u201cNos recibi\u00f3 con mucha alegr\u00eda, pero no con sorpresa, porque la verdad es que sentimos que el proyecto fue muy importante para la comunidad y sentimos que se ejecut\u00f3 bien. Entonces, realmente creo que es una recompensa al esfuerzo. Mucha gente, desde los apoderados, los funcionarios, el ministerio de Medio Ambiente y nuestra gente, porque esto sali\u00f3 de maravilla, caus\u00f3 realmente un impacto importante en la comunidad\u201d, <\/em>mientras que la<strong> \u00a0<\/strong>Presidenta del Centro de Padres de la Escuela Ays\u00e9n, Lenka Vera, puntualiz\u00f3 que el mayor impacto del proyecto fue <em>\u201cLa conciencia, conciencia ambiental, conciencia social, trabajar en equipo. Eso es s\u00faper importante, y recibimos este premio con orgullo de que trabajamos para los ni\u00f1os\u201d.<\/em><\/p>\n<p style=\"text-align: justify;\">El reconocimiento busca perdurar el legado de Carolina Hazard Vergara, quien se desempe\u00f1\u00f3 por 14 a\u00f1os en la SEREMI del Medio Ambiente de la Regi\u00f3n de la Araucan\u00eda en el \u00e1rea de Educaci\u00f3n Ambiental. As\u00ed, se materializa en un galvano que se entrega a las organizaciones ejecutoras de proyectos FPA destacados, que hayan cumplido sus actividades con una amplia participaci\u00f3n de la comunidad y de otras organizaciones, que tambi\u00e9n han generado un impacto ambiental positivo en su territorio.<\/p>\n<\/div><\/section><\/div><div  style='height:50px' class='hr hr-invisible   avia-builder-el-6  el_after_av_one_full  el_before_av_social_share '><span class='hr-inner ' ><span class='hr-inner-style'><\/span><\/span><\/div><\/p>\n<div  class='av-social-sharing-box  avia-builder-el-7  el_after_av_hr  el_before_av_hr  '><div class='av-share-box'><h5 class='av-share-link-description av-no-toc '>Compartir esta noticia<\/h5><ul class='av-share-box-list noLightbox'><li class='av-share-link av-social-link-facebook' ><a target=\"_blank\" aria-label=\"Compartir en Facebook\" href='https:\/\/www.facebook.com\/sharer.php?u=https:\/\/radiorevelacionfm.cl\/?p=55054&#038;t=Proyecto%20ambiental%20de%20Escuela%20Ays%C3%A9n%20recibe%20premio%20Carolina%20Hazard' aria-hidden='false' data-av_icon='\ue8f3' data-av_iconfont='entypo-fontello' title='' data-avia-related-tooltip='Compartir en Facebook' rel=\"noopener\"><span class='avia_hidden_link_text'>Compartir en Facebook<\/span><\/a><\/li><li class='av-share-link av-social-link-twitter' ><a target=\"_blank\" aria-label=\"Compartir en Twitter\" href='https:\/\/twitter.com\/share?text=Proyecto%20ambiental%20de%20Escuela%20Ays%C3%A9n%20recibe%20premio%20Carolina%20Hazard&#038;url=https:\/\/radiorevelacionfm.cl\/?p=55054' aria-hidden='false' data-av_icon='\ue8f1' data-av_iconfont='entypo-fontello' title='' data-avia-related-tooltip='Compartir en Twitter' rel=\"noopener\"><span class='avia_hidden_link_text'>Compartir en Twitter<\/span><\/a><\/li><li class='av-share-link av-social-link-whatsapp' ><a target=\"_blank\" aria-label=\"Compartir en Whatsapp\" href='https:\/\/api.whatsapp.com\/send?text=https:\/\/radiorevelacionfm.cl\/?p=55054' aria-hidden='false' data-av_icon='\uf232' data-av_iconfont='entypo-fontello' title='' data-avia-related-tooltip='Compartir en Whatsapp' rel=\"noopener\"><span class='avia_hidden_link_text'>Compartir en Whatsapp<\/span><\/a><\/li><li class='av-share-link av-social-link-linkedin' ><a target=\"_blank\" aria-label=\"Compartir en LinkedIn\" href='https:\/\/linkedin.com\/shareArticle?mini=true&#038;title=Proyecto%20ambiental%20de%20Escuela%20Ays%C3%A9n%20recibe%20premio%20Carolina%20Hazard&#038;url=https:\/\/radiorevelacionfm.cl\/?p=55054' aria-hidden='false' data-av_icon='\ue8fc' data-av_iconfont='entypo-fontello' title='' data-avia-related-tooltip='Compartir en LinkedIn' rel=\"noopener\"><span class='avia_hidden_link_text'>Compartir en LinkedIn<\/span><\/a><\/li><li class='av-share-link av-social-link-mail' ><a  aria-label=\"Compartir por correo\" href='mailto:?subject=Proyecto%20ambiental%20de%20Escuela%20Ays%C3%A9n%20recibe%20premio%20Carolina%20Hazard&#038;body=https:\/\/radiorevelacionfm.cl\/?p=55054' aria-hidden='false' data-av_icon='\ue805' data-av_iconfont='entypo-fontello' title='' data-avia-related-tooltip='Compartir por correo'><span class='avia_hidden_link_text'>Compartir por correo<\/span><\/a><\/li><\/ul><\/div><\/div>\n<div  style='height:50px' class='hr hr-invisible   avia-builder-el-8  el_after_av_social_share  el_before_av_comments_list '><span class='hr-inner ' ><span class='hr-inner-style'><\/span><\/span><\/div>\n<div  class='av-buildercomment  av-blog-meta-html-info-disabled av-blog-meta-tag-disabled  '><\/div>\n","protected":false},"excerpt":{"rendered":"","protected":false},"author":1,"featured_media":55055,"comment_status":"closed","ping_status":"closed","sticky":false,"template":"","format":"standard","meta":{"footnotes":""},"categories":[49,39],"tags":[],"class_list":["post-55054","post","type-post","status-publish","format-standard","has-post-thumbnail","hentry","category-educacion","category-medio-ambiente"],"jetpack_featured_media_url":"https:\/\/radiorevelacionfm.cl\/wp-content\/uploads\/2025\/06\/img_3190-1_optimized.jpg","_links":{"self":[{"href":"https:\/\/radiorevelacionfm.cl\/index.php?rest_route=\/wp\/v2\/posts\/55054","targetHints":{"allow":["GET"]}}],"collection":[{"href":"https:\/\/radiorevelacionfm.cl\/index.php?rest_route=\/wp\/v2\/posts"}],"about":[{"href":"https:\/\/radiorevelacionfm.cl\/index.php?rest_route=\/wp\/v2\/types\/post"}],"author":[{"embeddable":true,"href":"https:\/\/radiorevelacionfm.cl\/index.php?rest_route=\/wp\/v2\/users\/1"}],"replies":[{"embeddable":true,"href":"https:\/\/radiorevelacionfm.cl\/index.php?rest_route=%2Fwp%2Fv2%2Fcomments&post=55054"}],"version-history":[{"count":2,"href":"https:\/\/radiorevelacionfm.cl\/index.php?rest_route=\/wp\/v2\/posts\/55054\/revisions"}],"predecessor-version":[{"id":55060,"href":"https:\/\/radiorevelacionfm.cl\/index.php?rest_route=\/wp\/v2\/posts\/55054\/revisions\/55060"}],"wp:featuredmedia":[{"embeddable":true,"href":"https:\/\/radiorevelacionfm.cl\/index.php?rest_route=\/wp\/v2\/media\/55055"}],"wp:attachment":[{"href":"https:\/\/radiorevelacionfm.cl\/index.php?rest_route=%2Fwp%2Fv2%2Fmedia&parent=55054"}],"wp:term":[{"taxonomy":"category","embeddable":true,"href":"https:\/\/radiorevelacionfm.cl\/index.php?rest_route=%2Fwp%2Fv2%2Fcategories&post=55054"},{"taxonomy":"post_tag","embeddable":true,"href":"https:\/\/radiorevelacionfm.cl\/index.php?rest_route=%2Fwp%2Fv2%2Ftags&post=55054"}],"curies":[{"name":"wp","href":"https:\/\/api.w.org\/{rel}","templated":true}]}}