{"id":55047,"date":"2025-06-10T15:09:24","date_gmt":"2025-06-10T18:09:24","guid":{"rendered":"https:\/\/radiorevelacionfm.cl\/?p=55047"},"modified":"2025-06-10T15:09:24","modified_gmt":"2025-06-10T18:09:24","slug":"gobernador-regional-se-reune-con-ministro-de-vivienda-para-abordar-conflicto-en-torno-a-terrenos-disponibles-para-construir-en-aysen","status":"publish","type":"post","link":"https:\/\/radiorevelacionfm.cl\/?p=55047","title":{"rendered":"Gobernador regional se re\u00fane con ministro de Vivienda para abordar conflicto en torno a terrenos disponibles para construir en Ays\u00e9n"},"content":{"rendered":"<div class=\"flex_column av_one_full  flex_column_div av-zero-column-padding first  avia-builder-el-0  el_before_av_one_full  avia-builder-el-first  \" style='border-radius:0px; '><div  class='avia-image-container  av-styling-    avia-builder-el-1  avia-builder-el-no-sibling  avia-align-center '  itemprop=\"image\" itemscope=\"itemscope\" itemtype=\"https:\/\/schema.org\/ImageObject\"  ><div class='avia-image-container-inner'><div class='avia-image-overlay-wrap'><img decoding=\"async\" class='wp-image-55048 avia-img-lazy-loading-not-55048 avia_image' src=\"https:\/\/radiorevelacionfm.cl\/wp-content\/uploads\/2025\/06\/gobernador-regional-se-reune-con-ministro-de-vivienda-1_optimized.jpeg\" alt='' title='gobernador-regional-se-re\u00fane-con-ministro-de-vivienda-(1)_optimized' height=\"600\" width=\"1067\"  itemprop=\"thumbnailUrl\" srcset=\"https:\/\/radiorevelacionfm.cl\/wp-content\/uploads\/2025\/06\/gobernador-regional-se-reune-con-ministro-de-vivienda-1_optimized.jpeg 1067w, https:\/\/radiorevelacionfm.cl\/wp-content\/uploads\/2025\/06\/gobernador-regional-se-reune-con-ministro-de-vivienda-1_optimized-300x169.jpeg 300w, https:\/\/radiorevelacionfm.cl\/wp-content\/uploads\/2025\/06\/gobernador-regional-se-reune-con-ministro-de-vivienda-1_optimized-1030x579.jpeg 1030w, https:\/\/radiorevelacionfm.cl\/wp-content\/uploads\/2025\/06\/gobernador-regional-se-reune-con-ministro-de-vivienda-1_optimized-768x432.jpeg 768w, https:\/\/radiorevelacionfm.cl\/wp-content\/uploads\/2025\/06\/gobernador-regional-se-reune-con-ministro-de-vivienda-1_optimized-705x396.jpeg 705w, https:\/\/radiorevelacionfm.cl\/wp-content\/uploads\/2025\/06\/gobernador-regional-se-reune-con-ministro-de-vivienda-1_optimized-450x253.jpeg 450w, https:\/\/radiorevelacionfm.cl\/wp-content\/uploads\/2025\/06\/gobernador-regional-se-reune-con-ministro-de-vivienda-1_optimized-600x337.jpeg 600w\" sizes=\"(max-width: 1067px) 100vw, 1067px\" \/><\/div><\/div><\/div><\/div><div class=\"flex_column av_one_full  flex_column_div av-zero-column-padding first  avia-builder-el-2  el_after_av_one_full  el_before_av_one_full  column-top-margin\" style='border-radius:0px; '><section class=\"av_textblock_section \"  itemscope=\"itemscope\" itemtype=\"https:\/\/schema.org\/BlogPosting\" itemprop=\"blogPost\" ><div class='avia_textblock  '   itemprop=\"text\" ><p style=\"text-align: center;\"><span style=\"font-size: 18pt;\"><strong>Gobernador regional se re\u00fane con ministro de Vivienda para abordar conflicto en torno a terrenos disponibles para construir en Ays\u00e9n<\/strong><\/span><\/p>\n<div id=\"gtx-trans\" style=\"position: absolute; left: -50px; top: 4.31534px;\">\n<div class=\"gtx-trans-icon\"><\/div>\n<\/div>\n<\/div><\/section><\/div><div class=\"flex_column av_one_full  flex_column_div av-zero-column-padding first  avia-builder-el-4  el_after_av_one_full  el_before_av_hr  column-top-margin\" style='border-radius:0px; '><section class=\"av_textblock_section \"  itemscope=\"itemscope\" itemtype=\"https:\/\/schema.org\/BlogPosting\" itemprop=\"blogPost\" ><div class='avia_textblock  '   itemprop=\"text\" ><p style=\"text-align: justify;\">El viernes 6 de junio el gobernador regional de Ays\u00e9n, Marcelo Santana Vargas, se reuni\u00f3 en Santiago con el ministro de Vivienda y Urbanismo, Carlos Montes, para abordar la problem\u00e1tica en torno a los humedales y terrenos disponibles para la construcci\u00f3n de viviendas en la regi\u00f3n.<\/p>\n<p style=\"text-align: justify;\">La cita fue solicitada por el gobernador Santana, quien fue acompa\u00f1ado por el consejero regional, Gustavo Villarroel, con el objetivo de mediar entre las familias afectadas y las autoridades de la cartera, tras los incidentes ocurridos el viernes 30 de mayo pasado en Ays\u00e9n.<\/p>\n<p style=\"text-align: justify;\">El gobernador Marcelo Santana anunci\u00f3 que los equipos t\u00e9cnicos trabajar\u00e1n en dos frentes: \u201cahondar en los estudios que permitan determinar si en esos terrenos verdaderamente est\u00e1 prohibido construir y, por otra parte, avanzar en alternativas de reubicaci\u00f3n en el caso de que la legislaci\u00f3n sea tajante con respecto a la prohibici\u00f3n\u201d.<\/p>\n<p style=\"text-align: justify;\">En la instancia, el ministro explic\u00f3 que en forma paralela el Ministerio de Vivienda avanzar\u00e1 en explorar otras alternativas de localizaci\u00f3n para las personas afectadas.<\/p>\n<p style=\"text-align: justify;\">Tambi\u00e9n, estuvo presente el subsecretario de Medio Ambiente, Maximiliano Proa\u00f1o, quien inform\u00f3 que pr\u00f3ximamente realizar\u00e1n una visita a la Regi\u00f3n de Ays\u00e9n para analizar y revisar el terreno en particular. Asimismo, sostuvo que se analizar\u00e1 y actualizar\u00e1 el inventario nacional de humedales y turberas.<\/p>\n<p style=\"text-align: justify;\">\u201cEsperamos como Gobierno Regional colaborar en ese levantamiento de informaci\u00f3n\u201d, agreg\u00f3 el gobernador Santana.<\/p>\n<p style=\"text-align: justify;\">En tanto, el consejero Gustavo Villarroel inform\u00f3 que tambi\u00e9n se gestion\u00f3 un \u201crefuerzo en recursos para un aumento (en el financiamiento) del revestimiento t\u00e9rmico, ya que todav\u00eda hay muchas familias que habiendo postulado han quedado fuera o en listas de espera\u201d.<\/p>\n<p style=\"text-align: justify;\">Participaron el administrador regional, N\u00e9stor Mera; el jefe de Divisi\u00f3n de Administraci\u00f3n y Finanzas, Mauricio Quezada; y la jefa de Divisi\u00f3n de Presupuesto e Inversiones, Magdalena L\u00e9niz.<\/p>\n<p style=\"text-align: justify;\">Diversos comit\u00e9s de viviendas han interpelado a las autoridades locales, a trav\u00e9s de reuniones y manifestaciones en las calles, solicitando avanzar en la compra de terrenos para la construcci\u00f3n de viviendas. Este proceso fue interrumpido dado que es una zona de humedales y turberas protegidas por leyes medioambientales, lo que gener\u00f3 protestas por parte de las familias afectadas.<\/p>\n<\/div><\/section><\/div><div  style='height:50px' class='hr hr-invisible   avia-builder-el-6  el_after_av_one_full  el_before_av_social_share '><span class='hr-inner ' ><span class='hr-inner-style'><\/span><\/span><\/div><\/p>\n<div  class='av-social-sharing-box  avia-builder-el-7  el_after_av_hr  el_before_av_hr  '><div class='av-share-box'><h5 class='av-share-link-description av-no-toc '>Compartir esta noticia<\/h5><ul class='av-share-box-list noLightbox'><li class='av-share-link av-social-link-facebook' ><a target=\"_blank\" aria-label=\"Compartir en Facebook\" href='https:\/\/www.facebook.com\/sharer.php?u=https:\/\/radiorevelacionfm.cl\/?p=55047&#038;t=Gobernador%20regional%20se%20re%C3%BAne%20con%20ministro%20de%20Vivienda%20para%20abordar%20conflicto%20en%20torno%20a%20terrenos%20disponibles%20para%20construir%20en%20Ays%C3%A9n' aria-hidden='false' data-av_icon='\ue8f3' data-av_iconfont='entypo-fontello' title='' data-avia-related-tooltip='Compartir en Facebook' rel=\"noopener\"><span class='avia_hidden_link_text'>Compartir en Facebook<\/span><\/a><\/li><li class='av-share-link av-social-link-twitter' ><a target=\"_blank\" aria-label=\"Compartir en Twitter\" href='https:\/\/twitter.com\/share?text=Gobernador%20regional%20se%20re%C3%BAne%20con%20ministro%20de%20Vivienda%20para%20abordar%20conflicto%20en%20torno%20a%20terrenos%20disponibles%20para%20construir%20en%20Ays%C3%A9n&#038;url=https:\/\/radiorevelacionfm.cl\/?p=55047' aria-hidden='false' data-av_icon='\ue8f1' data-av_iconfont='entypo-fontello' title='' data-avia-related-tooltip='Compartir en Twitter' rel=\"noopener\"><span class='avia_hidden_link_text'>Compartir en Twitter<\/span><\/a><\/li><li class='av-share-link av-social-link-whatsapp' ><a target=\"_blank\" aria-label=\"Compartir en Whatsapp\" href='https:\/\/api.whatsapp.com\/send?text=https:\/\/radiorevelacionfm.cl\/?p=55047' aria-hidden='false' data-av_icon='\uf232' data-av_iconfont='entypo-fontello' title='' data-avia-related-tooltip='Compartir en Whatsapp' rel=\"noopener\"><span class='avia_hidden_link_text'>Compartir en Whatsapp<\/span><\/a><\/li><li class='av-share-link av-social-link-linkedin' ><a target=\"_blank\" aria-label=\"Compartir en LinkedIn\" href='https:\/\/linkedin.com\/shareArticle?mini=true&#038;title=Gobernador%20regional%20se%20re%C3%BAne%20con%20ministro%20de%20Vivienda%20para%20abordar%20conflicto%20en%20torno%20a%20terrenos%20disponibles%20para%20construir%20en%20Ays%C3%A9n&#038;url=https:\/\/radiorevelacionfm.cl\/?p=55047' aria-hidden='false' data-av_icon='\ue8fc' data-av_iconfont='entypo-fontello' title='' data-avia-related-tooltip='Compartir en LinkedIn' rel=\"noopener\"><span class='avia_hidden_link_text'>Compartir en LinkedIn<\/span><\/a><\/li><li class='av-share-link av-social-link-mail' ><a  aria-label=\"Compartir por correo\" href='mailto:?subject=Gobernador%20regional%20se%20re%C3%BAne%20con%20ministro%20de%20Vivienda%20para%20abordar%20conflicto%20en%20torno%20a%20terrenos%20disponibles%20para%20construir%20en%20Ays%C3%A9n&#038;body=https:\/\/radiorevelacionfm.cl\/?p=55047' aria-hidden='false' data-av_icon='\ue805' data-av_iconfont='entypo-fontello' title='' data-avia-related-tooltip='Compartir por correo'><span class='avia_hidden_link_text'>Compartir por correo<\/span><\/a><\/li><\/ul><\/div><\/div>\n<div  style='height:50px' class='hr hr-invisible   avia-builder-el-8  el_after_av_social_share  el_before_av_comments_list '><span class='hr-inner ' ><span class='hr-inner-style'><\/span><\/span><\/div>\n<div  class='av-buildercomment  av-blog-meta-html-info-disabled av-blog-meta-tag-disabled  '><\/div>\n","protected":false},"excerpt":{"rendered":"","protected":false},"author":1,"featured_media":55048,"comment_status":"closed","ping_status":"closed","sticky":false,"template":"","format":"standard","meta":{"footnotes":""},"categories":[35],"tags":[],"class_list":["post-55047","post","type-post","status-publish","format-standard","has-post-thumbnail","hentry","category-politica"],"jetpack_featured_media_url":"https:\/\/radiorevelacionfm.cl\/wp-content\/uploads\/2025\/06\/gobernador-regional-se-reune-con-ministro-de-vivienda-1_optimized.jpeg","_links":{"self":[{"href":"https:\/\/radiorevelacionfm.cl\/index.php?rest_route=\/wp\/v2\/posts\/55047","targetHints":{"allow":["GET"]}}],"collection":[{"href":"https:\/\/radiorevelacionfm.cl\/index.php?rest_route=\/wp\/v2\/posts"}],"about":[{"href":"https:\/\/radiorevelacionfm.cl\/index.php?rest_route=\/wp\/v2\/types\/post"}],"author":[{"embeddable":true,"href":"https:\/\/radiorevelacionfm.cl\/index.php?rest_route=\/wp\/v2\/users\/1"}],"replies":[{"embeddable":true,"href":"https:\/\/radiorevelacionfm.cl\/index.php?rest_route=%2Fwp%2Fv2%2Fcomments&post=55047"}],"version-history":[{"count":2,"href":"https:\/\/radiorevelacionfm.cl\/index.php?rest_route=\/wp\/v2\/posts\/55047\/revisions"}],"predecessor-version":[{"id":55053,"href":"https:\/\/radiorevelacionfm.cl\/index.php?rest_route=\/wp\/v2\/posts\/55047\/revisions\/55053"}],"wp:featuredmedia":[{"embeddable":true,"href":"https:\/\/radiorevelacionfm.cl\/index.php?rest_route=\/wp\/v2\/media\/55048"}],"wp:attachment":[{"href":"https:\/\/radiorevelacionfm.cl\/index.php?rest_route=%2Fwp%2Fv2%2Fmedia&parent=55047"}],"wp:term":[{"taxonomy":"category","embeddable":true,"href":"https:\/\/radiorevelacionfm.cl\/index.php?rest_route=%2Fwp%2Fv2%2Fcategories&post=55047"},{"taxonomy":"post_tag","embeddable":true,"href":"https:\/\/radiorevelacionfm.cl\/index.php?rest_route=%2Fwp%2Fv2%2Ftags&post=55047"}],"curies":[{"name":"wp","href":"https:\/\/api.w.org\/{rel}","templated":true}]}}