{"id":55043,"date":"2025-06-10T11:52:56","date_gmt":"2025-06-10T14:52:56","guid":{"rendered":"https:\/\/radiorevelacionfm.cl\/?p=55043"},"modified":"2025-06-10T11:52:56","modified_gmt":"2025-06-10T14:52:56","slug":"agricultura-y-municipalidad-de-coyhaique-firman-convenio-para-implementar-primera-tienda-mundo-rural-de-la-region","status":"publish","type":"post","link":"https:\/\/radiorevelacionfm.cl\/?p=55043","title":{"rendered":"Agricultura y Municipalidad de Coyhaique firman convenio para implementar primera Tienda Mundo Rural de la regi\u00f3n"},"content":{"rendered":"<div class=\"flex_column av_one_full  flex_column_div av-zero-column-padding first  avia-builder-el-0  el_before_av_one_full  avia-builder-el-first  \" style='border-radius:0px; '><div  class='avia-image-container  av-styling-    avia-builder-el-1  avia-builder-el-no-sibling  avia-align-center '  itemprop=\"image\" itemscope=\"itemscope\" itemtype=\"https:\/\/schema.org\/ImageObject\"  ><div class='avia-image-container-inner'><div class='avia-image-overlay-wrap'><img decoding=\"async\" class='wp-image-55044 avia-img-lazy-loading-not-55044 avia_image' src=\"https:\/\/radiorevelacionfm.cl\/wp-content\/uploads\/2025\/06\/image00001-12-1-1.jpeg\" alt='' title='image00001 (12) (1) (1)' height=\"600\" width=\"897\"  itemprop=\"thumbnailUrl\" srcset=\"https:\/\/radiorevelacionfm.cl\/wp-content\/uploads\/2025\/06\/image00001-12-1-1.jpeg 897w, https:\/\/radiorevelacionfm.cl\/wp-content\/uploads\/2025\/06\/image00001-12-1-1-300x201.jpeg 300w, https:\/\/radiorevelacionfm.cl\/wp-content\/uploads\/2025\/06\/image00001-12-1-1-768x514.jpeg 768w, https:\/\/radiorevelacionfm.cl\/wp-content\/uploads\/2025\/06\/image00001-12-1-1-705x472.jpeg 705w, https:\/\/radiorevelacionfm.cl\/wp-content\/uploads\/2025\/06\/image00001-12-1-1-450x301.jpeg 450w, https:\/\/radiorevelacionfm.cl\/wp-content\/uploads\/2025\/06\/image00001-12-1-1-600x401.jpeg 600w\" sizes=\"(max-width: 897px) 100vw, 897px\" \/><\/div><\/div><\/div><\/div><div class=\"flex_column av_one_full  flex_column_div av-zero-column-padding first  avia-builder-el-2  el_after_av_one_full  el_before_av_one_full  column-top-margin\" style='border-radius:0px; '><section class=\"av_textblock_section \"  itemscope=\"itemscope\" itemtype=\"https:\/\/schema.org\/BlogPosting\" itemprop=\"blogPost\" ><div class='avia_textblock  '   itemprop=\"text\" ><p style=\"text-align: center;\"><span style=\"font-size: 18pt;\"><b>Agricultura y Municipalidad de Coyhaique firman convenio para implementar primera Tienda Mundo Rural de la regi\u00f3n<\/b><\/span><\/p>\n<div id=\"gtx-trans\" style=\"position: absolute; left: -50px; top: 4.31534px;\">\n<div class=\"gtx-trans-icon\"><\/div>\n<\/div>\n<\/div><\/section><\/div><div class=\"flex_column av_one_full  flex_column_div av-zero-column-padding first  avia-builder-el-4  el_after_av_one_full  el_before_av_hr  column-top-margin\" style='border-radius:0px; '><section class=\"av_textblock_section \"  itemscope=\"itemscope\" itemtype=\"https:\/\/schema.org\/BlogPosting\" itemprop=\"blogPost\" ><div class='avia_textblock  '   itemprop=\"text\" ><p style=\"text-align: justify;\"><em><span style=\"font-size: 14pt;\">E<\/span>l proyecto contempla adicionalmente desarrollar un Centro Comunitario Productivo.<\/em><\/p>\n<div class=\"v1elementToProof\" style=\"text-align: justify;\">El viernes 6 de junio pasado, el seremi de Agricultura Eugenio Ruiz y la directora de INDAP Ays\u00e9n, Yessica Lagos, junto al alcalde de la Ilustre Municipalidad de Coyhaique, Carlos Gatica, firmaron convenio para la implementaci\u00f3n de la Tienda Mundo Rural y un Centro Comunitario Productivo con el objetivo fomentar la comercializaci\u00f3n y visibilidad de los productos y servicios de la agricultura familiar campesina e ind\u00edgena en la comuna de Coyhaique.<\/div>\n<div class=\"v1elementToProof\" style=\"text-align: justify;\">Concejales municipales, productoras comunales de hortalizas, representantes de Corfo Ays\u00e9n, FIA, Sercotec, el Liceo Bicentenario Patagonia y organizaciones campesinas acompa\u00f1aron la instancia y relevaron el trabajo conjunto para fortalecer el desarrollo rural y la participaci\u00f3n de mujeres campesinas.<\/div>\n<div class=\"v1elementToProof\" style=\"text-align: justify;\">El seremi Eugenio Ruiz destac\u00f3 el convenio entre INDAP y el Municipio al ser un paso clave para la directa comercializaci\u00f3n de productos desde el campo a la ciudad, adem\u00e1s de avanzar en generar la primera Tienda Mundo Rural en la Patagonia. \u00abEste espacio estar\u00e1 ubicado en la Plaza Angol de Coyhaique, y se suma al compromiso del Gobierno del presidente Gabriel Boric en generar medidas concretas para el beneficio de las personas y la agricultura familiar campesina e ind\u00edgena. Es fundamental desde el punto de vista de la alianza estrat\u00e9gica y los aportes que va a tener al desarrollo local para las campesinas y campesinos\u00bb.<\/div>\n<div class=\"v1elementToProof\" style=\"text-align: justify;\">\u00abAcabamos tambi\u00e9n de firmar un comodato donde INDAP le entrega una casa al municipio para poder tener nuestra Tienda Mundo Rural y as\u00ed poner en valor el trabajo de las familias campesinas y los productos que fabrican d\u00eda a d\u00eda. Estamos muy felices de realizar estas firmas de convenio y comodato\u00bb, indic\u00f3 la directora Yessica Lagos, destacando el especial fomento al Turismo Rural local y el eje estrat\u00e9gico de INDAP 2023-2040.<\/div>\n<div class=\"v1elementToProof\" style=\"text-align: justify;\">Por su parte, el alcalde Gatica valor\u00f3 el trabajo colaborativo con el Agro y detall\u00f3 que \u00abhoy seguimos d\u00e1ndole frente a las problem\u00e1ticas que pueda tener el mundo rural y lo hacemos de manera concreta, de la mano con los campesinos, y por supuesto que entregando mayor dignidad y calidad de vida. Adem\u00e1s, esta iniciativa ayudar\u00e1 a potenciar la feria hort\u00edcola que tenemos en la Plaza Angol\u00bb.<\/div>\n<div class=\"v1elementToProof\" style=\"text-align: justify;\">De esta manera, la iniciativa se enmarca en la hoja de ruta que promueve el Ministerio de Agricultura a trav\u00e9s de INDAP, dado que permitir\u00e1 que Coyhaique se sume a la red nacional de Tiendas Mundo Rural que a la fecha re\u00fane a m\u00e1s de 400 peque\u00f1as y peque\u00f1os agricultores para la comercializaci\u00f3n de los mejores productos del campo. Concepci\u00f3n y Santiago son otras ciudades que ya cuentan con este espacio.<\/div>\n<div class=\"v1elementToProof\" style=\"text-align: justify;\">Para la presidenta de la organizaci\u00f3n campesina Productoras de la Patagonia, Josefina Ovando Godoy, \u00abesto ha sido muy importante y un paso para llegar al mercado campesino porque en este momento nosotras somos una organizaci\u00f3n que ha estado m\u00e1s de 20 a\u00f1os haciendo mercado itinerante en Paseo Horn. Tener un lugar como este nos da mucha alegr\u00eda. Tener el apoyo de las autoridades (&#8230;) nos da la importancia que estamos haciendo un buen trabajo como campesinos\u00bb.<\/div>\n<div class=\"v1elementToProof\" style=\"text-align: justify;\">Con un plan de trabajo a dos a\u00f1os, el proyecto contempla adicionalmente desarrollar un Centro Comunitario Productivo, con su respectiva resoluci\u00f3n sanitaria y aleda\u00f1o al inmueble que cede INDAP al Municipio en comodato para la construcci\u00f3n de la tienda, permitiendo fomentar la producci\u00f3n de art\u00edculos y capacitar a usuarias y usuarios de INDAP en comercializaci\u00f3n y procesamiento de alimentos, entre otras materias<b>.<\/b><\/div>\n<\/div><\/section><\/div><div  style='height:50px' class='hr hr-invisible   avia-builder-el-6  el_after_av_one_full  el_before_av_social_share '><span class='hr-inner ' ><span class='hr-inner-style'><\/span><\/span><\/div><\/p>\n<div  class='av-social-sharing-box  avia-builder-el-7  el_after_av_hr  el_before_av_hr  '><div class='av-share-box'><h5 class='av-share-link-description av-no-toc '>Compartir esta noticia<\/h5><ul class='av-share-box-list noLightbox'><li class='av-share-link av-social-link-facebook' ><a target=\"_blank\" aria-label=\"Compartir en Facebook\" href='https:\/\/www.facebook.com\/sharer.php?u=https:\/\/radiorevelacionfm.cl\/?p=55043&#038;t=Agricultura%20y%20Municipalidad%20de%20Coyhaique%20firman%20convenio%20para%20implementar%20primera%20Tienda%20Mundo%20Rural%20de%20la%20regi%C3%B3n' aria-hidden='false' data-av_icon='\ue8f3' data-av_iconfont='entypo-fontello' title='' data-avia-related-tooltip='Compartir en Facebook' rel=\"noopener\"><span class='avia_hidden_link_text'>Compartir en Facebook<\/span><\/a><\/li><li class='av-share-link av-social-link-twitter' ><a target=\"_blank\" aria-label=\"Compartir en Twitter\" href='https:\/\/twitter.com\/share?text=Agricultura%20y%20Municipalidad%20de%20Coyhaique%20firman%20convenio%20para%20implementar%20primera%20Tienda%20Mundo%20Rural%20de%20la%20regi%C3%B3n&#038;url=https:\/\/radiorevelacionfm.cl\/?p=55043' aria-hidden='false' data-av_icon='\ue8f1' data-av_iconfont='entypo-fontello' title='' data-avia-related-tooltip='Compartir en Twitter' rel=\"noopener\"><span class='avia_hidden_link_text'>Compartir en Twitter<\/span><\/a><\/li><li class='av-share-link av-social-link-whatsapp' ><a target=\"_blank\" aria-label=\"Compartir en Whatsapp\" href='https:\/\/api.whatsapp.com\/send?text=https:\/\/radiorevelacionfm.cl\/?p=55043' aria-hidden='false' data-av_icon='\uf232' data-av_iconfont='entypo-fontello' title='' data-avia-related-tooltip='Compartir en Whatsapp' rel=\"noopener\"><span class='avia_hidden_link_text'>Compartir en Whatsapp<\/span><\/a><\/li><li class='av-share-link av-social-link-linkedin' ><a target=\"_blank\" aria-label=\"Compartir en LinkedIn\" href='https:\/\/linkedin.com\/shareArticle?mini=true&#038;title=Agricultura%20y%20Municipalidad%20de%20Coyhaique%20firman%20convenio%20para%20implementar%20primera%20Tienda%20Mundo%20Rural%20de%20la%20regi%C3%B3n&#038;url=https:\/\/radiorevelacionfm.cl\/?p=55043' aria-hidden='false' data-av_icon='\ue8fc' data-av_iconfont='entypo-fontello' title='' data-avia-related-tooltip='Compartir en LinkedIn' rel=\"noopener\"><span class='avia_hidden_link_text'>Compartir en LinkedIn<\/span><\/a><\/li><li class='av-share-link av-social-link-mail' ><a  aria-label=\"Compartir por correo\" href='mailto:?subject=Agricultura%20y%20Municipalidad%20de%20Coyhaique%20firman%20convenio%20para%20implementar%20primera%20Tienda%20Mundo%20Rural%20de%20la%20regi%C3%B3n&#038;body=https:\/\/radiorevelacionfm.cl\/?p=55043' aria-hidden='false' data-av_icon='\ue805' data-av_iconfont='entypo-fontello' title='' data-avia-related-tooltip='Compartir por correo'><span class='avia_hidden_link_text'>Compartir por correo<\/span><\/a><\/li><\/ul><\/div><\/div>\n<div  style='height:50px' class='hr hr-invisible   avia-builder-el-8  el_after_av_social_share  el_before_av_comments_list '><span class='hr-inner ' ><span class='hr-inner-style'><\/span><\/span><\/div>\n<div  class='av-buildercomment  av-blog-meta-html-info-disabled av-blog-meta-tag-disabled  '><\/div>\n","protected":false},"excerpt":{"rendered":"","protected":false},"author":1,"featured_media":55044,"comment_status":"closed","ping_status":"closed","sticky":false,"template":"","format":"standard","meta":{"footnotes":""},"categories":[38],"tags":[],"class_list":["post-55043","post","type-post","status-publish","format-standard","has-post-thumbnail","hentry","category-regional"],"jetpack_featured_media_url":"https:\/\/radiorevelacionfm.cl\/wp-content\/uploads\/2025\/06\/image00001-12-1-1.jpeg","_links":{"self":[{"href":"https:\/\/radiorevelacionfm.cl\/index.php?rest_route=\/wp\/v2\/posts\/55043","targetHints":{"allow":["GET"]}}],"collection":[{"href":"https:\/\/radiorevelacionfm.cl\/index.php?rest_route=\/wp\/v2\/posts"}],"about":[{"href":"https:\/\/radiorevelacionfm.cl\/index.php?rest_route=\/wp\/v2\/types\/post"}],"author":[{"embeddable":true,"href":"https:\/\/radiorevelacionfm.cl\/index.php?rest_route=\/wp\/v2\/users\/1"}],"replies":[{"embeddable":true,"href":"https:\/\/radiorevelacionfm.cl\/index.php?rest_route=%2Fwp%2Fv2%2Fcomments&post=55043"}],"version-history":[{"count":2,"href":"https:\/\/radiorevelacionfm.cl\/index.php?rest_route=\/wp\/v2\/posts\/55043\/revisions"}],"predecessor-version":[{"id":55046,"href":"https:\/\/radiorevelacionfm.cl\/index.php?rest_route=\/wp\/v2\/posts\/55043\/revisions\/55046"}],"wp:featuredmedia":[{"embeddable":true,"href":"https:\/\/radiorevelacionfm.cl\/index.php?rest_route=\/wp\/v2\/media\/55044"}],"wp:attachment":[{"href":"https:\/\/radiorevelacionfm.cl\/index.php?rest_route=%2Fwp%2Fv2%2Fmedia&parent=55043"}],"wp:term":[{"taxonomy":"category","embeddable":true,"href":"https:\/\/radiorevelacionfm.cl\/index.php?rest_route=%2Fwp%2Fv2%2Fcategories&post=55043"},{"taxonomy":"post_tag","embeddable":true,"href":"https:\/\/radiorevelacionfm.cl\/index.php?rest_route=%2Fwp%2Fv2%2Ftags&post=55043"}],"curies":[{"name":"wp","href":"https:\/\/api.w.org\/{rel}","templated":true}]}}