{"id":55039,"date":"2025-06-09T20:44:53","date_gmt":"2025-06-09T23:44:53","guid":{"rendered":"https:\/\/radiorevelacionfm.cl\/?p=55039"},"modified":"2025-06-09T20:44:53","modified_gmt":"2025-06-09T23:44:53","slug":"la-cumbia-del-cerro-colorado-la-cancion-y-videoclip-de-rolando-formon-que-cierra-la-trilogia-delta-marron","status":"publish","type":"post","link":"https:\/\/radiorevelacionfm.cl\/?p=55039","title":{"rendered":"La Cumbia del Cerro Colorado: La canci\u00f3n y videoclip de Rolando Form\u00f3n que cierra la trilog\u00eda Delta Marr\u00f3n"},"content":{"rendered":"<div class=\"flex_column av_one_full  flex_column_div av-zero-column-padding first  avia-builder-el-0  el_before_av_one_full  avia-builder-el-first  \" style='border-radius:0px; '><div  class='avia-image-container  av-styling-    avia-builder-el-1  avia-builder-el-no-sibling  avia-align-center '  itemprop=\"image\" itemscope=\"itemscope\" itemtype=\"https:\/\/schema.org\/ImageObject\"  ><div class='avia-image-container-inner'><div class='avia-image-overlay-wrap'><img decoding=\"async\" class='wp-image-55040 avia-img-lazy-loading-not-55040 avia_image' src=\"https:\/\/radiorevelacionfm.cl\/wp-content\/uploads\/2025\/06\/2-CCC-09-06-1-1.jpg\" alt='' title='2 CCC 09-06 (1) (1)' height=\"600\" width=\"900\"  itemprop=\"thumbnailUrl\" srcset=\"https:\/\/radiorevelacionfm.cl\/wp-content\/uploads\/2025\/06\/2-CCC-09-06-1-1.jpg 900w, https:\/\/radiorevelacionfm.cl\/wp-content\/uploads\/2025\/06\/2-CCC-09-06-1-1-300x200.jpg 300w, https:\/\/radiorevelacionfm.cl\/wp-content\/uploads\/2025\/06\/2-CCC-09-06-1-1-768x512.jpg 768w, https:\/\/radiorevelacionfm.cl\/wp-content\/uploads\/2025\/06\/2-CCC-09-06-1-1-705x470.jpg 705w, https:\/\/radiorevelacionfm.cl\/wp-content\/uploads\/2025\/06\/2-CCC-09-06-1-1-450x300.jpg 450w, https:\/\/radiorevelacionfm.cl\/wp-content\/uploads\/2025\/06\/2-CCC-09-06-1-1-600x400.jpg 600w\" sizes=\"(max-width: 900px) 100vw, 900px\" \/><\/div><\/div><\/div><\/div><div class=\"flex_column av_one_full  flex_column_div av-zero-column-padding first  avia-builder-el-2  el_after_av_one_full  el_before_av_one_full  column-top-margin\" style='border-radius:0px; '><section class=\"av_textblock_section \"  itemscope=\"itemscope\" itemtype=\"https:\/\/schema.org\/BlogPosting\" itemprop=\"blogPost\" ><div class='avia_textblock  '   itemprop=\"text\" ><p style=\"text-align: center;\"><span style=\"font-size: 18pt;\"><strong>La Cumbia del Cerro Colorado: La canci\u00f3n y videoclip de Rolando Form\u00f3n que cierra la trilog\u00eda Delta Marr\u00f3n<\/strong><\/span><\/p>\n<div id=\"gtx-trans\" style=\"position: absolute; left: -50px; top: 4.31534px;\">\n<div class=\"gtx-trans-icon\"><\/div>\n<\/div>\n<\/div><\/section><\/div><div class=\"flex_column av_one_full  flex_column_div av-zero-column-padding first  avia-builder-el-4  el_after_av_one_full  el_before_av_hr  column-top-margin\" style='border-radius:0px; '><section class=\"av_textblock_section \"  itemscope=\"itemscope\" itemtype=\"https:\/\/schema.org\/BlogPosting\" itemprop=\"blogPost\" ><div class='avia_textblock  '   itemprop=\"text\" ><p style=\"text-align: justify;\">En Chile Chico, con una sala de la Casa de la Cultura repleta, el m\u00fasico local present\u00f3 a su p\u00fablico el tercer single de su disco Delta Marr\u00f3n, trabajo descrito por el mismo artista como \u201cuna cumbia muy pa\u2019 bailarla, pa\u2019 gozarla, y con mucho simbolismo\u201d.<\/p>\n<p style=\"text-align: justify;\">En esta nueva entrega, Form\u00f3n incursiona como lo muestra en todo su disco, con sonidos inspirados en la Patagonia, pero tambi\u00e9n en sus or\u00edgenes, incluyendo ritmos \u00e1rabes que se fusionan en esta cumbia.<\/p>\n<p style=\"text-align: justify;\">\u201cEs un desaf\u00edo para el disco, para mi, como m\u00fasico, como artista, de explorar el mundo de la cumbia, fusionando lo arabesco. Para m\u00ed es fusionar todo. Un formato contempor\u00e1neo con una visi\u00f3n antigua. Siempre tiene el elemento de lo local, del territorio, hoy estamos en la pampa y ac\u00e1 est\u00e1 el viento, el sol, la tierra, el barro, lo espiritual\u201d explica Rolando.<\/p>\n<p style=\"text-align: justify;\">Ese mismo d\u00eda tambi\u00e9n present\u00f3 oficialmente a la comunidad el videoclip \u201cLa Cumbia del Cerro Colora\u2019o\u201d, un trabajo desarrollado \u00edntegramente en Chile Chico y grabado en la estepa patag\u00f3nica, donde se puede ver una narrativa llena de simbolismos y con el cerro Colorado de protagonista.<\/p>\n<p style=\"text-align: justify;\">Este videoclip que fue grabado gracias al aporte del propio artista y de empresas regionales como Botiller\u00eda Nikko\u2019s, Cerveza D\u2019olbek y Supermercado Sur, ya est\u00e1 disponible en el canal oficial de Rolando Form\u00f3n en la plataforma Youtube y fue dirigido por Dalila Becerra, quien tambi\u00e9n estuvo a cargo del arte del mismo, y con quien el artista ya ha trabajado en sus dos entregas audiovisuales anteriores.<\/p>\n<p style=\"text-align: justify;\">Respecto a la inspiraci\u00f3n para desarrollar estos trabajos, Becerra destac\u00f3 que \u201clos elementos m\u00e1s importantes te los da la naturaleza. En Santiago hay mucha informaci\u00f3n visual, hay otras cosas que est\u00e1n pasando como movimientos, ruidos, es todo m\u00e1s acelerado. Ac\u00e1 la Patagonia te hace como un poco frenar y hacer con poco, mucho\u201d.<\/p>\n<p style=\"text-align: justify;\">Otro integrante del equipo de realizaci\u00f3n de Form\u00f3n es Gabriel Asenie, director del segundo videoclip llamado \u201cViajes Cortos\u201d, trabajo audiovisual que obtuvo menci\u00f3n honrosa en los pasados premios SAM 2025 desarrollado en Santiago de Chile durante abril.<\/p>\n<p style=\"text-align: justify;\">Para Asenie, que tambi\u00e9n es parte de la \u00faltima entrega tanto en direcci\u00f3n de arte como fotograf\u00eda, este trabajo \u201cha sido un viaje tambi\u00e9n, porque los temas se van conectando unos con otros, siempre vinculado al territorio y el cerro como tel\u00f3n de fondo. Espero que cuando salga este disco se note todo el amor y pasi\u00f3n que le hemos puesto\u201d.<\/p>\n<p style=\"text-align: justify;\">Actualmente Rolando Form\u00f3n trabaja en la difusi\u00f3n de tu trabajo por la regi\u00f3n y todo Chile, con miras a presentar su cuarto creaci\u00f3n musical llamada \u201cUna tarde naranja\u201d.<\/p>\n<p style=\"text-align: justify;\">Finalmente te invitamos a visitar la p\u00e1gina oficial de <a href=\"https:\/\/www.youtube.com\/channel\/UC7HRmwcTt2DIHzGSrAQQA6g\">Youtube<\/a> para conocer sus videoclips y tambi\u00e9n en las plataformas musicales como <a href=\"https:\/\/open.spotify.com\/intl-es\/artist\/27fQWpOrYwGeKoQ4dbXwF5\">Spotify<\/a>, <a href=\"https:\/\/music.apple.com\/cl\/artist\/rolando-formon\/1494052092\">Apple Music<\/a> y <a href=\"https:\/\/www.deezer.com\/mx\/artist\/82949962\">Deezer<\/a>.<\/p>\n<\/div><\/section><\/div><div  style='height:50px' class='hr hr-invisible   avia-builder-el-6  el_after_av_one_full  el_before_av_social_share '><span class='hr-inner ' ><span class='hr-inner-style'><\/span><\/span><\/div><\/p>\n<div  class='av-social-sharing-box  avia-builder-el-7  el_after_av_hr  el_before_av_hr  '><div class='av-share-box'><h5 class='av-share-link-description av-no-toc '>Compartir esta noticia<\/h5><ul class='av-share-box-list noLightbox'><li class='av-share-link av-social-link-facebook' ><a target=\"_blank\" aria-label=\"Compartir en Facebook\" href='https:\/\/www.facebook.com\/sharer.php?u=https:\/\/radiorevelacionfm.cl\/?p=55039&#038;t=La%20Cumbia%20del%20Cerro%20Colorado%3A%20La%20canci%C3%B3n%20y%20videoclip%20de%20Rolando%20Form%C3%B3n%20que%20cierra%20la%20trilog%C3%ADa%20Delta%20Marr%C3%B3n' aria-hidden='false' data-av_icon='\ue8f3' data-av_iconfont='entypo-fontello' title='' data-avia-related-tooltip='Compartir en Facebook' rel=\"noopener\"><span class='avia_hidden_link_text'>Compartir en Facebook<\/span><\/a><\/li><li class='av-share-link av-social-link-twitter' ><a target=\"_blank\" aria-label=\"Compartir en Twitter\" href='https:\/\/twitter.com\/share?text=La%20Cumbia%20del%20Cerro%20Colorado%3A%20La%20canci%C3%B3n%20y%20videoclip%20de%20Rolando%20Form%C3%B3n%20que%20cierra%20la%20trilog%C3%ADa%20Delta%20Marr%C3%B3n&#038;url=https:\/\/radiorevelacionfm.cl\/?p=55039' aria-hidden='false' data-av_icon='\ue8f1' data-av_iconfont='entypo-fontello' title='' data-avia-related-tooltip='Compartir en Twitter' rel=\"noopener\"><span class='avia_hidden_link_text'>Compartir en Twitter<\/span><\/a><\/li><li class='av-share-link av-social-link-whatsapp' ><a target=\"_blank\" aria-label=\"Compartir en Whatsapp\" href='https:\/\/api.whatsapp.com\/send?text=https:\/\/radiorevelacionfm.cl\/?p=55039' aria-hidden='false' data-av_icon='\uf232' data-av_iconfont='entypo-fontello' title='' data-avia-related-tooltip='Compartir en Whatsapp' rel=\"noopener\"><span class='avia_hidden_link_text'>Compartir en Whatsapp<\/span><\/a><\/li><li class='av-share-link av-social-link-linkedin' ><a target=\"_blank\" aria-label=\"Compartir en LinkedIn\" href='https:\/\/linkedin.com\/shareArticle?mini=true&#038;title=La%20Cumbia%20del%20Cerro%20Colorado%3A%20La%20canci%C3%B3n%20y%20videoclip%20de%20Rolando%20Form%C3%B3n%20que%20cierra%20la%20trilog%C3%ADa%20Delta%20Marr%C3%B3n&#038;url=https:\/\/radiorevelacionfm.cl\/?p=55039' aria-hidden='false' data-av_icon='\ue8fc' data-av_iconfont='entypo-fontello' title='' data-avia-related-tooltip='Compartir en LinkedIn' rel=\"noopener\"><span class='avia_hidden_link_text'>Compartir en LinkedIn<\/span><\/a><\/li><li class='av-share-link av-social-link-mail' ><a  aria-label=\"Compartir por correo\" href='mailto:?subject=La%20Cumbia%20del%20Cerro%20Colorado%3A%20La%20canci%C3%B3n%20y%20videoclip%20de%20Rolando%20Form%C3%B3n%20que%20cierra%20la%20trilog%C3%ADa%20Delta%20Marr%C3%B3n&#038;body=https:\/\/radiorevelacionfm.cl\/?p=55039' aria-hidden='false' data-av_icon='\ue805' data-av_iconfont='entypo-fontello' title='' data-avia-related-tooltip='Compartir por correo'><span class='avia_hidden_link_text'>Compartir por correo<\/span><\/a><\/li><\/ul><\/div><\/div>\n<div  style='height:50px' class='hr hr-invisible   avia-builder-el-8  el_after_av_social_share  el_before_av_comments_list '><span class='hr-inner ' ><span class='hr-inner-style'><\/span><\/span><\/div>\n<div  class='av-buildercomment  av-blog-meta-html-info-disabled av-blog-meta-tag-disabled  '><\/div>\n","protected":false},"excerpt":{"rendered":"","protected":false},"author":1,"featured_media":55040,"comment_status":"closed","ping_status":"closed","sticky":false,"template":"","format":"standard","meta":{"footnotes":""},"categories":[52],"tags":[],"class_list":["post-55039","post","type-post","status-publish","format-standard","has-post-thumbnail","hentry","category-cultura"],"jetpack_featured_media_url":"https:\/\/radiorevelacionfm.cl\/wp-content\/uploads\/2025\/06\/2-CCC-09-06-1-1.jpg","_links":{"self":[{"href":"https:\/\/radiorevelacionfm.cl\/index.php?rest_route=\/wp\/v2\/posts\/55039","targetHints":{"allow":["GET"]}}],"collection":[{"href":"https:\/\/radiorevelacionfm.cl\/index.php?rest_route=\/wp\/v2\/posts"}],"about":[{"href":"https:\/\/radiorevelacionfm.cl\/index.php?rest_route=\/wp\/v2\/types\/post"}],"author":[{"embeddable":true,"href":"https:\/\/radiorevelacionfm.cl\/index.php?rest_route=\/wp\/v2\/users\/1"}],"replies":[{"embeddable":true,"href":"https:\/\/radiorevelacionfm.cl\/index.php?rest_route=%2Fwp%2Fv2%2Fcomments&post=55039"}],"version-history":[{"count":2,"href":"https:\/\/radiorevelacionfm.cl\/index.php?rest_route=\/wp\/v2\/posts\/55039\/revisions"}],"predecessor-version":[{"id":55042,"href":"https:\/\/radiorevelacionfm.cl\/index.php?rest_route=\/wp\/v2\/posts\/55039\/revisions\/55042"}],"wp:featuredmedia":[{"embeddable":true,"href":"https:\/\/radiorevelacionfm.cl\/index.php?rest_route=\/wp\/v2\/media\/55040"}],"wp:attachment":[{"href":"https:\/\/radiorevelacionfm.cl\/index.php?rest_route=%2Fwp%2Fv2%2Fmedia&parent=55039"}],"wp:term":[{"taxonomy":"category","embeddable":true,"href":"https:\/\/radiorevelacionfm.cl\/index.php?rest_route=%2Fwp%2Fv2%2Fcategories&post=55039"},{"taxonomy":"post_tag","embeddable":true,"href":"https:\/\/radiorevelacionfm.cl\/index.php?rest_route=%2Fwp%2Fv2%2Ftags&post=55039"}],"curies":[{"name":"wp","href":"https:\/\/api.w.org\/{rel}","templated":true}]}}