{"id":55035,"date":"2025-06-09T19:25:39","date_gmt":"2025-06-09T22:25:39","guid":{"rendered":"https:\/\/radiorevelacionfm.cl\/?p=55035"},"modified":"2025-06-09T19:25:39","modified_gmt":"2025-06-09T22:25:39","slug":"estudiantes-de-automatizacion-y-robotica-del-cft-de-puerto-aysen-visitan-planta-solar-el-blanco-de-edelaysen","status":"publish","type":"post","link":"https:\/\/radiorevelacionfm.cl\/?p=55035","title":{"rendered":"Estudiantes de Automatizaci\u00f3n y Rob\u00f3tica del CFT de Puerto Ays\u00e9n visitan planta solar El Blanco de Edelaysen"},"content":{"rendered":"<div class=\"flex_column av_one_full  flex_column_div av-zero-column-padding first  avia-builder-el-0  el_before_av_one_full  avia-builder-el-first  \" style='border-radius:0px; '><div  class='avia-image-container  av-styling-    avia-builder-el-1  avia-builder-el-no-sibling  avia-align-center '  itemprop=\"image\" itemscope=\"itemscope\" itemtype=\"https:\/\/schema.org\/ImageObject\"  ><div class='avia-image-container-inner'><div class='avia-image-overlay-wrap'><img decoding=\"async\" class='wp-image-55036 avia-img-lazy-loading-not-55036 avia_image' src=\"https:\/\/radiorevelacionfm.cl\/wp-content\/uploads\/2025\/06\/CFT-Estatal-Puerto-Aysen-visita-PFV-El-Blanco0-1-1.jpeg\" alt='' title='CFT Estatal Puerto Ays\u00e9n visita PFV El Blanco0 (1) (1)' height=\"600\" width=\"800\"  itemprop=\"thumbnailUrl\" srcset=\"https:\/\/radiorevelacionfm.cl\/wp-content\/uploads\/2025\/06\/CFT-Estatal-Puerto-Aysen-visita-PFV-El-Blanco0-1-1.jpeg 800w, https:\/\/radiorevelacionfm.cl\/wp-content\/uploads\/2025\/06\/CFT-Estatal-Puerto-Aysen-visita-PFV-El-Blanco0-1-1-300x225.jpeg 300w, https:\/\/radiorevelacionfm.cl\/wp-content\/uploads\/2025\/06\/CFT-Estatal-Puerto-Aysen-visita-PFV-El-Blanco0-1-1-768x576.jpeg 768w, https:\/\/radiorevelacionfm.cl\/wp-content\/uploads\/2025\/06\/CFT-Estatal-Puerto-Aysen-visita-PFV-El-Blanco0-1-1-705x529.jpeg 705w, https:\/\/radiorevelacionfm.cl\/wp-content\/uploads\/2025\/06\/CFT-Estatal-Puerto-Aysen-visita-PFV-El-Blanco0-1-1-450x338.jpeg 450w, https:\/\/radiorevelacionfm.cl\/wp-content\/uploads\/2025\/06\/CFT-Estatal-Puerto-Aysen-visita-PFV-El-Blanco0-1-1-600x450.jpeg 600w\" sizes=\"(max-width: 800px) 100vw, 800px\" \/><\/div><\/div><\/div><\/div><div class=\"flex_column av_one_full  flex_column_div av-zero-column-padding first  avia-builder-el-2  el_after_av_one_full  el_before_av_one_full  column-top-margin\" style='border-radius:0px; '><section class=\"av_textblock_section \"  itemscope=\"itemscope\" itemtype=\"https:\/\/schema.org\/BlogPosting\" itemprop=\"blogPost\" ><div class='avia_textblock  '   itemprop=\"text\" ><p style=\"text-align: center;\"><span style=\"font-size: 18pt;\"><strong>Estudiantes de Automatizaci\u00f3n y Rob\u00f3tica del CFT de Puerto Ays\u00e9n visitan planta solar El Blanco de Edelaysen<\/strong><\/span><\/p>\n<div id=\"gtx-trans\" style=\"position: absolute; left: -50px; top: 4.31534px;\">\n<div class=\"gtx-trans-icon\"><\/div>\n<\/div>\n<\/div><\/section><\/div><div class=\"flex_column av_one_full  flex_column_div av-zero-column-padding first  avia-builder-el-4  el_after_av_one_full  el_before_av_hr  column-top-margin\" style='border-radius:0px; '><section class=\"av_textblock_section \"  itemscope=\"itemscope\" itemtype=\"https:\/\/schema.org\/BlogPosting\" itemprop=\"blogPost\" ><div class='avia_textblock  '   itemprop=\"text\" ><p style=\"text-align: justify;\"><em>La actividad permiti\u00f3 a los alumnos para recorrer la instalaci\u00f3n fotovoltaica y vincular su formaci\u00f3n t\u00e9cnica con las energ\u00edas limpias que avanzan en la regi\u00f3n.<\/em><\/p>\n<p style=\"text-align: justify;\">Edelaysen abri\u00f3 esta semana las puertas de su Planta Fotovoltaica El Blanco, ubicada en la comuna de Coyhaique, para recibir a los estudiantes de segundo a\u00f1o de la carrera T\u00e9cnico Nivel Superior en Automatizaci\u00f3n y Rob\u00f3tica Industrial del Centro de Formaci\u00f3n T\u00e9cnica Estatal de Puerto Ays\u00e9n.<\/p>\n<p style=\"text-align: justify;\">Durante la visita guiada, los alumnos conocieron en terreno el funcionamiento de esta central solar, aprendiendo sobre sus componentes, procesos y el aporte de este tipo de tecnolog\u00eda a la matriz energ\u00e9tica de la regi\u00f3n. La actividad fue una oportunidad concreta para complementar los contenidos te\u00f3ricos con una experiencia real en un entorno de generaci\u00f3n limpia.<\/p>\n<p style=\"text-align: justify;\">Desde Edelaysen destacaron la importancia de acercar la industria energ\u00e9tica a la formaci\u00f3n t\u00e9cnica local, contribuyendo al desarrollo de capital humano para el futuro de la regi\u00f3n. \u201cCreemos que abrir espacios como estos es clave para fortalecer el v\u00ednculo entre los estudiantes y el sector energ\u00e9tico. La transici\u00f3n hacia una matriz m\u00e1s sustentable tambi\u00e9n se construye con educaci\u00f3n y colaboraci\u00f3n, por lo tanto, estamos felices y agradecidos que el CFT Estatal nos considere y desde luego cuente con nosotros para este tipo de iniciativas\u201d, destac\u00f3 Yasna Vera, ejecutiva de Edelaysen.<\/p>\n<p style=\"text-align: justify;\">Por su parte, Fernanda Almonacid, estudiante de segundo a\u00f1o puntualiz\u00f3 que: \u201cNos pareci\u00f3 muy interesante estar ac\u00e1, ya que estamos pasando m\u00e1quina el\u00e9ctrica y venir ac\u00e1 a ver la planta fotovoltaica nos pareci\u00f3 muy bueno para saber m\u00e1s, a pesar de que no somos el\u00e9ctricos, pero que igual tiene mucha relaci\u00f3n nuestra carrera con el rubro el\u00e9ctrico. En ese sentido, lo que m\u00e1s me llam\u00f3 la atenci\u00f3n fueron los paneles, el control, que es algo que nosotros aplicar\u00edamos en nuestro trabajo, definir los par\u00e1metros o instalaci\u00f3n de sensores donde a trav\u00e9s del PLC (Controladores L\u00f3gicos Programables) ver\u00edamos todo eso\u201d.<\/p>\n<p style=\"text-align: justify;\">Desde la el\u00e9ctrica destacaron que este tipo de encuentros permiten acercar la industria energ\u00e9tica a los estudiantes, fomentar el inter\u00e9s por las energ\u00edas limpias y fortalecer la formaci\u00f3n de capital humano en la regi\u00f3n.<\/p>\n<p style=\"text-align: justify;\"><strong>\u00a0<\/strong><\/p>\n<\/div><\/section><\/div><div  style='height:50px' class='hr hr-invisible   avia-builder-el-6  el_after_av_one_full  el_before_av_social_share '><span class='hr-inner ' ><span class='hr-inner-style'><\/span><\/span><\/div><\/p>\n<div  class='av-social-sharing-box  avia-builder-el-7  el_after_av_hr  el_before_av_hr  '><div class='av-share-box'><h5 class='av-share-link-description av-no-toc '>Compartir esta noticia<\/h5><ul class='av-share-box-list noLightbox'><li class='av-share-link av-social-link-facebook' ><a target=\"_blank\" aria-label=\"Compartir en Facebook\" href='https:\/\/www.facebook.com\/sharer.php?u=https:\/\/radiorevelacionfm.cl\/?p=55035&#038;t=Estudiantes%20de%20Automatizaci%C3%B3n%20y%20Rob%C3%B3tica%20del%20CFT%20de%20Puerto%20Ays%C3%A9n%20visitan%20planta%20solar%20El%20Blanco%20de%20Edelaysen' aria-hidden='false' data-av_icon='\ue8f3' data-av_iconfont='entypo-fontello' title='' data-avia-related-tooltip='Compartir en Facebook' rel=\"noopener\"><span class='avia_hidden_link_text'>Compartir en Facebook<\/span><\/a><\/li><li class='av-share-link av-social-link-twitter' ><a target=\"_blank\" aria-label=\"Compartir en Twitter\" href='https:\/\/twitter.com\/share?text=Estudiantes%20de%20Automatizaci%C3%B3n%20y%20Rob%C3%B3tica%20del%20CFT%20de%20Puerto%20Ays%C3%A9n%20visitan%20planta%20solar%20El%20Blanco%20de%20Edelaysen&#038;url=https:\/\/radiorevelacionfm.cl\/?p=55035' aria-hidden='false' data-av_icon='\ue8f1' data-av_iconfont='entypo-fontello' title='' data-avia-related-tooltip='Compartir en Twitter' rel=\"noopener\"><span class='avia_hidden_link_text'>Compartir en Twitter<\/span><\/a><\/li><li class='av-share-link av-social-link-whatsapp' ><a target=\"_blank\" aria-label=\"Compartir en Whatsapp\" href='https:\/\/api.whatsapp.com\/send?text=https:\/\/radiorevelacionfm.cl\/?p=55035' aria-hidden='false' data-av_icon='\uf232' data-av_iconfont='entypo-fontello' title='' data-avia-related-tooltip='Compartir en Whatsapp' rel=\"noopener\"><span class='avia_hidden_link_text'>Compartir en Whatsapp<\/span><\/a><\/li><li class='av-share-link av-social-link-linkedin' ><a target=\"_blank\" aria-label=\"Compartir en LinkedIn\" href='https:\/\/linkedin.com\/shareArticle?mini=true&#038;title=Estudiantes%20de%20Automatizaci%C3%B3n%20y%20Rob%C3%B3tica%20del%20CFT%20de%20Puerto%20Ays%C3%A9n%20visitan%20planta%20solar%20El%20Blanco%20de%20Edelaysen&#038;url=https:\/\/radiorevelacionfm.cl\/?p=55035' aria-hidden='false' data-av_icon='\ue8fc' data-av_iconfont='entypo-fontello' title='' data-avia-related-tooltip='Compartir en LinkedIn' rel=\"noopener\"><span class='avia_hidden_link_text'>Compartir en LinkedIn<\/span><\/a><\/li><li class='av-share-link av-social-link-mail' ><a  aria-label=\"Compartir por correo\" href='mailto:?subject=Estudiantes%20de%20Automatizaci%C3%B3n%20y%20Rob%C3%B3tica%20del%20CFT%20de%20Puerto%20Ays%C3%A9n%20visitan%20planta%20solar%20El%20Blanco%20de%20Edelaysen&#038;body=https:\/\/radiorevelacionfm.cl\/?p=55035' aria-hidden='false' data-av_icon='\ue805' data-av_iconfont='entypo-fontello' title='' data-avia-related-tooltip='Compartir por correo'><span class='avia_hidden_link_text'>Compartir por correo<\/span><\/a><\/li><\/ul><\/div><\/div>\n<div  style='height:50px' class='hr hr-invisible   avia-builder-el-8  el_after_av_social_share  el_before_av_comments_list '><span class='hr-inner ' ><span class='hr-inner-style'><\/span><\/span><\/div>\n<div  class='av-buildercomment  av-blog-meta-html-info-disabled av-blog-meta-tag-disabled  '><\/div>\n","protected":false},"excerpt":{"rendered":"","protected":false},"author":1,"featured_media":55036,"comment_status":"closed","ping_status":"closed","sticky":false,"template":"","format":"standard","meta":{"footnotes":""},"categories":[38],"tags":[],"class_list":["post-55035","post","type-post","status-publish","format-standard","has-post-thumbnail","hentry","category-regional"],"jetpack_featured_media_url":"https:\/\/radiorevelacionfm.cl\/wp-content\/uploads\/2025\/06\/CFT-Estatal-Puerto-Aysen-visita-PFV-El-Blanco0-1-1.jpeg","_links":{"self":[{"href":"https:\/\/radiorevelacionfm.cl\/index.php?rest_route=\/wp\/v2\/posts\/55035","targetHints":{"allow":["GET"]}}],"collection":[{"href":"https:\/\/radiorevelacionfm.cl\/index.php?rest_route=\/wp\/v2\/posts"}],"about":[{"href":"https:\/\/radiorevelacionfm.cl\/index.php?rest_route=\/wp\/v2\/types\/post"}],"author":[{"embeddable":true,"href":"https:\/\/radiorevelacionfm.cl\/index.php?rest_route=\/wp\/v2\/users\/1"}],"replies":[{"embeddable":true,"href":"https:\/\/radiorevelacionfm.cl\/index.php?rest_route=%2Fwp%2Fv2%2Fcomments&post=55035"}],"version-history":[{"count":2,"href":"https:\/\/radiorevelacionfm.cl\/index.php?rest_route=\/wp\/v2\/posts\/55035\/revisions"}],"predecessor-version":[{"id":55038,"href":"https:\/\/radiorevelacionfm.cl\/index.php?rest_route=\/wp\/v2\/posts\/55035\/revisions\/55038"}],"wp:featuredmedia":[{"embeddable":true,"href":"https:\/\/radiorevelacionfm.cl\/index.php?rest_route=\/wp\/v2\/media\/55036"}],"wp:attachment":[{"href":"https:\/\/radiorevelacionfm.cl\/index.php?rest_route=%2Fwp%2Fv2%2Fmedia&parent=55035"}],"wp:term":[{"taxonomy":"category","embeddable":true,"href":"https:\/\/radiorevelacionfm.cl\/index.php?rest_route=%2Fwp%2Fv2%2Fcategories&post=55035"},{"taxonomy":"post_tag","embeddable":true,"href":"https:\/\/radiorevelacionfm.cl\/index.php?rest_route=%2Fwp%2Fv2%2Ftags&post=55035"}],"curies":[{"name":"wp","href":"https:\/\/api.w.org\/{rel}","templated":true}]}}