{"id":55024,"date":"2025-06-09T18:56:53","date_gmt":"2025-06-09T21:56:53","guid":{"rendered":"https:\/\/radiorevelacionfm.cl\/?p=55024"},"modified":"2025-06-09T18:56:53","modified_gmt":"2025-06-09T21:56:53","slug":"termometro-laboral-49-fue-el-crecimiento-interanual-de-personas-ocupadas","status":"publish","type":"post","link":"https:\/\/radiorevelacionfm.cl\/?p=55024","title":{"rendered":"Term\u00f3metro laboral: 4,9% fue el crecimiento interanual de personas ocupadas"},"content":{"rendered":"<div class=\"flex_column av_one_full  flex_column_div av-zero-column-padding first  avia-builder-el-0  el_before_av_one_full  avia-builder-el-first  \" style='border-radius:0px; '><div  class='avia-image-container  av-styling-    avia-builder-el-1  avia-builder-el-no-sibling  avia-align-center '  itemprop=\"image\" itemscope=\"itemscope\" itemtype=\"https:\/\/schema.org\/ImageObject\"  ><div class='avia-image-container-inner'><div class='avia-image-overlay-wrap'><img decoding=\"async\" class='wp-image-55025 avia-img-lazy-loading-not-55025 avia_image' src=\"https:\/\/radiorevelacionfm.cl\/wp-content\/uploads\/2025\/06\/obreros-construccion-3-1_optimized.jpg\" alt='' title='obreros-construcci\u00f3n-(3)-(1)_optimized' height=\"600\" width=\"900\"  itemprop=\"thumbnailUrl\" srcset=\"https:\/\/radiorevelacionfm.cl\/wp-content\/uploads\/2025\/06\/obreros-construccion-3-1_optimized.jpg 900w, https:\/\/radiorevelacionfm.cl\/wp-content\/uploads\/2025\/06\/obreros-construccion-3-1_optimized-300x200.jpg 300w, https:\/\/radiorevelacionfm.cl\/wp-content\/uploads\/2025\/06\/obreros-construccion-3-1_optimized-768x512.jpg 768w, https:\/\/radiorevelacionfm.cl\/wp-content\/uploads\/2025\/06\/obreros-construccion-3-1_optimized-705x470.jpg 705w, https:\/\/radiorevelacionfm.cl\/wp-content\/uploads\/2025\/06\/obreros-construccion-3-1_optimized-450x300.jpg 450w, https:\/\/radiorevelacionfm.cl\/wp-content\/uploads\/2025\/06\/obreros-construccion-3-1_optimized-600x400.jpg 600w\" sizes=\"(max-width: 900px) 100vw, 900px\" \/><\/div><\/div><\/div><\/div><div class=\"flex_column av_one_full  flex_column_div av-zero-column-padding first  avia-builder-el-2  el_after_av_one_full  el_before_av_one_full  column-top-margin\" style='border-radius:0px; '><section class=\"av_textblock_section \"  itemscope=\"itemscope\" itemtype=\"https:\/\/schema.org\/BlogPosting\" itemprop=\"blogPost\" ><div class='avia_textblock  '   itemprop=\"text\" ><p style=\"text-align: center;\"><span style=\"font-size: 18pt;\"><strong>Term\u00f3metro laboral: 4,9% fue el crecimiento interanual de personas ocupadas <\/strong><\/span><\/p>\n<div id=\"gtx-trans\" style=\"position: absolute; left: -50px; top: 4.31534px;\">\n<div class=\"gtx-trans-icon\"><\/div>\n<\/div>\n<\/div><\/section><\/div><div class=\"flex_column av_one_full  flex_column_div av-zero-column-padding first  avia-builder-el-4  el_after_av_one_full  el_before_av_hr  column-top-margin\" style='border-radius:0px; '><section class=\"av_textblock_section \"  itemscope=\"itemscope\" itemtype=\"https:\/\/schema.org\/BlogPosting\" itemprop=\"blogPost\" ><div class='avia_textblock  '   itemprop=\"text\" ><p style=\"text-align: justify;\"><em>La poblaci\u00f3n que se encontraba fuera de la fuerza de trabajo por razones habituales disminuy\u00f3 globalmente un 1,9% mensual y un 6,2% anual. Desglosado, las mujeres registraron una baja del 0,4% mensual y del 3,7% anual, mientras que los hombres descendieron un 4,5% mensualmente y un 10,5% anualmente.<\/em><\/p>\n<p style=\"text-align: justify;\"><em>\u00a0<\/em>Ya la semana pasada el informe INE daba luces de c\u00f3mo la regi\u00f3n ha tenido un comportamiento positivo en los \u00faltimos meses, dando a entender que nos enfrentamos a una proyecci\u00f3n efectiva, lo que sin lugar a duda es una gran noticia para los sectores econ\u00f3micos, pero por, sobre todo, es importante saber por qu\u00e9 se da este comportamiento y c\u00f3mo han incidido diversas situaciones para que Ays\u00e9n destaque con s\u00f3lidas cifras por sobre la media nacional.<\/p>\n<p style=\"text-align: justify;\">Es as\u00ed como el an\u00e1lisis de los indicadores clave del mercado laboral indican que, en el \u00faltimo trimestre, la tasa de desocupaci\u00f3n en la regi\u00f3n fue del 4,2%, por debajo del promedio nacional, lo que la posiciona en el primer lugar a nivel pa\u00eds con la tasa de desempleo m\u00e1s baja. Adem\u00e1s, destaca en las tasas de ocupaci\u00f3n y participaci\u00f3n alcanzando el 69,1% y 72,1% respectivamente, siendo las m\u00e1s altas del pa\u00eds.<\/p>\n<p style=\"text-align: justify;\"><strong><u>El aporte del mundo privado y la recuperaci\u00f3n en el empleo<\/u><\/strong><\/p>\n<p style=\"text-align: justify;\">En la regi\u00f3n de Ays\u00e9n se han incrementado las inversiones, espec\u00edficamente en el rubro de construcci\u00f3n, donde se puede apreciar de mejor forma el aumento de la ocupaci\u00f3n laboral. El seremi(s) del Trabajo y Previsi\u00f3n Social, Rodrigo D\u00edaz Cordaro, describe este fen\u00f3meno como positivo, como tambi\u00e9n, destaca el avance significativo del empleo formal en la regi\u00f3n lo que tambi\u00e9n se puede traducir en la confianza que las empresas sienten para proyectarse positivamente y as\u00ed aumentar la contrataci\u00f3n.<\/p>\n<p style=\"text-align: justify;\">Con respecto al aporte de los asalariados del mundo privado, la cifra es decidora, pues concentra el 45,1% de ocupados de la regi\u00f3n, lo que se traduce en 27.227 personas.<\/p>\n<p style=\"text-align: justify;\">\u201cYa a comienzos de marzo hab\u00eda satisfacci\u00f3n por las cifras que eran s\u00f3lidas, pero por, sobre todo, por tener un alto n\u00famero de personas ocupadas en el territorio regional. Los datos oficiales dicen que entre febrero y abril de 2025 se registr\u00f3 un aumento del 4,9% en la cantidad total de personas ocupadas con respecto al mismo periodo de 2024, de igual manera que el n\u00famero de asalariados, sumando p\u00fablicos como privados, aument\u00f3 en un 9,1%, entonces, esperamos que esto prospere con el tiempo y sea algo cada vez m\u00e1s usual en nuestros anuncios como Gobierno\u201d, aludi\u00f3 la autoridad.<\/p>\n<p style=\"text-align: justify;\">D\u00edaz Cordaro adem\u00e1s enfatiz\u00f3, \u201cAlgo que no podemos dejar de rescatar es la inversi\u00f3n del privado, porque este sector ha influido favorablemente para continuar el camino de esta reactivaci\u00f3n y, a su vez, aportar de manera significativa en los resultados de fuerza laboral ocupada\u201d, mencion\u00f3.<\/p>\n<p style=\"text-align: justify;\"><strong><u>Producto Interno Bruto y proyecci\u00f3n econ\u00f3mica<\/u><\/strong><\/p>\n<p style=\"text-align: justify;\">Un sorprendente 9,6% de avance arroj\u00f3 el PIB regional para el trimestre octubre a diciembre del a\u00f1o 2024, lo que refuerza las proyecciones auguradas para el primer y segundo trimestre del presente a\u00f1o, Ays\u00e9n, demostrar\u00eda un mayor crecimiento y desarrollo econ\u00f3mico, reflejado, principalmente, en un \u00e1rea tan importante como es la construcci\u00f3n, turismo, comercio y otros sectores.<\/p>\n<p style=\"text-align: justify;\">En relaci\u00f3n a las positivas cifras presentadas, el seremi de Econom\u00eda, Fomento y Turismo, Felipe Rojas Pizarro, relev\u00f3 el positivo escenario econ\u00f3mico que augura un resultado positivo para el pr\u00f3ximo trimestre.<\/p>\n<p style=\"text-align: justify;\">\u201cEstas cifras de empleo son parte de otras noticias positivas que hemos visto en el \u00faltimo mes.\u00a0Por ejemplo, las ventas sobre el mercado aumentaron 5,7% en 12 meses en el mes de abril,\u00a0y el incremento de m\u00e1s de 2,7% en desembarque pesquero regional en el primer trimestre de este a\u00f1o.\u00a0Estas alentadoras cifras nos permiten augurar un muy buen primer trimestre del presente a\u00f1o\u201d.<\/p>\n<p style=\"text-align: justify;\"><strong><u>Actividades econ\u00f3micas y Empleo<\/u><\/strong><strong>: El crecimiento del sector construcci\u00f3n<\/strong><\/p>\n<p style=\"text-align: justify;\">Durante el periodo febrero-abril del 2025 se registran datos en los que la regi\u00f3n de Ays\u00e9n tiene 60.337 personas ocupadas. De ese total, 6.663 pertenecen al sector de la construcci\u00f3n, representando el 11,0% del conjunto. Asimismo, el \u00faltimo c\u00e1lculo de inferencias del sector es de 2,7 puntos porcentuales (p.p.) reafirmando su relevancia en la estructura laboral regional.<\/p>\n<p style=\"text-align: justify;\">Para C\u00e9sar G\u00f3mez Berrocal, Director del Observatorio Laboral de Ays\u00e9n, es importante destacar este avance y explicar lo importante de esta variable ya que incide en el desarrollo econ\u00f3mico de la regi\u00f3n.<\/p>\n<p style=\"text-align: justify;\">\u201cAl revisar la incidencia de los distintos sectores en el empleo regional, destaca el crecimiento anual del sector construcci\u00f3n, donde los datos dan cuenta de un crecimiento anual del 30,2% y podemos ver que durante el primer semestre de 2025 se han registrado en la regi\u00f3n 10 proyectos de inversi\u00f3n, que aportan 105 millones de d\u00f3lares que requieren, aproximadamente 667 puestos en la etapa de construcci\u00f3n. La mayor\u00eda corresponden a infraestructura vial, focalizada en el avance y mantenci\u00f3n de carreteras, concentr\u00e1ndose en Coyhaique, donde se destacan inversiones significativas como las obras de mejoramiento de caminos y el nuevo terminal a\u00e9reo de Balmaceda\u201d indic\u00f3 el representante del programa.<\/p>\n<p style=\"text-align: justify;\">El Observatorio Laboral de Ays\u00e9n, es parte de la Estrategia Nacional de Prospecci\u00f3n Laboral, convenio firmado entre el Centro de Formaci\u00f3n T\u00e9cnica Estatal de Ays\u00e9n y la Subsecretaria del Trabajo, representada por la Seremi de Trabajo y Previsi\u00f3n Social. Para acceder al Term\u00f3metro Laboral del trimestre febrero- marzo- abril, el link es: https:\/\/www.subtrab.gob.cl\/tl\/ y dar click a regi\u00f3n de Ays\u00e9n.<\/p>\n<p style=\"text-align: justify;\">Si quieres conocer m\u00e1s del trabajo del nuevo Observatorio Laboral Ays\u00e9n, pueden revisar sus redes sociales en Instagram como @olraysen, en X como @OLRAysen y su fanpage de Facebook: Observatorio Laboral Ays\u00e9n.<\/p>\n<\/div><\/section><\/div><div  style='height:50px' class='hr hr-invisible   avia-builder-el-6  el_after_av_one_full  el_before_av_social_share '><span class='hr-inner ' ><span class='hr-inner-style'><\/span><\/span><\/div><\/p>\n<div  class='av-social-sharing-box  avia-builder-el-7  el_after_av_hr  el_before_av_hr  '><div class='av-share-box'><h5 class='av-share-link-description av-no-toc '>Compartir esta noticia<\/h5><ul class='av-share-box-list noLightbox'><li class='av-share-link av-social-link-facebook' ><a target=\"_blank\" aria-label=\"Compartir en Facebook\" href='https:\/\/www.facebook.com\/sharer.php?u=https:\/\/radiorevelacionfm.cl\/?p=55024&#038;t=Term%C3%B3metro%20laboral%3A%204%2C9%25%20fue%20el%20crecimiento%20interanual%20de%20personas%20ocupadas' aria-hidden='false' data-av_icon='\ue8f3' data-av_iconfont='entypo-fontello' title='' data-avia-related-tooltip='Compartir en Facebook' rel=\"noopener\"><span class='avia_hidden_link_text'>Compartir en Facebook<\/span><\/a><\/li><li class='av-share-link av-social-link-twitter' ><a target=\"_blank\" aria-label=\"Compartir en Twitter\" href='https:\/\/twitter.com\/share?text=Term%C3%B3metro%20laboral%3A%204%2C9%25%20fue%20el%20crecimiento%20interanual%20de%20personas%20ocupadas&#038;url=https:\/\/radiorevelacionfm.cl\/?p=55024' aria-hidden='false' data-av_icon='\ue8f1' data-av_iconfont='entypo-fontello' title='' data-avia-related-tooltip='Compartir en Twitter' rel=\"noopener\"><span class='avia_hidden_link_text'>Compartir en Twitter<\/span><\/a><\/li><li class='av-share-link av-social-link-whatsapp' ><a target=\"_blank\" aria-label=\"Compartir en Whatsapp\" href='https:\/\/api.whatsapp.com\/send?text=https:\/\/radiorevelacionfm.cl\/?p=55024' aria-hidden='false' data-av_icon='\uf232' data-av_iconfont='entypo-fontello' title='' data-avia-related-tooltip='Compartir en Whatsapp' rel=\"noopener\"><span class='avia_hidden_link_text'>Compartir en Whatsapp<\/span><\/a><\/li><li class='av-share-link av-social-link-linkedin' ><a target=\"_blank\" aria-label=\"Compartir en LinkedIn\" href='https:\/\/linkedin.com\/shareArticle?mini=true&#038;title=Term%C3%B3metro%20laboral%3A%204%2C9%25%20fue%20el%20crecimiento%20interanual%20de%20personas%20ocupadas&#038;url=https:\/\/radiorevelacionfm.cl\/?p=55024' aria-hidden='false' data-av_icon='\ue8fc' data-av_iconfont='entypo-fontello' title='' data-avia-related-tooltip='Compartir en LinkedIn' rel=\"noopener\"><span class='avia_hidden_link_text'>Compartir en LinkedIn<\/span><\/a><\/li><li class='av-share-link av-social-link-mail' ><a  aria-label=\"Compartir por correo\" href='mailto:?subject=Term%C3%B3metro%20laboral%3A%204%2C9%25%20fue%20el%20crecimiento%20interanual%20de%20personas%20ocupadas&#038;body=https:\/\/radiorevelacionfm.cl\/?p=55024' aria-hidden='false' data-av_icon='\ue805' data-av_iconfont='entypo-fontello' title='' data-avia-related-tooltip='Compartir por correo'><span class='avia_hidden_link_text'>Compartir por correo<\/span><\/a><\/li><\/ul><\/div><\/div>\n<div  style='height:50px' class='hr hr-invisible   avia-builder-el-8  el_after_av_social_share  el_before_av_comments_list '><span class='hr-inner ' ><span class='hr-inner-style'><\/span><\/span><\/div>\n<div  class='av-buildercomment  av-blog-meta-html-info-disabled av-blog-meta-tag-disabled  '><\/div>\n","protected":false},"excerpt":{"rendered":"","protected":false},"author":1,"featured_media":55025,"comment_status":"closed","ping_status":"closed","sticky":false,"template":"","format":"standard","meta":{"footnotes":""},"categories":[56],"tags":[],"class_list":["post-55024","post","type-post","status-publish","format-standard","has-post-thumbnail","hentry","category-trabajo"],"jetpack_featured_media_url":"https:\/\/radiorevelacionfm.cl\/wp-content\/uploads\/2025\/06\/obreros-construccion-3-1_optimized.jpg","_links":{"self":[{"href":"https:\/\/radiorevelacionfm.cl\/index.php?rest_route=\/wp\/v2\/posts\/55024","targetHints":{"allow":["GET"]}}],"collection":[{"href":"https:\/\/radiorevelacionfm.cl\/index.php?rest_route=\/wp\/v2\/posts"}],"about":[{"href":"https:\/\/radiorevelacionfm.cl\/index.php?rest_route=\/wp\/v2\/types\/post"}],"author":[{"embeddable":true,"href":"https:\/\/radiorevelacionfm.cl\/index.php?rest_route=\/wp\/v2\/users\/1"}],"replies":[{"embeddable":true,"href":"https:\/\/radiorevelacionfm.cl\/index.php?rest_route=%2Fwp%2Fv2%2Fcomments&post=55024"}],"version-history":[{"count":2,"href":"https:\/\/radiorevelacionfm.cl\/index.php?rest_route=\/wp\/v2\/posts\/55024\/revisions"}],"predecessor-version":[{"id":55030,"href":"https:\/\/radiorevelacionfm.cl\/index.php?rest_route=\/wp\/v2\/posts\/55024\/revisions\/55030"}],"wp:featuredmedia":[{"embeddable":true,"href":"https:\/\/radiorevelacionfm.cl\/index.php?rest_route=\/wp\/v2\/media\/55025"}],"wp:attachment":[{"href":"https:\/\/radiorevelacionfm.cl\/index.php?rest_route=%2Fwp%2Fv2%2Fmedia&parent=55024"}],"wp:term":[{"taxonomy":"category","embeddable":true,"href":"https:\/\/radiorevelacionfm.cl\/index.php?rest_route=%2Fwp%2Fv2%2Fcategories&post=55024"},{"taxonomy":"post_tag","embeddable":true,"href":"https:\/\/radiorevelacionfm.cl\/index.php?rest_route=%2Fwp%2Fv2%2Ftags&post=55024"}],"curies":[{"name":"wp","href":"https:\/\/api.w.org\/{rel}","templated":true}]}}