{"id":55012,"date":"2025-06-09T16:57:22","date_gmt":"2025-06-09T19:57:22","guid":{"rendered":"https:\/\/radiorevelacionfm.cl\/?p=55012"},"modified":"2025-06-09T16:57:22","modified_gmt":"2025-06-09T19:57:22","slug":"juzgado-de-letras-garantia-y-familia-de-cochrane-realiza-itinerancia-en-tortel-y-villa-ohiggins","status":"publish","type":"post","link":"https:\/\/radiorevelacionfm.cl\/?p=55012","title":{"rendered":"Juzgado de Letras, Garant\u00eda y Familia de Cochrane realiza itinerancia en Tortel y Villa O&#8217;higgins"},"content":{"rendered":"<div class=\"flex_column av_one_full  flex_column_div av-zero-column-padding first  avia-builder-el-0  el_before_av_one_full  avia-builder-el-first  \" style='border-radius:0px; '><div  class='avia-image-container  av-styling-    avia-builder-el-1  avia-builder-el-no-sibling  avia-align-center '  itemprop=\"image\" itemscope=\"itemscope\" itemtype=\"https:\/\/schema.org\/ImageObject\"  ><div class='avia-image-container-inner'><div class='avia-image-overlay-wrap'><img decoding=\"async\" class='wp-image-55013 avia-img-lazy-loading-not-55013 avia_image' src=\"https:\/\/radiorevelacionfm.cl\/wp-content\/uploads\/2025\/06\/foto-02-itinerancia-villa-o_optimized.-1.jpg\" alt='' title='foto-02-itinerancia-villa-o_optimized.-(1)' height=\"600\" width=\"1067\"  itemprop=\"thumbnailUrl\" srcset=\"https:\/\/radiorevelacionfm.cl\/wp-content\/uploads\/2025\/06\/foto-02-itinerancia-villa-o_optimized.-1.jpg 1067w, https:\/\/radiorevelacionfm.cl\/wp-content\/uploads\/2025\/06\/foto-02-itinerancia-villa-o_optimized.-1-300x169.jpg 300w, https:\/\/radiorevelacionfm.cl\/wp-content\/uploads\/2025\/06\/foto-02-itinerancia-villa-o_optimized.-1-1030x579.jpg 1030w, https:\/\/radiorevelacionfm.cl\/wp-content\/uploads\/2025\/06\/foto-02-itinerancia-villa-o_optimized.-1-768x432.jpg 768w, https:\/\/radiorevelacionfm.cl\/wp-content\/uploads\/2025\/06\/foto-02-itinerancia-villa-o_optimized.-1-705x396.jpg 705w, https:\/\/radiorevelacionfm.cl\/wp-content\/uploads\/2025\/06\/foto-02-itinerancia-villa-o_optimized.-1-450x253.jpg 450w, https:\/\/radiorevelacionfm.cl\/wp-content\/uploads\/2025\/06\/foto-02-itinerancia-villa-o_optimized.-1-600x337.jpg 600w\" sizes=\"(max-width: 1067px) 100vw, 1067px\" \/><\/div><\/div><\/div><\/div><div class=\"flex_column av_one_full  flex_column_div av-zero-column-padding first  avia-builder-el-2  el_after_av_one_full  el_before_av_one_full  column-top-margin\" style='border-radius:0px; '><section class=\"av_textblock_section \"  itemscope=\"itemscope\" itemtype=\"https:\/\/schema.org\/BlogPosting\" itemprop=\"blogPost\" ><div class='avia_textblock  '   itemprop=\"text\" ><p style=\"text-align: center;\"><strong><span style=\"font-size: 18pt;\">Juzgado de Letras, Garant\u00eda y Familia de Cochrane realiza itinerancia en Tortel y Villa O&#8217;higgins<\/span><\/strong><\/p>\n<div id=\"gtx-trans\" style=\"position: absolute; left: -50px; top: 4.31534px;\">\n<div class=\"gtx-trans-icon\"><\/div>\n<\/div>\n<\/div><\/section><\/div><div class=\"flex_column av_one_full  flex_column_div av-zero-column-padding first  avia-builder-el-4  el_after_av_one_full  el_before_av_hr  column-top-margin\" style='border-radius:0px; '><section class=\"av_textblock_section \"  itemscope=\"itemscope\" itemtype=\"https:\/\/schema.org\/BlogPosting\" itemprop=\"blogPost\" ><div class='avia_textblock  '   itemprop=\"text\" ><p class=\"v1MsoNormal\" style=\"text-align: justify;\">Con el objetivo de acercar la justicia a zonas apartadas de la regi\u00f3n, el Juzgado de Letras, Garant\u00eda y Familia de Cochrane llev\u00f3 a cabo una itinerancia judicial en las comunas de Tortel y Villa O&#8217;Higgins, entre los d\u00edas 3 y 5 de junio de 2025.<\/p>\n<p class=\"v1MsoNormal\" style=\"text-align: justify;\">La comitiva estuvo compuesta por la magistrada (s) Luisa Cornejo Jara; el secretario (s) Benjam\u00edn Alarc\u00f3n; la consejera t\u00e9cnica, Ximena Ugarte y la oficial de sala, Paola Vel\u00e1squez. Durante la visita se realizaron audiencias, atenciones al p\u00fablico y reuniones con instituciones locales.<\/p>\n<p class=\"v1MsoNormal\" style=\"text-align: justify;\">El martes 3 de junio, el tribunal se instal\u00f3 en el Ret\u00e9n de Carabineros de Caleta Tortel, donde se desarrollaron audiencias de garant\u00eda vinculadas a causas de violencia intrafamiliar (VIF), y se sostuvieron reuniones con la Oficina Local de la Ni\u00f1ez (OLN) y profesionales de la Escuela Luis Bravo.<\/p>\n<p class=\"v1MsoNormal\" style=\"text-align: justify;\">Posteriormente, en horas de la tarde, la delegaci\u00f3n se traslad\u00f3 a Villa O&#8217;Higgins, atravesando los sectores de Puerto Yungay y R\u00edo Bravo.<\/p>\n<p class=\"v1MsoNormal\" style=\"text-align: justify;\">El mi\u00e9rcoles, el tribunal oper\u00f3 desde el sal\u00f3n de eventos de la Municipalidad de Villa O&#8217;Higgins, realizando audiencias de familia relacionadas con VIF y cumplimiento de alimentos, as\u00ed como audiencias de garant\u00eda sobre revisi\u00f3n de medidas cautelares y acuerdos reparatorios. Adem\u00e1s, se sostuvieron encuentros con representantes del Liceo Pioneros del Sur y la Posta de Salud Rural.<\/p>\n<p class=\"v1MsoNormal\" style=\"text-align: justify;\">La itinerancia concluy\u00f3 el jueves 5 de junio con una reuni\u00f3n junto a la Oficina Local de la Ni\u00f1ez (OLN) de Villa O&#8217;Higgins, para luego emprender el regreso a Cochrane.<\/p>\n<p class=\"v1MsoNormal\" style=\"text-align: justify;\">En la instancia participaron, adem\u00e1s, la fiscal jefe de Cochrane, Estefan\u00eda Leiva; el jefe regional de estudios de la Defensor\u00eda Penal P\u00fablica, Cristi\u00e1n Cajas; la abogada de la Corporaci\u00f3n de Asistencia Judicial (CAJ) de Cochrane, Katherine C\u00e1rcamo; el notario y conservador H\u00e9ctor C\u00e1ceres y el director regional de Gendarmer\u00eda, Pablo Torres, junto a funcionarios.<\/p>\n<\/div><\/section><\/div><div  style='height:50px' class='hr hr-invisible   avia-builder-el-6  el_after_av_one_full  el_before_av_social_share '><span class='hr-inner ' ><span class='hr-inner-style'><\/span><\/span><\/div><\/p>\n<div  class='av-social-sharing-box  avia-builder-el-7  el_after_av_hr  el_before_av_hr  '><div class='av-share-box'><h5 class='av-share-link-description av-no-toc '>Compartir esta noticia<\/h5><ul class='av-share-box-list noLightbox'><li class='av-share-link av-social-link-facebook' ><a target=\"_blank\" aria-label=\"Compartir en Facebook\" href='https:\/\/www.facebook.com\/sharer.php?u=https:\/\/radiorevelacionfm.cl\/?p=55012&#038;t=Juzgado%20de%20Letras%2C%20Garant%C3%ADa%20y%20Familia%20de%20Cochrane%20realiza%20itinerancia%20en%20Tortel%20y%20Villa%20O%E2%80%99higgins' aria-hidden='false' data-av_icon='\ue8f3' data-av_iconfont='entypo-fontello' title='' data-avia-related-tooltip='Compartir en Facebook' rel=\"noopener\"><span class='avia_hidden_link_text'>Compartir en Facebook<\/span><\/a><\/li><li class='av-share-link av-social-link-twitter' ><a target=\"_blank\" aria-label=\"Compartir en Twitter\" href='https:\/\/twitter.com\/share?text=Juzgado%20de%20Letras%2C%20Garant%C3%ADa%20y%20Familia%20de%20Cochrane%20realiza%20itinerancia%20en%20Tortel%20y%20Villa%20O%E2%80%99higgins&#038;url=https:\/\/radiorevelacionfm.cl\/?p=55012' aria-hidden='false' data-av_icon='\ue8f1' data-av_iconfont='entypo-fontello' title='' data-avia-related-tooltip='Compartir en Twitter' rel=\"noopener\"><span class='avia_hidden_link_text'>Compartir en Twitter<\/span><\/a><\/li><li class='av-share-link av-social-link-whatsapp' ><a target=\"_blank\" aria-label=\"Compartir en Whatsapp\" href='https:\/\/api.whatsapp.com\/send?text=https:\/\/radiorevelacionfm.cl\/?p=55012' aria-hidden='false' data-av_icon='\uf232' data-av_iconfont='entypo-fontello' title='' data-avia-related-tooltip='Compartir en Whatsapp' rel=\"noopener\"><span class='avia_hidden_link_text'>Compartir en Whatsapp<\/span><\/a><\/li><li class='av-share-link av-social-link-linkedin' ><a target=\"_blank\" aria-label=\"Compartir en LinkedIn\" href='https:\/\/linkedin.com\/shareArticle?mini=true&#038;title=Juzgado%20de%20Letras%2C%20Garant%C3%ADa%20y%20Familia%20de%20Cochrane%20realiza%20itinerancia%20en%20Tortel%20y%20Villa%20O%E2%80%99higgins&#038;url=https:\/\/radiorevelacionfm.cl\/?p=55012' aria-hidden='false' data-av_icon='\ue8fc' data-av_iconfont='entypo-fontello' title='' data-avia-related-tooltip='Compartir en LinkedIn' rel=\"noopener\"><span class='avia_hidden_link_text'>Compartir en LinkedIn<\/span><\/a><\/li><li class='av-share-link av-social-link-mail' ><a  aria-label=\"Compartir por correo\" href='mailto:?subject=Juzgado%20de%20Letras%2C%20Garant%C3%ADa%20y%20Familia%20de%20Cochrane%20realiza%20itinerancia%20en%20Tortel%20y%20Villa%20O%E2%80%99higgins&#038;body=https:\/\/radiorevelacionfm.cl\/?p=55012' aria-hidden='false' data-av_icon='\ue805' data-av_iconfont='entypo-fontello' title='' data-avia-related-tooltip='Compartir por correo'><span class='avia_hidden_link_text'>Compartir por correo<\/span><\/a><\/li><\/ul><\/div><\/div>\n<div  style='height:50px' class='hr hr-invisible   avia-builder-el-8  el_after_av_social_share  el_before_av_comments_list '><span class='hr-inner ' ><span class='hr-inner-style'><\/span><\/span><\/div>\n<div  class='av-buildercomment  av-blog-meta-html-info-disabled av-blog-meta-tag-disabled  '><\/div>\n","protected":false},"excerpt":{"rendered":"","protected":false},"author":1,"featured_media":55013,"comment_status":"closed","ping_status":"closed","sticky":false,"template":"","format":"standard","meta":{"footnotes":""},"categories":[55],"tags":[],"class_list":["post-55012","post","type-post","status-publish","format-standard","has-post-thumbnail","hentry","category-justicia"],"jetpack_featured_media_url":"https:\/\/radiorevelacionfm.cl\/wp-content\/uploads\/2025\/06\/foto-02-itinerancia-villa-o_optimized.-1.jpg","_links":{"self":[{"href":"https:\/\/radiorevelacionfm.cl\/index.php?rest_route=\/wp\/v2\/posts\/55012","targetHints":{"allow":["GET"]}}],"collection":[{"href":"https:\/\/radiorevelacionfm.cl\/index.php?rest_route=\/wp\/v2\/posts"}],"about":[{"href":"https:\/\/radiorevelacionfm.cl\/index.php?rest_route=\/wp\/v2\/types\/post"}],"author":[{"embeddable":true,"href":"https:\/\/radiorevelacionfm.cl\/index.php?rest_route=\/wp\/v2\/users\/1"}],"replies":[{"embeddable":true,"href":"https:\/\/radiorevelacionfm.cl\/index.php?rest_route=%2Fwp%2Fv2%2Fcomments&post=55012"}],"version-history":[{"count":2,"href":"https:\/\/radiorevelacionfm.cl\/index.php?rest_route=\/wp\/v2\/posts\/55012\/revisions"}],"predecessor-version":[{"id":55018,"href":"https:\/\/radiorevelacionfm.cl\/index.php?rest_route=\/wp\/v2\/posts\/55012\/revisions\/55018"}],"wp:featuredmedia":[{"embeddable":true,"href":"https:\/\/radiorevelacionfm.cl\/index.php?rest_route=\/wp\/v2\/media\/55013"}],"wp:attachment":[{"href":"https:\/\/radiorevelacionfm.cl\/index.php?rest_route=%2Fwp%2Fv2%2Fmedia&parent=55012"}],"wp:term":[{"taxonomy":"category","embeddable":true,"href":"https:\/\/radiorevelacionfm.cl\/index.php?rest_route=%2Fwp%2Fv2%2Fcategories&post=55012"},{"taxonomy":"post_tag","embeddable":true,"href":"https:\/\/radiorevelacionfm.cl\/index.php?rest_route=%2Fwp%2Fv2%2Ftags&post=55012"}],"curies":[{"name":"wp","href":"https:\/\/api.w.org\/{rel}","templated":true}]}}