{"id":5501,"date":"2021-06-22T10:23:54","date_gmt":"2021-06-22T13:23:54","guid":{"rendered":"https:\/\/radiorevelacionfm.cl\/?p=5501"},"modified":"2021-06-22T11:27:36","modified_gmt":"2021-06-22T14:27:36","slug":"autoridades-difunden-medidas-laborales-dirigidas-a-mujeres","status":"publish","type":"post","link":"https:\/\/radiorevelacionfm.cl\/?p=5501","title":{"rendered":"Autoridades difunden medidas laborales dirigidas a mujeres"},"content":{"rendered":"<div class=\"flex_column av_one_full  flex_column_div av-zero-column-padding first  avia-builder-el-0  el_before_av_one_full  avia-builder-el-first  \" style='border-radius:0px; '><div  class='avia-image-container  av-styling-    avia-builder-el-1  avia-builder-el-no-sibling  avia-align-center '  itemprop=\"image\" itemscope=\"itemscope\" itemtype=\"https:\/\/schema.org\/ImageObject\"  ><div class='avia-image-container-inner'><div class='avia-image-overlay-wrap'><img decoding=\"async\" class='wp-image-0 avia-img-lazy-loading-not-0 avia_image' src=\"https:\/\/radiorevelacionfm.cl\/wp-content\/uploads\/2021\/06\/Difusion_MedidasLabProMujeres1-8-2-1-1.jpg\" alt='' title=''   itemprop=\"thumbnailUrl\"  \/><\/div><\/div><\/div><\/div><div class=\"flex_column av_one_full  flex_column_div av-zero-column-padding first  avia-builder-el-2  el_after_av_one_full  el_before_av_one_full  column-top-margin\" style='border-radius:0px; '><section class=\"av_textblock_section \"  itemscope=\"itemscope\" itemtype=\"https:\/\/schema.org\/BlogPosting\" itemprop=\"blogPost\" ><div class='avia_textblock  '   itemprop=\"text\" ><p style=\"text-align: center;\"><span style=\"font-size: 18pt;\"><strong>Autoridades difunden medidas laborales dirigidas a mujeres<\/strong><\/span><\/p>\n<div id=\"gtx-trans\" style=\"position: absolute; left: -50px; top: 4.31534px;\">\n<div class=\"gtx-trans-icon\"><\/div>\n<\/div>\n<\/div><\/section><\/div><\/p>\n<div class=\"flex_column av_one_full  flex_column_div av-zero-column-padding first  avia-builder-el-4  el_after_av_one_full  el_before_av_hr  column-top-margin\" style='border-radius:0px; '><section class=\"av_textblock_section \"  itemscope=\"itemscope\" itemtype=\"https:\/\/schema.org\/BlogPosting\" itemprop=\"blogPost\" ><div class='avia_textblock  '   itemprop=\"text\" ><p style=\"text-align: justify;\">En el \u00e1mbito laboral uno de los grupos m\u00e1s golpeados por la pandemia de coronavirus han sido las mujeres y es precisamente esa brecha la que el Gobierno ha intentado disminuir a trav\u00e9s de diversas medidas, siendo las \u00faltimas, la extensi\u00f3n del postnatal de emergencia, a trav\u00e9s de la ley de Nueva Crianza Protegida y la apertura de las postulaciones al Subsidio Protege, siendo su pr\u00f3ximo periodo de postulaci\u00f3n, del 1 al 20 de julio.<\/p>\n<p style=\"text-align: justify;\">Para dar a conocer estas medidas, la Seremi Andrea Ponce, de Trabajo y Previsi\u00f3n Social junto a la Seremi B\u00e1rbara Ort\u00fazar, de Mujer y Equidad de G\u00e9nero, MMEG, y a la Directora Regional del Servicio Nacional de Capacitaci\u00f3n y Empleo, Sence, Katherine Kingma, entregaron informaci\u00f3n a trabajadoras.<\/p>\n<p style=\"text-align: justify;\">\u201cDebido a la pandemia del Covid-19, la tasa de participaci\u00f3n femenina ha retrocedido 10 a\u00f1os aproximadamente a nivel nacional y eso nos preocupa enormemente. Por ello, el Ministerio del Trabajo y el Ministerio de Mujer y Equidad de G\u00e9nero, han estado trabajando fuertemente para implementar diversas iniciativas que apoyen la reincorporaci\u00f3n de la mujer al trabajo e incentivando su continuidad, adem\u00e1s de mejorar sus competencias. Cada uno de los Subsidios al Empleo, tienen un incentivo econ\u00f3mico mayor para las mujeres, incluyendo el Subsidio Protege que busca apoyar a las madres y cuidadores de ni\u00f1os menores de 2 a\u00f1os con un subsidio de $200.000 para un jard\u00edn infantil o para que alguien cuide a su hijo o hija; el post natal de emergencia que extendi\u00f3 su plazo por 3 meses m\u00e1s, gracias a un acuerdo transversal en el Congreso\u201d, afirm\u00f3 la Seremi Ponce.<\/p>\n<p style=\"text-align: justify;\">Adem\u00e1s, la Seremi del Trabajo y Previsi\u00f3n Social a\u00f1adi\u00f3, \u201cJunto a las medidas que mencion\u00e9, tambi\u00e9n el ministerio a trav\u00e9s de Sence ha entregado una serie de capacitaciones de gran nivel y sin costo, dirigido espec\u00edficamente para las mujeres, sean emprendedoras o trabajadoras dependientes, para mejorar sus competencias laborales y su curr\u00edculum. As\u00ed, como Gobierno, contribuimos a que la mujer pueda regresar al mundo laboral mejorando sus oportunidades\u201d, enfatiz\u00f3 Ponce.<\/p>\n<p style=\"text-align: justify;\">A su vez, la Seremi B\u00e1rbara Ort\u00fazar, de MMEG hizo un llamado a las mujeres a informarse y aprovechar los beneficios en materia laboral, recalcando la importancia de la independencia econ\u00f3mica de la mujer, la corresponsabilidad y la nueva ley de Crianza Protegida, \u201cLa nueva extensi\u00f3n del post natal de emergencia es una muy buena noticia y recalca la importancia de la maternidad en nuestro pa\u00eds, dando tranquilidad a todas aquellas madres, de hijos peque\u00f1os que est\u00e9n haciendo uso de su postnatal, ya que no tendr\u00e1n que postergar sus trabajos para dedicarse al cuidado de sus hijos e hijas. Con esto, esperamos fomentar la participaci\u00f3n de las mujeres en el campo laboral para obtener la tan anhelada autonom\u00eda econ\u00f3mica de ellas y sus familias, que sabemos es sumamente importante, m\u00e1s a\u00fan en pandemia\u201d, destac\u00f3.<\/p>\n<p style=\"text-align: justify;\">Con respecto a los Subsidio al Empleo, que han tenido buena acogida en la Regi\u00f3n de Ays\u00e9n y espec\u00edficamente sobre el Subsidio Protege, la Directora Regional de Sence, Katherine Kingma, mencion\u00f3, \u201cSeg\u00fan nuestras estad\u00edsticas del 14 de junio, ya son 157 las mujeres que est\u00e1n haciendo uso del Subsidio Protege, lo cual es una buena cifra para nuestra regi\u00f3n, pero podr\u00eda ser a\u00fan mayor. Por ello, invito a las mujeres o cuidadores de ni\u00f1os menores de 2 a\u00f1os a que ingrese a <a href=\"http:\/\/www.subsidioalempleo.cl\">www.subsidioalempleo.cl<\/a>, postulen y se informen sobre este beneficio que va directamente a su bolsillo, para el cuidado de su hijo\/a y as\u00ed pueda trabajar tranquila, sin problemas. Hay una nueva ventana de postulaci\u00f3n a este Subsidio Protege, desde el 1 al 20 de julio. Adem\u00e1s, pueden postular tambi\u00e9n al Subsidio al Nuevo Empleo, si es que ingresaron a un nuevo trabajo. Estos dos subsidios son completamente compatibles y, adem\u00e1s, esta misma persona puede ser postulada por el empleador al Subsidio l\u00ednea Contrata. Todos son compatibles. Quiero destacar tambi\u00e9n los cursos en l\u00ednea que tenemos en <a href=\"http:\/\/www.sence.cl\">www.sence.cl<\/a> con los paquetes de \u201cMujer Digital\u201d, \u201cEmprender Conectadas\u201d que est\u00e1n formulados para mujeres, adem\u00e1s de los m\u00e1s de 200 cursos que tenemos en otros \u00e1mbitos. Todos gratuitos y de buena calidad\u201d explic\u00f3,<\/p>\n<p style=\"text-align: justify;\">En la oportunidad tambi\u00e9n se difundieron los tel\u00e9fonos de orientaci\u00f3n o ayuda contra la violencia hacia las mujeres, whatsapp +569 97007000 y tel\u00e9fono 1455.<\/p>\n<\/div><\/section><\/div>\n<div  style='height:50px' class='hr hr-invisible   avia-builder-el-6  el_after_av_one_full  el_before_av_social_share '><span class='hr-inner ' ><span class='hr-inner-style'><\/span><\/span><\/div>\n<div  class='av-social-sharing-box  avia-builder-el-7  el_after_av_hr  el_before_av_hr  '><div class='av-share-box'><h5 class='av-share-link-description av-no-toc '>Compartir esta noticia<\/h5><ul class='av-share-box-list noLightbox'><li class='av-share-link av-social-link-facebook' ><a target=\"_blank\" aria-label=\"Compartir en Facebook\" href='https:\/\/www.facebook.com\/sharer.php?u=https:\/\/radiorevelacionfm.cl\/?p=5501&#038;t=Autoridades%20difunden%20medidas%20laborales%20dirigidas%20a%20mujeres' aria-hidden='false' data-av_icon='\ue8f3' data-av_iconfont='entypo-fontello' title='' data-avia-related-tooltip='Compartir en Facebook' rel=\"noopener\"><span class='avia_hidden_link_text'>Compartir en Facebook<\/span><\/a><\/li><li class='av-share-link av-social-link-twitter' ><a target=\"_blank\" aria-label=\"Compartir en Twitter\" href='https:\/\/twitter.com\/share?text=Autoridades%20difunden%20medidas%20laborales%20dirigidas%20a%20mujeres&#038;url=https:\/\/radiorevelacionfm.cl\/?p=5501' aria-hidden='false' data-av_icon='\ue8f1' data-av_iconfont='entypo-fontello' title='' data-avia-related-tooltip='Compartir en Twitter' rel=\"noopener\"><span class='avia_hidden_link_text'>Compartir en Twitter<\/span><\/a><\/li><li class='av-share-link av-social-link-whatsapp' ><a target=\"_blank\" aria-label=\"Compartir en Whatsapp\" href='https:\/\/api.whatsapp.com\/send?text=https:\/\/radiorevelacionfm.cl\/?p=5501' aria-hidden='false' data-av_icon='\uf232' data-av_iconfont='entypo-fontello' title='' data-avia-related-tooltip='Compartir en Whatsapp' rel=\"noopener\"><span class='avia_hidden_link_text'>Compartir en Whatsapp<\/span><\/a><\/li><li class='av-share-link av-social-link-linkedin' ><a target=\"_blank\" aria-label=\"Compartir en LinkedIn\" href='https:\/\/linkedin.com\/shareArticle?mini=true&#038;title=Autoridades%20difunden%20medidas%20laborales%20dirigidas%20a%20mujeres&#038;url=https:\/\/radiorevelacionfm.cl\/?p=5501' aria-hidden='false' data-av_icon='\ue8fc' data-av_iconfont='entypo-fontello' title='' data-avia-related-tooltip='Compartir en LinkedIn' rel=\"noopener\"><span class='avia_hidden_link_text'>Compartir en LinkedIn<\/span><\/a><\/li><li class='av-share-link av-social-link-mail' ><a  aria-label=\"Compartir por correo\" href='mailto:?subject=Autoridades%20difunden%20medidas%20laborales%20dirigidas%20a%20mujeres&#038;body=https:\/\/radiorevelacionfm.cl\/?p=5501' aria-hidden='false' data-av_icon='\ue805' data-av_iconfont='entypo-fontello' title='' data-avia-related-tooltip='Compartir por correo'><span class='avia_hidden_link_text'>Compartir por correo<\/span><\/a><\/li><\/ul><\/div><\/div>\n<div  style='height:50px' class='hr hr-invisible   avia-builder-el-8  el_after_av_social_share  el_before_av_comments_list '><span class='hr-inner ' ><span class='hr-inner-style'><\/span><\/span><\/div>\n<div  class='av-buildercomment  av-blog-meta-html-info-disabled av-blog-meta-tag-disabled  '><\/div>\n","protected":false},"excerpt":{"rendered":"","protected":false},"author":1,"featured_media":0,"comment_status":"open","ping_status":"open","sticky":false,"template":"","format":"standard","meta":{"footnotes":""},"categories":[56],"tags":[],"class_list":["post-5501","post","type-post","status-publish","format-standard","hentry","category-trabajo"],"jetpack_featured_media_url":"","_links":{"self":[{"href":"https:\/\/radiorevelacionfm.cl\/index.php?rest_route=\/wp\/v2\/posts\/5501","targetHints":{"allow":["GET"]}}],"collection":[{"href":"https:\/\/radiorevelacionfm.cl\/index.php?rest_route=\/wp\/v2\/posts"}],"about":[{"href":"https:\/\/radiorevelacionfm.cl\/index.php?rest_route=\/wp\/v2\/types\/post"}],"author":[{"embeddable":true,"href":"https:\/\/radiorevelacionfm.cl\/index.php?rest_route=\/wp\/v2\/users\/1"}],"replies":[{"embeddable":true,"href":"https:\/\/radiorevelacionfm.cl\/index.php?rest_route=%2Fwp%2Fv2%2Fcomments&post=5501"}],"version-history":[{"count":3,"href":"https:\/\/radiorevelacionfm.cl\/index.php?rest_route=\/wp\/v2\/posts\/5501\/revisions"}],"predecessor-version":[{"id":5513,"href":"https:\/\/radiorevelacionfm.cl\/index.php?rest_route=\/wp\/v2\/posts\/5501\/revisions\/5513"}],"wp:attachment":[{"href":"https:\/\/radiorevelacionfm.cl\/index.php?rest_route=%2Fwp%2Fv2%2Fmedia&parent=5501"}],"wp:term":[{"taxonomy":"category","embeddable":true,"href":"https:\/\/radiorevelacionfm.cl\/index.php?rest_route=%2Fwp%2Fv2%2Fcategories&post=5501"},{"taxonomy":"post_tag","embeddable":true,"href":"https:\/\/radiorevelacionfm.cl\/index.php?rest_route=%2Fwp%2Fv2%2Ftags&post=5501"}],"curies":[{"name":"wp","href":"https:\/\/api.w.org\/{rel}","templated":true}]}}