{"id":55008,"date":"2025-06-09T16:37:17","date_gmt":"2025-06-09T19:37:17","guid":{"rendered":"https:\/\/radiorevelacionfm.cl\/?p=55008"},"modified":"2025-06-09T16:37:17","modified_gmt":"2025-06-09T19:37:17","slug":"agrupacion-apipatagonia-se-capacita-y-adquiriere-equipamiento-para-presentarse-en-ferias","status":"publish","type":"post","link":"https:\/\/radiorevelacionfm.cl\/?p=55008","title":{"rendered":"Agrupaci\u00f3n Apipatagonia se capacita y adquiriere equipamiento para presentarse en ferias"},"content":{"rendered":"<div class=\"flex_column av_one_full  flex_column_div av-zero-column-padding first  avia-builder-el-0  el_before_av_one_full  avia-builder-el-first  \" style='border-radius:0px; '><div  class='avia-image-container  av-styling-    avia-builder-el-1  avia-builder-el-no-sibling  avia-align-center '  itemprop=\"image\" itemscope=\"itemscope\" itemtype=\"https:\/\/schema.org\/ImageObject\"  ><div class='avia-image-container-inner'><div class='avia-image-overlay-wrap'><img decoding=\"async\" class='wp-image-55009 avia-img-lazy-loading-not-55009 avia_image' src=\"https:\/\/radiorevelacionfm.cl\/wp-content\/uploads\/2025\/06\/api-patagonia-emprendamos-grupal-fosis-1_optimized.jpeg\" alt='' title='api-patagonia-emprendamos-grupal-fosis-(1)_optimized' height=\"600\" width=\"1066\"  itemprop=\"thumbnailUrl\" srcset=\"https:\/\/radiorevelacionfm.cl\/wp-content\/uploads\/2025\/06\/api-patagonia-emprendamos-grupal-fosis-1_optimized.jpeg 1066w, https:\/\/radiorevelacionfm.cl\/wp-content\/uploads\/2025\/06\/api-patagonia-emprendamos-grupal-fosis-1_optimized-300x169.jpeg 300w, https:\/\/radiorevelacionfm.cl\/wp-content\/uploads\/2025\/06\/api-patagonia-emprendamos-grupal-fosis-1_optimized-1030x580.jpeg 1030w, https:\/\/radiorevelacionfm.cl\/wp-content\/uploads\/2025\/06\/api-patagonia-emprendamos-grupal-fosis-1_optimized-768x432.jpeg 768w, https:\/\/radiorevelacionfm.cl\/wp-content\/uploads\/2025\/06\/api-patagonia-emprendamos-grupal-fosis-1_optimized-705x397.jpeg 705w, https:\/\/radiorevelacionfm.cl\/wp-content\/uploads\/2025\/06\/api-patagonia-emprendamos-grupal-fosis-1_optimized-450x253.jpeg 450w, https:\/\/radiorevelacionfm.cl\/wp-content\/uploads\/2025\/06\/api-patagonia-emprendamos-grupal-fosis-1_optimized-600x338.jpeg 600w\" sizes=\"(max-width: 1066px) 100vw, 1066px\" \/><\/div><\/div><\/div><\/div><div class=\"flex_column av_one_full  flex_column_div av-zero-column-padding first  avia-builder-el-2  el_after_av_one_full  el_before_av_one_full  column-top-margin\" style='border-radius:0px; '><section class=\"av_textblock_section \"  itemscope=\"itemscope\" itemtype=\"https:\/\/schema.org\/BlogPosting\" itemprop=\"blogPost\" ><div class='avia_textblock  '   itemprop=\"text\" ><p style=\"text-align: center;\"><span style=\"font-size: 18pt;\"><strong>Agrupaci\u00f3n Apipatagonia se capacita y adquiriere equipamiento para presentarse en ferias<\/strong><\/span><\/p>\n<div id=\"gtx-trans\" style=\"position: absolute; left: -50px; top: 4.31534px;\">\n<div class=\"gtx-trans-icon\"><\/div>\n<\/div>\n<\/div><\/section><\/div><div class=\"flex_column av_one_full  flex_column_div av-zero-column-padding first  avia-builder-el-4  el_after_av_one_full  el_before_av_hr  column-top-margin\" style='border-radius:0px; '><section class=\"av_textblock_section \"  itemscope=\"itemscope\" itemtype=\"https:\/\/schema.org\/BlogPosting\" itemprop=\"blogPost\" ><div class='avia_textblock  '   itemprop=\"text\" ><p style=\"text-align: justify;\"><em>Gracias al programa Emprendamos Grupal del FOSIS esta organizaci\u00f3n productiva de Coyhaique logr\u00f3 fortalecer sus capacidades con recursos y talleres formativos para sus integrantes.<\/em><\/p>\n<p style=\"text-align: justify;\">Una muestra y degustaci\u00f3n de productos derivados de la producci\u00f3n de miel se llev\u00f3 a cabo en el Paseo Horn de Coyhaique, gracias al programa Emprendamos Grupal, ejecutado por la agrupaci\u00f3n Apipatagonia y financiado por el Fondo de Solidaridad e Inversi\u00f3n Social, FOSIS.<\/p>\n<p style=\"text-align: justify;\">El proyecto denominado \u201cBuenas pr\u00e1cticas de Cosecha de Miel y elaboraci\u00f3n de productos\u201d, permiti\u00f3 a los y las integrantes de esta agrupaci\u00f3n productiva capacitarse, adquirir insumos y equipamiento para participar de ferias o instancias de comercializaci\u00f3n de sus productos.<\/p>\n<p style=\"text-align: justify;\">Pamela Balbont\u00edn, presidenta de la agrupaci\u00f3n Apipatagonia, destac\u00f3 que \u201clo m\u00e1s importante fue la capacitaci\u00f3n de los socios de la agrupaci\u00f3n. Nos capacitamos en el manejo de temporada para preparar la cosecha, la invernada y hacer tratamientos sanitarios para cuidar a nuestras abejas. La otra capacitaci\u00f3n que hicimos fue reposter\u00eda con miel. Adquirimos los toldos que pusimos en la muestra, las mesas, sillas e insumos con la idea de poder comercializar nuestros productos como agrupaci\u00f3n\u201d.<\/p>\n<p style=\"text-align: justify;\">La directora regional del FOSIS, Fernanda Leiva, asegur\u00f3 que \u201cestamos contentos porque a trav\u00e9s de este proyecto vemos como la organizaci\u00f3n y las personas que participan pueden sacar un potencial mucho mayor a las actividades productivas y de comercializaci\u00f3n que realizan. Estamos dando cumplimiento al mandato del nuestro presidente Gabriel Boric, que nos ha instruido entregar herramientas y capacidades a las organizaciones para que puedan fortalecer no s\u00f3lo su participaci\u00f3n y su actividad, sino tambi\u00e9n su actividad productiva y su calidad de vida\u201d.<\/p>\n<p style=\"text-align: justify;\">La capacitaci\u00f3n \u201cConocimientos b\u00e1sicos de cosecha de miel, su teor\u00eda y pr\u00e1cticas\u201d fue impartida por el ingeniero agr\u00f3nomo y apicultor Sebasti\u00e1n Fritz y \u201cRecetas de alimentos a base de miel\u201d por la nutricionista Gabriela Lira. Los recursos que entrega esta iniciativa tambi\u00e9n permitieron la compra de toldos, sillas, mesas, contendores e insumos como \u00e1cido ox\u00e1lico, cera de abejas, entre otros.<\/p>\n<p style=\"text-align: justify;\">Durante la muestra y degustaci\u00f3n de productos derivados de la miel se realiz\u00f3 la certificaci\u00f3n de las capacitaciones realizadas en el proyecto, donde las integrantes de la organizaci\u00f3n recibieron sus diplomas de mano de la directora regional del FOSIS, Fernanda Leiva y de la directora regional de INDAP, Yessica Lagos, quien tambi\u00e9n estuvo presente en el evento.<\/p>\n<p style=\"text-align: justify;\">El programa Emprendamos Grupal permite que organizaciones productivas desarrollen actividades econ\u00f3micas y mejoren las condiciones de producci\u00f3n de sus negocios, fortaleciendo capacidades personales y de las organizaciones, lazos de asociatividad y acceso a redes; con el fin de aumentar sus ingresos y fomentar su autonom\u00eda econ\u00f3mica.<\/p>\n<\/div><\/section><\/div><div  style='height:50px' class='hr hr-invisible   avia-builder-el-6  el_after_av_one_full  el_before_av_social_share '><span class='hr-inner ' ><span class='hr-inner-style'><\/span><\/span><\/div><\/p>\n<div  class='av-social-sharing-box  avia-builder-el-7  el_after_av_hr  el_before_av_hr  '><div class='av-share-box'><h5 class='av-share-link-description av-no-toc '>Compartir esta noticia<\/h5><ul class='av-share-box-list noLightbox'><li class='av-share-link av-social-link-facebook' ><a target=\"_blank\" aria-label=\"Compartir en Facebook\" href='https:\/\/www.facebook.com\/sharer.php?u=https:\/\/radiorevelacionfm.cl\/?p=55008&#038;t=Agrupaci%C3%B3n%20Apipatagonia%20se%20capacita%20y%20adquiriere%20equipamiento%20para%20presentarse%20en%20ferias' aria-hidden='false' data-av_icon='\ue8f3' data-av_iconfont='entypo-fontello' title='' data-avia-related-tooltip='Compartir en Facebook' rel=\"noopener\"><span class='avia_hidden_link_text'>Compartir en Facebook<\/span><\/a><\/li><li class='av-share-link av-social-link-twitter' ><a target=\"_blank\" aria-label=\"Compartir en Twitter\" href='https:\/\/twitter.com\/share?text=Agrupaci%C3%B3n%20Apipatagonia%20se%20capacita%20y%20adquiriere%20equipamiento%20para%20presentarse%20en%20ferias&#038;url=https:\/\/radiorevelacionfm.cl\/?p=55008' aria-hidden='false' data-av_icon='\ue8f1' data-av_iconfont='entypo-fontello' title='' data-avia-related-tooltip='Compartir en Twitter' rel=\"noopener\"><span class='avia_hidden_link_text'>Compartir en Twitter<\/span><\/a><\/li><li class='av-share-link av-social-link-whatsapp' ><a target=\"_blank\" aria-label=\"Compartir en Whatsapp\" href='https:\/\/api.whatsapp.com\/send?text=https:\/\/radiorevelacionfm.cl\/?p=55008' aria-hidden='false' data-av_icon='\uf232' data-av_iconfont='entypo-fontello' title='' data-avia-related-tooltip='Compartir en Whatsapp' rel=\"noopener\"><span class='avia_hidden_link_text'>Compartir en Whatsapp<\/span><\/a><\/li><li class='av-share-link av-social-link-linkedin' ><a target=\"_blank\" aria-label=\"Compartir en LinkedIn\" href='https:\/\/linkedin.com\/shareArticle?mini=true&#038;title=Agrupaci%C3%B3n%20Apipatagonia%20se%20capacita%20y%20adquiriere%20equipamiento%20para%20presentarse%20en%20ferias&#038;url=https:\/\/radiorevelacionfm.cl\/?p=55008' aria-hidden='false' data-av_icon='\ue8fc' data-av_iconfont='entypo-fontello' title='' data-avia-related-tooltip='Compartir en LinkedIn' rel=\"noopener\"><span class='avia_hidden_link_text'>Compartir en LinkedIn<\/span><\/a><\/li><li class='av-share-link av-social-link-mail' ><a  aria-label=\"Compartir por correo\" href='mailto:?subject=Agrupaci%C3%B3n%20Apipatagonia%20se%20capacita%20y%20adquiriere%20equipamiento%20para%20presentarse%20en%20ferias&#038;body=https:\/\/radiorevelacionfm.cl\/?p=55008' aria-hidden='false' data-av_icon='\ue805' data-av_iconfont='entypo-fontello' title='' data-avia-related-tooltip='Compartir por correo'><span class='avia_hidden_link_text'>Compartir por correo<\/span><\/a><\/li><\/ul><\/div><\/div>\n<div  style='height:50px' class='hr hr-invisible   avia-builder-el-8  el_after_av_social_share  el_before_av_comments_list '><span class='hr-inner ' ><span class='hr-inner-style'><\/span><\/span><\/div>\n<div  class='av-buildercomment  av-blog-meta-html-info-disabled av-blog-meta-tag-disabled  '><\/div>\n","protected":false},"excerpt":{"rendered":"","protected":false},"author":1,"featured_media":55009,"comment_status":"closed","ping_status":"closed","sticky":false,"template":"","format":"standard","meta":{"footnotes":""},"categories":[38],"tags":[],"class_list":["post-55008","post","type-post","status-publish","format-standard","has-post-thumbnail","hentry","category-regional"],"jetpack_featured_media_url":"https:\/\/radiorevelacionfm.cl\/wp-content\/uploads\/2025\/06\/api-patagonia-emprendamos-grupal-fosis-1_optimized.jpeg","_links":{"self":[{"href":"https:\/\/radiorevelacionfm.cl\/index.php?rest_route=\/wp\/v2\/posts\/55008","targetHints":{"allow":["GET"]}}],"collection":[{"href":"https:\/\/radiorevelacionfm.cl\/index.php?rest_route=\/wp\/v2\/posts"}],"about":[{"href":"https:\/\/radiorevelacionfm.cl\/index.php?rest_route=\/wp\/v2\/types\/post"}],"author":[{"embeddable":true,"href":"https:\/\/radiorevelacionfm.cl\/index.php?rest_route=\/wp\/v2\/users\/1"}],"replies":[{"embeddable":true,"href":"https:\/\/radiorevelacionfm.cl\/index.php?rest_route=%2Fwp%2Fv2%2Fcomments&post=55008"}],"version-history":[{"count":2,"href":"https:\/\/radiorevelacionfm.cl\/index.php?rest_route=\/wp\/v2\/posts\/55008\/revisions"}],"predecessor-version":[{"id":55011,"href":"https:\/\/radiorevelacionfm.cl\/index.php?rest_route=\/wp\/v2\/posts\/55008\/revisions\/55011"}],"wp:featuredmedia":[{"embeddable":true,"href":"https:\/\/radiorevelacionfm.cl\/index.php?rest_route=\/wp\/v2\/media\/55009"}],"wp:attachment":[{"href":"https:\/\/radiorevelacionfm.cl\/index.php?rest_route=%2Fwp%2Fv2%2Fmedia&parent=55008"}],"wp:term":[{"taxonomy":"category","embeddable":true,"href":"https:\/\/radiorevelacionfm.cl\/index.php?rest_route=%2Fwp%2Fv2%2Fcategories&post=55008"},{"taxonomy":"post_tag","embeddable":true,"href":"https:\/\/radiorevelacionfm.cl\/index.php?rest_route=%2Fwp%2Fv2%2Ftags&post=55008"}],"curies":[{"name":"wp","href":"https:\/\/api.w.org\/{rel}","templated":true}]}}