{"id":55001,"date":"2025-06-09T13:51:49","date_gmt":"2025-06-09T16:51:49","guid":{"rendered":"https:\/\/radiorevelacionfm.cl\/?p=55001"},"modified":"2025-06-09T13:51:49","modified_gmt":"2025-06-09T16:51:49","slug":"destacado-exseleccionado-nacional-de-basquetbol-manuel-herrera-estara-en-puerto-aysen-donde-realizara-clinicas-deportivas-a-ninos-y-capacitaciones-a-entrenadores","status":"publish","type":"post","link":"https:\/\/radiorevelacionfm.cl\/?p=55001","title":{"rendered":"Destacado exseleccionado nacional de basquetbol Manuel Herrera estar\u00e1 en Puerto Ays\u00e9n donde realizar\u00e1 cl\u00ednicas deportivas a ni\u00f1os y capacitaciones a entrenadores"},"content":{"rendered":"<div class=\"flex_column av_one_full  flex_column_div av-zero-column-padding first  avia-builder-el-0  el_before_av_one_full  avia-builder-el-first  \" style='border-radius:0px; '><div  class='avia-image-container  av-styling-    avia-builder-el-1  avia-builder-el-no-sibling  avia-align-center '  itemprop=\"image\" itemscope=\"itemscope\" itemtype=\"https:\/\/schema.org\/ImageObject\"  ><div class='avia-image-container-inner'><div class='avia-image-overlay-wrap'><img decoding=\"async\" class='wp-image-55002 avia-img-lazy-loading-not-55002 avia_image' src=\"https:\/\/radiorevelacionfm.cl\/wp-content\/uploads\/2025\/06\/Manuel-Herrera-5-nt2t86l4po3ti2qolb7rdzemmsxcim9otnnzf890ts-1-1.jpg\" alt='' title='Manuel-Herrera-5-nt2t86l4po3ti2qolb7rdzemmsxcim9otnnzf890ts (1) (1)' height=\"600\" width=\"900\"  itemprop=\"thumbnailUrl\" srcset=\"https:\/\/radiorevelacionfm.cl\/wp-content\/uploads\/2025\/06\/Manuel-Herrera-5-nt2t86l4po3ti2qolb7rdzemmsxcim9otnnzf890ts-1-1.jpg 900w, https:\/\/radiorevelacionfm.cl\/wp-content\/uploads\/2025\/06\/Manuel-Herrera-5-nt2t86l4po3ti2qolb7rdzemmsxcim9otnnzf890ts-1-1-300x200.jpg 300w, https:\/\/radiorevelacionfm.cl\/wp-content\/uploads\/2025\/06\/Manuel-Herrera-5-nt2t86l4po3ti2qolb7rdzemmsxcim9otnnzf890ts-1-1-768x512.jpg 768w, https:\/\/radiorevelacionfm.cl\/wp-content\/uploads\/2025\/06\/Manuel-Herrera-5-nt2t86l4po3ti2qolb7rdzemmsxcim9otnnzf890ts-1-1-705x470.jpg 705w, https:\/\/radiorevelacionfm.cl\/wp-content\/uploads\/2025\/06\/Manuel-Herrera-5-nt2t86l4po3ti2qolb7rdzemmsxcim9otnnzf890ts-1-1-450x300.jpg 450w, https:\/\/radiorevelacionfm.cl\/wp-content\/uploads\/2025\/06\/Manuel-Herrera-5-nt2t86l4po3ti2qolb7rdzemmsxcim9otnnzf890ts-1-1-600x400.jpg 600w\" sizes=\"(max-width: 900px) 100vw, 900px\" \/><\/div><\/div><\/div><\/div><div class=\"flex_column av_one_full  flex_column_div av-zero-column-padding first  avia-builder-el-2  el_after_av_one_full  el_before_av_one_full  column-top-margin\" style='border-radius:0px; '><section class=\"av_textblock_section \"  itemscope=\"itemscope\" itemtype=\"https:\/\/schema.org\/BlogPosting\" itemprop=\"blogPost\" ><div class='avia_textblock  '   itemprop=\"text\" ><p style=\"text-align: center;\"><strong><span style=\"font-size: 18pt;\">Destacado exseleccionado nacional de basquetbol Manuel Herrera estar\u00e1 en Puerto Ays\u00e9n donde realizar\u00e1 cl\u00ednicas deportivas a ni\u00f1os y capacitaciones a entrenadores<\/span><\/strong><\/p>\n<div id=\"gtx-trans\" style=\"position: absolute; left: -50px; top: 4.31534px;\">\n<div class=\"gtx-trans-icon\"><\/div>\n<\/div>\n<\/div><\/section><\/div><div class=\"flex_column av_one_full  flex_column_div av-zero-column-padding first  avia-builder-el-4  el_after_av_one_full  el_before_av_hr  column-top-margin\" style='border-radius:0px; '><section class=\"av_textblock_section \"  itemscope=\"itemscope\" itemtype=\"https:\/\/schema.org\/BlogPosting\" itemprop=\"blogPost\" ><div class='avia_textblock  '   itemprop=\"text\" ><p style=\"text-align: justify;\">El destacado exseleccionado nacional de basquetbol y profesor de educaci\u00f3n, Manuel Herrera Blanco, estar\u00e1 en la ciudad de Puerto Ays\u00e9n este viernes 13 y s\u00e1bado 14 de junio para realizar diversas actividades en el Polideportivo 21 de abril.<\/p>\n<p style=\"text-align: justify;\">En su paso por la zona, realizar\u00e1 cl\u00ednicas deportivas a ni\u00f1os de 9 a 12 a\u00f1os, adem\u00e1s de jugadores U15 y U17, lo que ser\u00e1 con invitaci\u00f3n. En paralelo a ello, el s\u00e1bado 14 de junio tambi\u00e9n efectuar\u00e1 capacitaciones a entrenadores de la zona, con quienes repasar\u00e1 varias consultas que tengan en torno al deporte. Lo anterior es con previa inscripci\u00f3n a trav\u00e9s del siguiente formulario de Google: <a href=\"https:\/\/docs.google.com\/forms\/d\/e\/1FAIpQLScn8YOesVP0qa16Qey_xfkvP0aC8_afVSJjuVhcqF-RStpkCA\/viewform?usp=dialog\">https:\/\/docs.google.com\/forms\/d\/e\/1FAIpQLScn8YOesVP0qa16Qey_xfkvP0aC8_afV<\/a> <a href=\"https:\/\/docs.google.com\/forms\/d\/e\/1FAIpQLScn8YOesVP0qa16Qey_xfkvP0aC8_afVSJjuVhcqF-RStpkCA\/viewform?usp=dialog\">SJjuVhcqF-RStpkCA\/viewform?usp=dialog<\/a><\/p>\n<p style=\"text-align: justify;\">No ser\u00e1 lo \u00fanico, ya que ese mismo d\u00eda, pero en la tarde, se realizar\u00e1n encuentros deportivos en el mencionado recinto, que ser\u00e1 para el p\u00fablico general.<\/p>\n<p style=\"text-align: justify;\">\u00bfQui\u00e9n fue Manuel Herrera Blanco? En su \u00e9poca como jugador, fue apodado como \u201cmano bendita\u201d y tuvo paso por Club Deportivo Ferroviario Talca, Universidad Cat\u00f3lica, Everton, Famae Santiago, Vulco San Bernardo y Banco Estado Santiago. Adem\u00e1s, fue seleccionado nacional por 17 a\u00f1os y capit\u00e1n del equipo.<\/p>\n<p style=\"text-align: justify;\">El otrora jugador de basquetbol, entrenador y profesor de educaci\u00f3n f\u00edsica, extendi\u00f3 la invitaci\u00f3n a ni\u00f1os de 9 a 12 a\u00f1os y j\u00f3venes U15-U17, y entrenadores a que sean part\u00edcipes de esta instancia deportiva.<\/p>\n<p style=\"text-align: justify;\">El cronograma de actividades es el siguiente:<\/p>\n<p style=\"text-align: justify;\"><strong>Viernes 13 de junio desde las 9:30 a 12:00 horas: <\/strong>cl\u00ednica deportiva para ni\u00f1os\/as de 9 a 12 a\u00f1os (con invitaci\u00f3n).<\/p>\n<p style=\"text-align: justify;\"><strong>Viernes 13 de junio de 19:00 a 21:00 horas: <\/strong>capacitaci\u00f3n para entrenadores con previa inscripci\u00f3n.<\/p>\n<p style=\"text-align: justify;\"><strong>S\u00e1bado 14 de junio desde 9:30 a 12:00 horas: <\/strong>cl\u00ednica deportiva para jugadores U15 y U17 (con invitaci\u00f3n).<\/p>\n<p style=\"text-align: justify;\"><strong>S\u00e1bado 14 de junio desde las 17:00 horas en adelante: <\/strong>encuentros deportivos para el p\u00fablico general en el Polideportivo 21 de abril.<\/p>\n<\/div><\/section><\/div><div  style='height:50px' class='hr hr-invisible   avia-builder-el-6  el_after_av_one_full  el_before_av_social_share '><span class='hr-inner ' ><span class='hr-inner-style'><\/span><\/span><\/div><\/p>\n<div  class='av-social-sharing-box  avia-builder-el-7  el_after_av_hr  el_before_av_hr  '><div class='av-share-box'><h5 class='av-share-link-description av-no-toc '>Compartir esta noticia<\/h5><ul class='av-share-box-list noLightbox'><li class='av-share-link av-social-link-facebook' ><a target=\"_blank\" aria-label=\"Compartir en Facebook\" href='https:\/\/www.facebook.com\/sharer.php?u=https:\/\/radiorevelacionfm.cl\/?p=55001&#038;t=Destacado%20exseleccionado%20nacional%20de%20basquetbol%20Manuel%20Herrera%20estar%C3%A1%20en%20Puerto%20Ays%C3%A9n%20donde%20realizar%C3%A1%20cl%C3%ADnicas%20deportivas%20a%20ni%C3%B1os%20y%20capacitaciones%20a%20entrenadores' aria-hidden='false' data-av_icon='\ue8f3' data-av_iconfont='entypo-fontello' title='' data-avia-related-tooltip='Compartir en Facebook' rel=\"noopener\"><span class='avia_hidden_link_text'>Compartir en Facebook<\/span><\/a><\/li><li class='av-share-link av-social-link-twitter' ><a target=\"_blank\" aria-label=\"Compartir en Twitter\" href='https:\/\/twitter.com\/share?text=Destacado%20exseleccionado%20nacional%20de%20basquetbol%20Manuel%20Herrera%20estar%C3%A1%20en%20Puerto%20Ays%C3%A9n%20donde%20realizar%C3%A1%20cl%C3%ADnicas%20deportivas%20a%20ni%C3%B1os%20y%20capacitaciones%20a%20entrenadores&#038;url=https:\/\/radiorevelacionfm.cl\/?p=55001' aria-hidden='false' data-av_icon='\ue8f1' data-av_iconfont='entypo-fontello' title='' data-avia-related-tooltip='Compartir en Twitter' rel=\"noopener\"><span class='avia_hidden_link_text'>Compartir en Twitter<\/span><\/a><\/li><li class='av-share-link av-social-link-whatsapp' ><a target=\"_blank\" aria-label=\"Compartir en Whatsapp\" href='https:\/\/api.whatsapp.com\/send?text=https:\/\/radiorevelacionfm.cl\/?p=55001' aria-hidden='false' data-av_icon='\uf232' data-av_iconfont='entypo-fontello' title='' data-avia-related-tooltip='Compartir en Whatsapp' rel=\"noopener\"><span class='avia_hidden_link_text'>Compartir en Whatsapp<\/span><\/a><\/li><li class='av-share-link av-social-link-linkedin' ><a target=\"_blank\" aria-label=\"Compartir en LinkedIn\" href='https:\/\/linkedin.com\/shareArticle?mini=true&#038;title=Destacado%20exseleccionado%20nacional%20de%20basquetbol%20Manuel%20Herrera%20estar%C3%A1%20en%20Puerto%20Ays%C3%A9n%20donde%20realizar%C3%A1%20cl%C3%ADnicas%20deportivas%20a%20ni%C3%B1os%20y%20capacitaciones%20a%20entrenadores&#038;url=https:\/\/radiorevelacionfm.cl\/?p=55001' aria-hidden='false' data-av_icon='\ue8fc' data-av_iconfont='entypo-fontello' title='' data-avia-related-tooltip='Compartir en LinkedIn' rel=\"noopener\"><span class='avia_hidden_link_text'>Compartir en LinkedIn<\/span><\/a><\/li><li class='av-share-link av-social-link-mail' ><a  aria-label=\"Compartir por correo\" href='mailto:?subject=Destacado%20exseleccionado%20nacional%20de%20basquetbol%20Manuel%20Herrera%20estar%C3%A1%20en%20Puerto%20Ays%C3%A9n%20donde%20realizar%C3%A1%20cl%C3%ADnicas%20deportivas%20a%20ni%C3%B1os%20y%20capacitaciones%20a%20entrenadores&#038;body=https:\/\/radiorevelacionfm.cl\/?p=55001' aria-hidden='false' data-av_icon='\ue805' data-av_iconfont='entypo-fontello' title='' data-avia-related-tooltip='Compartir por correo'><span class='avia_hidden_link_text'>Compartir por correo<\/span><\/a><\/li><\/ul><\/div><\/div>\n<div  style='height:50px' class='hr hr-invisible   avia-builder-el-8  el_after_av_social_share  el_before_av_comments_list '><span class='hr-inner ' ><span class='hr-inner-style'><\/span><\/span><\/div>\n<div  class='av-buildercomment  av-blog-meta-html-info-disabled av-blog-meta-tag-disabled  '><\/div>\n","protected":false},"excerpt":{"rendered":"","protected":false},"author":1,"featured_media":55002,"comment_status":"closed","ping_status":"closed","sticky":false,"template":"","format":"standard","meta":{"footnotes":""},"categories":[40],"tags":[],"class_list":["post-55001","post","type-post","status-publish","format-standard","has-post-thumbnail","hentry","category-deportes"],"jetpack_featured_media_url":"https:\/\/radiorevelacionfm.cl\/wp-content\/uploads\/2025\/06\/Manuel-Herrera-5-nt2t86l4po3ti2qolb7rdzemmsxcim9otnnzf890ts-1-1.jpg","_links":{"self":[{"href":"https:\/\/radiorevelacionfm.cl\/index.php?rest_route=\/wp\/v2\/posts\/55001","targetHints":{"allow":["GET"]}}],"collection":[{"href":"https:\/\/radiorevelacionfm.cl\/index.php?rest_route=\/wp\/v2\/posts"}],"about":[{"href":"https:\/\/radiorevelacionfm.cl\/index.php?rest_route=\/wp\/v2\/types\/post"}],"author":[{"embeddable":true,"href":"https:\/\/radiorevelacionfm.cl\/index.php?rest_route=\/wp\/v2\/users\/1"}],"replies":[{"embeddable":true,"href":"https:\/\/radiorevelacionfm.cl\/index.php?rest_route=%2Fwp%2Fv2%2Fcomments&post=55001"}],"version-history":[{"count":2,"href":"https:\/\/radiorevelacionfm.cl\/index.php?rest_route=\/wp\/v2\/posts\/55001\/revisions"}],"predecessor-version":[{"id":55006,"href":"https:\/\/radiorevelacionfm.cl\/index.php?rest_route=\/wp\/v2\/posts\/55001\/revisions\/55006"}],"wp:featuredmedia":[{"embeddable":true,"href":"https:\/\/radiorevelacionfm.cl\/index.php?rest_route=\/wp\/v2\/media\/55002"}],"wp:attachment":[{"href":"https:\/\/radiorevelacionfm.cl\/index.php?rest_route=%2Fwp%2Fv2%2Fmedia&parent=55001"}],"wp:term":[{"taxonomy":"category","embeddable":true,"href":"https:\/\/radiorevelacionfm.cl\/index.php?rest_route=%2Fwp%2Fv2%2Fcategories&post=55001"},{"taxonomy":"post_tag","embeddable":true,"href":"https:\/\/radiorevelacionfm.cl\/index.php?rest_route=%2Fwp%2Fv2%2Ftags&post=55001"}],"curies":[{"name":"wp","href":"https:\/\/api.w.org\/{rel}","templated":true}]}}