{"id":54992,"date":"2025-06-09T11:48:31","date_gmt":"2025-06-09T14:48:31","guid":{"rendered":"https:\/\/radiorevelacionfm.cl\/?p=54992"},"modified":"2025-06-09T11:48:31","modified_gmt":"2025-06-09T14:48:31","slug":"ciep-presentara-a-la-comunidad-resultados-sobre-recursos-pesqueros-en-puerto-aysen","status":"publish","type":"post","link":"https:\/\/radiorevelacionfm.cl\/?p=54992","title":{"rendered":"CIEP presentar\u00e1 a la comunidad resultados sobre recursos pesqueros en Puerto Ays\u00e9n"},"content":{"rendered":"<div class=\"flex_column av_one_full  flex_column_div av-zero-column-padding first  avia-builder-el-0  el_before_av_one_full  avia-builder-el-first  \" style='border-radius:0px; '><div  class='avia-image-container  av-styling-    avia-builder-el-1  avia-builder-el-no-sibling  avia-align-center '  itemprop=\"image\" itemscope=\"itemscope\" itemtype=\"https:\/\/schema.org\/ImageObject\"  ><div class='avia-image-container-inner'><div class='avia-image-overlay-wrap'><img decoding=\"async\" class='wp-image-54993 avia-img-lazy-loading-not-54993 avia_image' src=\"https:\/\/radiorevelacionfm.cl\/wp-content\/uploads\/2025\/06\/foto-comunicado-2-1-1.jpeg\" alt='' title='foto comunicado 2 (1) (1)' height=\"600\" width=\"797\"  itemprop=\"thumbnailUrl\" srcset=\"https:\/\/radiorevelacionfm.cl\/wp-content\/uploads\/2025\/06\/foto-comunicado-2-1-1.jpeg 797w, https:\/\/radiorevelacionfm.cl\/wp-content\/uploads\/2025\/06\/foto-comunicado-2-1-1-300x226.jpeg 300w, https:\/\/radiorevelacionfm.cl\/wp-content\/uploads\/2025\/06\/foto-comunicado-2-1-1-768x578.jpeg 768w, https:\/\/radiorevelacionfm.cl\/wp-content\/uploads\/2025\/06\/foto-comunicado-2-1-1-705x531.jpeg 705w, https:\/\/radiorevelacionfm.cl\/wp-content\/uploads\/2025\/06\/foto-comunicado-2-1-1-450x339.jpeg 450w, https:\/\/radiorevelacionfm.cl\/wp-content\/uploads\/2025\/06\/foto-comunicado-2-1-1-600x452.jpeg 600w\" sizes=\"(max-width: 797px) 100vw, 797px\" \/><\/div><\/div><\/div><\/div><div class=\"flex_column av_one_full  flex_column_div av-zero-column-padding first  avia-builder-el-2  el_after_av_one_full  el_before_av_one_full  column-top-margin\" style='border-radius:0px; '><section class=\"av_textblock_section \"  itemscope=\"itemscope\" itemtype=\"https:\/\/schema.org\/BlogPosting\" itemprop=\"blogPost\" ><div class='avia_textblock  '   itemprop=\"text\" ><p style=\"text-align: center;\"><span style=\"font-size: 18pt;\"><b><span lang=\"es\">CIEP presentar\u00e1 a la comunidad resultados <\/span><\/b><b><span lang=\"es\">sobre recursos pesqueros en Puerto Ays\u00e9n<\/span><\/b><\/span><\/p>\n<div id=\"gtx-trans\" style=\"position: absolute; left: -50px; top: 4.31534px;\">\n<div class=\"gtx-trans-icon\"><\/div>\n<\/div>\n<\/div><\/section><\/div><div class=\"flex_column av_one_full  flex_column_div av-zero-column-padding first  avia-builder-el-4  el_after_av_one_full  el_before_av_hr  column-top-margin\" style='border-radius:0px; '><section class=\"av_textblock_section \"  itemscope=\"itemscope\" itemtype=\"https:\/\/schema.org\/BlogPosting\" itemprop=\"blogPost\" ><div class='avia_textblock  '   itemprop=\"text\" ><p class=\"v1MsoNormal\" style=\"text-align: justify;\"><em><span lang=\"es\">Con una jornada abierta, investigadores de la l\u00ednea de Pesca y Acuicultura invitan a la actividad \u00abAys\u00e9n y su Mar Vivo: ciencia, manejo y futuro\u00bb, donde se dialogar\u00e1 sobre el estado de explotaci\u00f3n de los recursos loco, erizo, jaiba marmola y centolla.<\/span><\/em><\/p>\n<p class=\"v1MsoNormal\" style=\"text-align: justify;\"><span lang=\"es\">Este mi\u00e9rcoles 12 de junio, entre las 9:00 y 12:45 horas se realizar\u00e1 en el Gran Hotel Ays\u00e9n de Puerto Ays\u00e9n una jornada abierta a la comunidad como cierre de un seminario de tres d\u00edas, en la cual investigadores y especialistas discutir\u00e1n los resultados de dos estudios cient\u00edficos sobre pesquer\u00edas bent\u00f3nicas, desarrollados desde 2023.<\/span><\/p>\n<p class=\"v1MsoNormal\" style=\"text-align: justify;\"><span lang=\"es\">La instancia, organizada por el Centro de Investigaci\u00f3n en Ecosistemas de la Patagonia (CIEP) y financiada por el Gobierno Regional de Ays\u00e9n y su Consejo, presentar\u00e1 investigaciones que buscan mejorar la informaci\u00f3n regional para la toma de decisiones sobre el manejo de especies fundamentales para la econom\u00eda local.<\/span><\/p>\n<p class=\"v1MsoNormal\" style=\"text-align: justify;\"><span lang=\"es\">Los estudios titulados \u00abInvestigaci\u00f3n de indicadores para evaluar las pesquer\u00edas de jaiba y centolla en la Regi\u00f3n de Ays\u00e9n\u00bb e \u00abInvestigaci\u00f3n sobre la distribuci\u00f3n y abundancia de erizo y loco en el litoral de Ays\u00e9n\u00bb, tienen como objetivo generar informaci\u00f3n propia de la regi\u00f3n para mejorar las medidas de administraci\u00f3n y manejo pesquero, tradicionalmente basados en datos de otras zonas del pa\u00eds.<\/span><\/p>\n<p class=\"v1MsoNormal\" style=\"text-align: justify;\"><span lang=\"es\">\u00abUna particularidad de este estudio sobre crust\u00e1ceos es que se llev\u00f3 a cabo a bordo de embarcaciones artesanales durante sus faenas habituales, lo que permiti\u00f3 recoger informaci\u00f3n en condiciones reales de operaci\u00f3n. La informaci\u00f3n generada en ambos estudios es de alta relevancia para la autoridad pesquera, los comit\u00e9s de manejo y, especialmente, para los pescadores artesanales que son usuarios directos de estas pesquer\u00edas\u00bb, afirm\u00f3 el bi\u00f3logo marino Gustavo Aedo, investigador del centro de investigaci\u00f3n CIEP a cargo del estudio sobre crust\u00e1ceos.<\/span><\/p>\n<p class=\"v1MsoNormal\" style=\"text-align: justify;\"><b><span lang=\"es\">\u00bfQu\u00e9 incluye el programa del seminario?<\/span><\/b><\/p>\n<p class=\"v1MsoNormal\" style=\"text-align: justify;\"><span lang=\"es\">El seminario, que se desarrollar\u00e1 entre el 10 y el 12 de junio, en las ciudades de Coyhaique y Puerto Ays\u00e9n se titula \u00abAvances en la investigaci\u00f3n y contribuciones para afrontar los desaf\u00edos de manejo de las pesquer\u00edas bent\u00f3nicas en la Regi\u00f3n de Ays\u00e9n\u00bb. La iniciativa busca fortalecer el di\u00e1logo entre ciencia, pol\u00edtica p\u00fablica y saberes locales en torno al manejo de especies clave como el loco, el erizo, la jaiba y la centolla.<\/span><\/p>\n<p class=\"v1MsoNormal\" style=\"text-align: justify;\"><span lang=\"es\">Durante el primer d\u00eda, en Coyhaique, se desarrollar\u00e1n talleres t\u00e9cnicos con especialistas enfocados en los estudios sobre loco y erizo, jaiba y centolla. El 11 de junio ser\u00e1 una jornada clave, marcada por el encuentro con el Comit\u00e9 Asesor y otros actores interinstitucionales, en un panel de discusi\u00f3n sobre el estado y manejo de las pesquer\u00edas bent\u00f3nicas, que tendr\u00e1 lugar en Puerto Ays\u00e9n.<\/span><\/p>\n<p class=\"v1MsoNormal\" style=\"text-align: justify;\"><b><span lang=\"es\">Una invitaci\u00f3n a toda la comunidad<\/span><\/b><\/p>\n<p class=\"v1MsoNormal\" style=\"text-align: justify;\"><span lang=\"es\">En tanto, el jueves 12 de junio,\u00a0<b>toda la comunidad de Puerto Ays\u00e9n y sus alrededores est\u00e1 cordialmente invitada a participar en una jornada abierta,<\/b>\u00a0dedicada a compartir los avances cient\u00edficos que buscan proteger y proyectar el futuro de los recursos regionales. Ser\u00e1 una instancia \u00fanica para que pescadores, estudiantes, docentes, autoridades y vecinos conozcan de cerca el trabajo que une ciencia, oficio y territorio en torno a la sostenibilidad de los recursos marinos. La actividad contar\u00e1 con paneles, presentaciones y experiencias que combinan arte y ciencia, pensadas para acercar el conocimiento a quienes viven y trabajan en estrecha relaci\u00f3n con el mar.<\/span><\/p>\n<p class=\"v1MsoNormal\" style=\"text-align: justify;\"><span lang=\"es\"><br \/>\nEn este contexto, Jos\u00e9 Rivera, presidente de la Cooperativa y Asociaci\u00f3n Gremial de Pescadores de Ra\u00fal Mar\u00edn Balmaceda, quien participar\u00e1 de la jornada, indic\u00f3 que<b>\u00a0<\/b>\u00abcomo pescadores de la localidad, hemos estado trabajando en distintas instancias junto a un grupo de investigadores del CIEP. Desde nuestra experiencia en la comunidad de Ra\u00fal Mar\u00edn Balmaceda, creemos que este trabajo conjunto es muy valioso, especialmente hoy, cuando enfrentamos tantos cambios, como el cambio clim\u00e1tico y sus efectos, muchos de los cuales a\u00fan desconocemos. Por eso, consideramos que la investigaci\u00f3n es fundamental. La invitaci\u00f3n al seminario es justamente esa: a participar, conocer, dialogar y compartir en un espacio grato\u00bb.<\/span><\/p>\n<p class=\"v1MsoNormal\" style=\"text-align: justify;\"><b><span lang=\"es\">Retroalimentaci\u00f3n experta para fortalecer estudios regionales<\/span><\/b><\/p>\n<p class=\"v1MsoNormal\" style=\"text-align: justify;\"><span lang=\"es\">El seminario contar\u00e1 con la participaci\u00f3n en todas sus jornadas de expertos y expertas nacionales e internacionales, quienes retroalimentar\u00e1n desde su visi\u00f3n cient\u00edfica a los estudios realizados y dialogar\u00e1n con la comunidad.<\/span><\/p>\n<p class=\"v1MsoNormal\" style=\"text-align: justify;\"><span lang=\"es\">\u00abEs un evento muy significativo, ya que se generar\u00e1 un espacio de retroalimentaci\u00f3n en torno a pesquer\u00edas regionales, desde la experiencia de cada una de estas personas. Son cient\u00edficos y cient\u00edficas de distintas \u00e1reas dentro de la pesca, desde las ciencias sociales hasta las ciencias pesqueras y ecolog\u00eda. Contar con esa diversidad de miradas y poder reflexionar desde c\u00f3mo nosotros, como regi\u00f3n, entendemos los ecosistemas marinos y la sostenibilidad de los recursos pesqueros, es fundamental\u00bb, explic\u00f3 la investigadora del CIEP, Dra. Paula Ortiz,\u00a0 quien coordina el estudio sobre loco y erizo.<\/span><\/p>\n<p class=\"v1MsoNormal\" style=\"text-align: justify;\"><span lang=\"es\">Entre los invitados se encuentran: Carla Firpo (INIDEP, Argentina), Andr\u00e9s Mar\u00edn (CEDER\u2013U. de Los Lagos), Cristian Canales (PUCV), Paulo Mora y Nancy Barahona (IFOP), Carlos Leal (HOLON SpA), Mauricio Palacios (Centro IDEAL y Rewilding Chile) y Wolfgang Stotz (UCN), entre otros. Sus aportes ser\u00e1n fundamentales para validar enfoques t\u00e9cnicos, identificar desaf\u00edos y proyectar nuevas l\u00edneas de acci\u00f3n para la sostenibilidad de nuestras pesquer\u00edas.<\/span><\/p>\n<\/div><\/section><\/div><div  style='height:50px' class='hr hr-invisible   avia-builder-el-6  el_after_av_one_full  el_before_av_social_share '><span class='hr-inner ' ><span class='hr-inner-style'><\/span><\/span><\/div><\/p>\n<div  class='av-social-sharing-box  avia-builder-el-7  el_after_av_hr  el_before_av_hr  '><div class='av-share-box'><h5 class='av-share-link-description av-no-toc '>Compartir esta noticia<\/h5><ul class='av-share-box-list noLightbox'><li class='av-share-link av-social-link-facebook' ><a target=\"_blank\" aria-label=\"Compartir en Facebook\" href='https:\/\/www.facebook.com\/sharer.php?u=https:\/\/radiorevelacionfm.cl\/?p=54992&#038;t=CIEP%20presentar%C3%A1%20a%20la%20comunidad%20resultados%20sobre%20recursos%20pesqueros%20en%20Puerto%20Ays%C3%A9n' aria-hidden='false' data-av_icon='\ue8f3' data-av_iconfont='entypo-fontello' title='' data-avia-related-tooltip='Compartir en Facebook' rel=\"noopener\"><span class='avia_hidden_link_text'>Compartir en Facebook<\/span><\/a><\/li><li class='av-share-link av-social-link-twitter' ><a target=\"_blank\" aria-label=\"Compartir en Twitter\" href='https:\/\/twitter.com\/share?text=CIEP%20presentar%C3%A1%20a%20la%20comunidad%20resultados%20sobre%20recursos%20pesqueros%20en%20Puerto%20Ays%C3%A9n&#038;url=https:\/\/radiorevelacionfm.cl\/?p=54992' aria-hidden='false' data-av_icon='\ue8f1' data-av_iconfont='entypo-fontello' title='' data-avia-related-tooltip='Compartir en Twitter' rel=\"noopener\"><span class='avia_hidden_link_text'>Compartir en Twitter<\/span><\/a><\/li><li class='av-share-link av-social-link-whatsapp' ><a target=\"_blank\" aria-label=\"Compartir en Whatsapp\" href='https:\/\/api.whatsapp.com\/send?text=https:\/\/radiorevelacionfm.cl\/?p=54992' aria-hidden='false' data-av_icon='\uf232' data-av_iconfont='entypo-fontello' title='' data-avia-related-tooltip='Compartir en Whatsapp' rel=\"noopener\"><span class='avia_hidden_link_text'>Compartir en Whatsapp<\/span><\/a><\/li><li class='av-share-link av-social-link-linkedin' ><a target=\"_blank\" aria-label=\"Compartir en LinkedIn\" href='https:\/\/linkedin.com\/shareArticle?mini=true&#038;title=CIEP%20presentar%C3%A1%20a%20la%20comunidad%20resultados%20sobre%20recursos%20pesqueros%20en%20Puerto%20Ays%C3%A9n&#038;url=https:\/\/radiorevelacionfm.cl\/?p=54992' aria-hidden='false' data-av_icon='\ue8fc' data-av_iconfont='entypo-fontello' title='' data-avia-related-tooltip='Compartir en LinkedIn' rel=\"noopener\"><span class='avia_hidden_link_text'>Compartir en LinkedIn<\/span><\/a><\/li><li class='av-share-link av-social-link-mail' ><a  aria-label=\"Compartir por correo\" href='mailto:?subject=CIEP%20presentar%C3%A1%20a%20la%20comunidad%20resultados%20sobre%20recursos%20pesqueros%20en%20Puerto%20Ays%C3%A9n&#038;body=https:\/\/radiorevelacionfm.cl\/?p=54992' aria-hidden='false' data-av_icon='\ue805' data-av_iconfont='entypo-fontello' title='' data-avia-related-tooltip='Compartir por correo'><span class='avia_hidden_link_text'>Compartir por correo<\/span><\/a><\/li><\/ul><\/div><\/div>\n<div  style='height:50px' class='hr hr-invisible   avia-builder-el-8  el_after_av_social_share  el_before_av_comments_list '><span class='hr-inner ' ><span class='hr-inner-style'><\/span><\/span><\/div>\n<div  class='av-buildercomment  av-blog-meta-html-info-disabled av-blog-meta-tag-disabled  '><\/div>\n","protected":false},"excerpt":{"rendered":"","protected":false},"author":1,"featured_media":54993,"comment_status":"closed","ping_status":"closed","sticky":false,"template":"","format":"standard","meta":{"footnotes":""},"categories":[60,38],"tags":[],"class_list":["post-54992","post","type-post","status-publish","format-standard","has-post-thumbnail","hentry","category-pesca","category-regional"],"jetpack_featured_media_url":"https:\/\/radiorevelacionfm.cl\/wp-content\/uploads\/2025\/06\/foto-comunicado-2-1-1.jpeg","_links":{"self":[{"href":"https:\/\/radiorevelacionfm.cl\/index.php?rest_route=\/wp\/v2\/posts\/54992","targetHints":{"allow":["GET"]}}],"collection":[{"href":"https:\/\/radiorevelacionfm.cl\/index.php?rest_route=\/wp\/v2\/posts"}],"about":[{"href":"https:\/\/radiorevelacionfm.cl\/index.php?rest_route=\/wp\/v2\/types\/post"}],"author":[{"embeddable":true,"href":"https:\/\/radiorevelacionfm.cl\/index.php?rest_route=\/wp\/v2\/users\/1"}],"replies":[{"embeddable":true,"href":"https:\/\/radiorevelacionfm.cl\/index.php?rest_route=%2Fwp%2Fv2%2Fcomments&post=54992"}],"version-history":[{"count":2,"href":"https:\/\/radiorevelacionfm.cl\/index.php?rest_route=\/wp\/v2\/posts\/54992\/revisions"}],"predecessor-version":[{"id":55007,"href":"https:\/\/radiorevelacionfm.cl\/index.php?rest_route=\/wp\/v2\/posts\/54992\/revisions\/55007"}],"wp:featuredmedia":[{"embeddable":true,"href":"https:\/\/radiorevelacionfm.cl\/index.php?rest_route=\/wp\/v2\/media\/54993"}],"wp:attachment":[{"href":"https:\/\/radiorevelacionfm.cl\/index.php?rest_route=%2Fwp%2Fv2%2Fmedia&parent=54992"}],"wp:term":[{"taxonomy":"category","embeddable":true,"href":"https:\/\/radiorevelacionfm.cl\/index.php?rest_route=%2Fwp%2Fv2%2Fcategories&post=54992"},{"taxonomy":"post_tag","embeddable":true,"href":"https:\/\/radiorevelacionfm.cl\/index.php?rest_route=%2Fwp%2Fv2%2Ftags&post=54992"}],"curies":[{"name":"wp","href":"https:\/\/api.w.org\/{rel}","templated":true}]}}