{"id":54989,"date":"2025-06-09T11:13:11","date_gmt":"2025-06-09T14:13:11","guid":{"rendered":"https:\/\/radiorevelacionfm.cl\/?p=54989"},"modified":"2025-06-09T11:13:11","modified_gmt":"2025-06-09T14:13:11","slug":"inacap-sede-coyhaique-firma-importante-convenio-con-el-ejercito-de-chile","status":"publish","type":"post","link":"https:\/\/radiorevelacionfm.cl\/?p=54989","title":{"rendered":"INACAP Sede Coyhaique firma importante convenio con el Ej\u00e9rcito de Chile"},"content":{"rendered":"<div class=\"flex_column av_one_full  flex_column_div av-zero-column-padding first  avia-builder-el-0  el_before_av_one_full  avia-builder-el-first  \" style='border-radius:0px; '><div  class='avia-image-container  av-styling-    avia-builder-el-1  avia-builder-el-no-sibling  avia-align-center '  itemprop=\"image\" itemscope=\"itemscope\" itemtype=\"https:\/\/schema.org\/ImageObject\"  ><div class='avia-image-container-inner'><div class='avia-image-overlay-wrap'><img decoding=\"async\" class='wp-image-54990 avia-img-lazy-loading-not-54990 avia_image' src=\"https:\/\/radiorevelacionfm.cl\/wp-content\/uploads\/2025\/06\/FIRMA-1-1-1.jpg\" alt='' title='FIRMA (1) (1) (1)' height=\"600\" width=\"900\"  itemprop=\"thumbnailUrl\" srcset=\"https:\/\/radiorevelacionfm.cl\/wp-content\/uploads\/2025\/06\/FIRMA-1-1-1.jpg 900w, https:\/\/radiorevelacionfm.cl\/wp-content\/uploads\/2025\/06\/FIRMA-1-1-1-300x200.jpg 300w, https:\/\/radiorevelacionfm.cl\/wp-content\/uploads\/2025\/06\/FIRMA-1-1-1-768x512.jpg 768w, https:\/\/radiorevelacionfm.cl\/wp-content\/uploads\/2025\/06\/FIRMA-1-1-1-705x470.jpg 705w, https:\/\/radiorevelacionfm.cl\/wp-content\/uploads\/2025\/06\/FIRMA-1-1-1-450x300.jpg 450w, https:\/\/radiorevelacionfm.cl\/wp-content\/uploads\/2025\/06\/FIRMA-1-1-1-600x400.jpg 600w\" sizes=\"(max-width: 900px) 100vw, 900px\" \/><\/div><\/div><\/div><\/div><div class=\"flex_column av_one_full  flex_column_div av-zero-column-padding first  avia-builder-el-2  el_after_av_one_full  el_before_av_one_full  column-top-margin\" style='border-radius:0px; '><section class=\"av_textblock_section \"  itemscope=\"itemscope\" itemtype=\"https:\/\/schema.org\/BlogPosting\" itemprop=\"blogPost\" ><div class='avia_textblock  '   itemprop=\"text\" ><p style=\"text-align: center;\"><span style=\"font-size: 18pt;\"><strong>INACAP Sede Coyhaique firma importante convenio con el Ej\u00e9rcito de Chile<\/strong><\/span><\/p>\n<div id=\"gtx-trans\" style=\"position: absolute; left: -50px; top: 4.31534px;\">\n<div class=\"gtx-trans-icon\"><\/div>\n<\/div>\n<\/div><\/section><\/div><div class=\"flex_column av_one_full  flex_column_div av-zero-column-padding first  avia-builder-el-4  el_after_av_one_full  el_before_av_hr  column-top-margin\" style='border-radius:0px; '><section class=\"av_textblock_section \"  itemscope=\"itemscope\" itemtype=\"https:\/\/schema.org\/BlogPosting\" itemprop=\"blogPost\" ><div class='avia_textblock  '   itemprop=\"text\" ><p style=\"text-align: justify;\"><em>Alianza permitir\u00e1 que estudiantes del \u00c1rea de la Salud realicen pr\u00e1cticas profesionales en el Centro Cl\u00ednico Militar de Coyhaique.<\/em><\/p>\n<p style=\"text-align: justify;\">En una significativa ceremonia realizada en el auditorio de INACAP Sede Coyhaique, se concret\u00f3 la firma de un convenio de colaboraci\u00f3n entre nuestra instituci\u00f3n y el Ej\u00e9rcito de Chile, a trav\u00e9s del Centro Cl\u00ednico Militar de Coyhaique.<\/p>\n<p style=\"text-align: justify;\">Este acuerdo abre una valiosa oportunidad para los estudiantes del \u00c1rea de la Salud de las carreras T\u00e9cnico en Enfermer\u00eda y T\u00e9cnico en Odontolog\u00eda, quienes podr\u00e1n realizar sus pr\u00e1cticas profesionales en este centro de salud. Esta experiencia les permitir\u00e1 fortalecer su formaci\u00f3n acad\u00e9mica en un entorno real de atenci\u00f3n, aportando adem\u00e1s al servicio de la comunidad.<\/p>\n<p style=\"text-align: justify;\">Durante la actividad, autoridades de ambas instituciones destacaron el valor de este acuerdo para el desarrollo regional y la formaci\u00f3n de capital humano.<\/p>\n<p style=\"text-align: justify;\">Coronel Oscar Torres, Director del Centro cl\u00ednico Militar de Coyhaique, destaco la importancia de la firma de convenio \u201cEste convenio representa una oportunidad para fortalecer nuestra labor como centro asistencial, aportando tambi\u00e9n a la formaci\u00f3n de nuevos t\u00e9cnicos en salud que tendr\u00e1n un rol clave en el bienestar de la poblaci\u00f3n\u201d.<\/p>\n<p style=\"text-align: justify;\">Por su parte, desde INACAP Sede Coyhaique, Patrice Van de Maele, Vicerrector de INACAP Sede Coyhaique destac\u00f3 el impacto positivo que tendr\u00e1 esta alianza en la formaci\u00f3n de los futuros profesionales\u00a0 \u201cHoy hemos materializado un hito muy importante para INACAP Sede Coyhaique, porque hace dos a\u00f1os atr\u00e1s iniciamos este camino de b\u00fasqueda de alianza con el centro cl\u00ednico militar, que nos permitiera diversificar las oportunidad de desarrollar campos cl\u00ednicos y pr\u00e1cticas profesionales de nuestros estudiantes en T\u00e9cnico en enfermer\u00eda y T\u00e9cnico en odontolog\u00eda, por lo tanto hoy estamos muy contentos ya que estamos permitiendo que nuestros estudiantes puedan lograr sus competencia y habilidades acad\u00e9micas y con ellos nuevamente cumplimos lo que nos enmarca INACAP\u00a0 que es el Aprender haciendo\u201d.<\/p>\n<p style=\"text-align: justify;\">Con esta alianza, INACAP reafirma su compromiso con la formaci\u00f3n integral de sus estudiantes y con la vinculaci\u00f3n efectiva con instituciones relevantes del territorio.<\/p>\n<\/div><\/section><\/div><div  style='height:50px' class='hr hr-invisible   avia-builder-el-6  el_after_av_one_full  el_before_av_social_share '><span class='hr-inner ' ><span class='hr-inner-style'><\/span><\/span><\/div><\/p>\n<div  class='av-social-sharing-box  avia-builder-el-7  el_after_av_hr  el_before_av_hr  '><div class='av-share-box'><h5 class='av-share-link-description av-no-toc '>Compartir esta noticia<\/h5><ul class='av-share-box-list noLightbox'><li class='av-share-link av-social-link-facebook' ><a target=\"_blank\" aria-label=\"Compartir en Facebook\" href='https:\/\/www.facebook.com\/sharer.php?u=https:\/\/radiorevelacionfm.cl\/?p=54989&#038;t=INACAP%20Sede%20Coyhaique%20firma%20importante%20convenio%20con%20el%20Ej%C3%A9rcito%20de%20Chile' aria-hidden='false' data-av_icon='\ue8f3' data-av_iconfont='entypo-fontello' title='' data-avia-related-tooltip='Compartir en Facebook' rel=\"noopener\"><span class='avia_hidden_link_text'>Compartir en Facebook<\/span><\/a><\/li><li class='av-share-link av-social-link-twitter' ><a target=\"_blank\" aria-label=\"Compartir en Twitter\" href='https:\/\/twitter.com\/share?text=INACAP%20Sede%20Coyhaique%20firma%20importante%20convenio%20con%20el%20Ej%C3%A9rcito%20de%20Chile&#038;url=https:\/\/radiorevelacionfm.cl\/?p=54989' aria-hidden='false' data-av_icon='\ue8f1' data-av_iconfont='entypo-fontello' title='' data-avia-related-tooltip='Compartir en Twitter' rel=\"noopener\"><span class='avia_hidden_link_text'>Compartir en Twitter<\/span><\/a><\/li><li class='av-share-link av-social-link-whatsapp' ><a target=\"_blank\" aria-label=\"Compartir en Whatsapp\" href='https:\/\/api.whatsapp.com\/send?text=https:\/\/radiorevelacionfm.cl\/?p=54989' aria-hidden='false' data-av_icon='\uf232' data-av_iconfont='entypo-fontello' title='' data-avia-related-tooltip='Compartir en Whatsapp' rel=\"noopener\"><span class='avia_hidden_link_text'>Compartir en Whatsapp<\/span><\/a><\/li><li class='av-share-link av-social-link-linkedin' ><a target=\"_blank\" aria-label=\"Compartir en LinkedIn\" href='https:\/\/linkedin.com\/shareArticle?mini=true&#038;title=INACAP%20Sede%20Coyhaique%20firma%20importante%20convenio%20con%20el%20Ej%C3%A9rcito%20de%20Chile&#038;url=https:\/\/radiorevelacionfm.cl\/?p=54989' aria-hidden='false' data-av_icon='\ue8fc' data-av_iconfont='entypo-fontello' title='' data-avia-related-tooltip='Compartir en LinkedIn' rel=\"noopener\"><span class='avia_hidden_link_text'>Compartir en LinkedIn<\/span><\/a><\/li><li class='av-share-link av-social-link-mail' ><a  aria-label=\"Compartir por correo\" href='mailto:?subject=INACAP%20Sede%20Coyhaique%20firma%20importante%20convenio%20con%20el%20Ej%C3%A9rcito%20de%20Chile&#038;body=https:\/\/radiorevelacionfm.cl\/?p=54989' aria-hidden='false' data-av_icon='\ue805' data-av_iconfont='entypo-fontello' title='' data-avia-related-tooltip='Compartir por correo'><span class='avia_hidden_link_text'>Compartir por correo<\/span><\/a><\/li><\/ul><\/div><\/div>\n<div  style='height:50px' class='hr hr-invisible   avia-builder-el-8  el_after_av_social_share  el_before_av_comments_list '><span class='hr-inner ' ><span class='hr-inner-style'><\/span><\/span><\/div>\n<div  class='av-buildercomment  av-blog-meta-html-info-disabled av-blog-meta-tag-disabled  '><\/div>\n","protected":false},"excerpt":{"rendered":"","protected":false},"author":1,"featured_media":54990,"comment_status":"closed","ping_status":"closed","sticky":false,"template":"","format":"standard","meta":{"footnotes":""},"categories":[49],"tags":[],"class_list":["post-54989","post","type-post","status-publish","format-standard","has-post-thumbnail","hentry","category-educacion"],"jetpack_featured_media_url":"https:\/\/radiorevelacionfm.cl\/wp-content\/uploads\/2025\/06\/FIRMA-1-1-1.jpg","_links":{"self":[{"href":"https:\/\/radiorevelacionfm.cl\/index.php?rest_route=\/wp\/v2\/posts\/54989","targetHints":{"allow":["GET"]}}],"collection":[{"href":"https:\/\/radiorevelacionfm.cl\/index.php?rest_route=\/wp\/v2\/posts"}],"about":[{"href":"https:\/\/radiorevelacionfm.cl\/index.php?rest_route=\/wp\/v2\/types\/post"}],"author":[{"embeddable":true,"href":"https:\/\/radiorevelacionfm.cl\/index.php?rest_route=\/wp\/v2\/users\/1"}],"replies":[{"embeddable":true,"href":"https:\/\/radiorevelacionfm.cl\/index.php?rest_route=%2Fwp%2Fv2%2Fcomments&post=54989"}],"version-history":[{"count":2,"href":"https:\/\/radiorevelacionfm.cl\/index.php?rest_route=\/wp\/v2\/posts\/54989\/revisions"}],"predecessor-version":[{"id":54998,"href":"https:\/\/radiorevelacionfm.cl\/index.php?rest_route=\/wp\/v2\/posts\/54989\/revisions\/54998"}],"wp:featuredmedia":[{"embeddable":true,"href":"https:\/\/radiorevelacionfm.cl\/index.php?rest_route=\/wp\/v2\/media\/54990"}],"wp:attachment":[{"href":"https:\/\/radiorevelacionfm.cl\/index.php?rest_route=%2Fwp%2Fv2%2Fmedia&parent=54989"}],"wp:term":[{"taxonomy":"category","embeddable":true,"href":"https:\/\/radiorevelacionfm.cl\/index.php?rest_route=%2Fwp%2Fv2%2Fcategories&post=54989"},{"taxonomy":"post_tag","embeddable":true,"href":"https:\/\/radiorevelacionfm.cl\/index.php?rest_route=%2Fwp%2Fv2%2Ftags&post=54989"}],"curies":[{"name":"wp","href":"https:\/\/api.w.org\/{rel}","templated":true}]}}