{"id":54985,"date":"2025-06-09T10:49:58","date_gmt":"2025-06-09T13:49:58","guid":{"rendered":"https:\/\/radiorevelacionfm.cl\/?p=54985"},"modified":"2025-06-09T10:49:58","modified_gmt":"2025-06-09T13:49:58","slug":"autoridades-acordaron-actualizacion-de-inventario-de-humedales-y-estudio-de-suelos-en-la-region-de-aysen-para-factibilizar-proyectos-habitacionales-con-normativa-ambiental","status":"publish","type":"post","link":"https:\/\/radiorevelacionfm.cl\/?p=54985","title":{"rendered":"Autoridades acordaron actualizaci\u00f3n de inventario de humedales y estudio de suelos en la regi\u00f3n de Ays\u00e9n para factibilizar proyectos habitacionales con normativa ambiental"},"content":{"rendered":"<div class=\"flex_column av_one_full  flex_column_div av-zero-column-padding first  avia-builder-el-0  el_before_av_one_full  avia-builder-el-first  \" style='border-radius:0px; '><div  class='avia-image-container  av-styling-    avia-builder-el-1  avia-builder-el-no-sibling  avia-align-center '  itemprop=\"image\" itemscope=\"itemscope\" itemtype=\"https:\/\/schema.org\/ImageObject\"  ><div class='avia-image-container-inner'><div class='avia-image-overlay-wrap'><img decoding=\"async\" class='wp-image-54986 avia-img-lazy-loading-not-54986 avia_image' src=\"https:\/\/radiorevelacionfm.cl\/wp-content\/uploads\/2025\/06\/Foto-general-3-1-1.jpeg\" alt='' title='Foto general (3) (1) (1)' height=\"600\" width=\"946\"  itemprop=\"thumbnailUrl\" srcset=\"https:\/\/radiorevelacionfm.cl\/wp-content\/uploads\/2025\/06\/Foto-general-3-1-1.jpeg 946w, https:\/\/radiorevelacionfm.cl\/wp-content\/uploads\/2025\/06\/Foto-general-3-1-1-300x190.jpeg 300w, https:\/\/radiorevelacionfm.cl\/wp-content\/uploads\/2025\/06\/Foto-general-3-1-1-768x487.jpeg 768w, https:\/\/radiorevelacionfm.cl\/wp-content\/uploads\/2025\/06\/Foto-general-3-1-1-705x447.jpeg 705w, https:\/\/radiorevelacionfm.cl\/wp-content\/uploads\/2025\/06\/Foto-general-3-1-1-450x285.jpeg 450w, https:\/\/radiorevelacionfm.cl\/wp-content\/uploads\/2025\/06\/Foto-general-3-1-1-600x381.jpeg 600w\" sizes=\"(max-width: 946px) 100vw, 946px\" \/><\/div><\/div><\/div><\/div><div class=\"flex_column av_one_full  flex_column_div av-zero-column-padding first  avia-builder-el-2  el_after_av_one_full  el_before_av_one_full  column-top-margin\" style='border-radius:0px; '><section class=\"av_textblock_section \"  itemscope=\"itemscope\" itemtype=\"https:\/\/schema.org\/BlogPosting\" itemprop=\"blogPost\" ><div class='avia_textblock  '   itemprop=\"text\" ><p style=\"text-align: center;\"><span style=\"font-size: 18pt;\"><strong>Autoridades acordaron actualizaci\u00f3n de inventario de humedales y estudio de suelos en la regi\u00f3n de Ays\u00e9n para factibilizar proyectos habitacionales con normativa ambiental<\/strong><\/span><\/p>\n<div id=\"gtx-trans\" style=\"position: absolute; left: -50px; top: 4.31534px;\">\n<div class=\"gtx-trans-icon\"><\/div>\n<\/div>\n<\/div><\/section><\/div><div class=\"flex_column av_one_full  flex_column_div av-zero-column-padding first  avia-builder-el-4  el_after_av_one_full  el_before_av_hr  column-top-margin\" style='border-radius:0px; '><section class=\"av_textblock_section \"  itemscope=\"itemscope\" itemtype=\"https:\/\/schema.org\/BlogPosting\" itemprop=\"blogPost\" ><div class='avia_textblock  '   itemprop=\"text\" ><p style=\"text-align: justify;\"><em>Equipo del Ministerio de Vivienda y Urbanismo, encabezado por el Ministro Carlos Montes, lider\u00f3 reuni\u00f3n que convoc\u00f3 a autoridades regionales de Ays\u00e9n, as\u00ed como tambi\u00e9n a otras reparticiones p\u00fablicas, con el fin de factibilizar proyectos habitacionales en la regi\u00f3n con la protecci\u00f3n de los ecosistemas ambientales.<\/em><\/p>\n<p style=\"text-align: justify;\"><strong><em>\u00a0<\/em><\/strong>Una reuni\u00f3n de trabajo encabezada por el Ministro de Vivienda y Urbanismo, Carlos Montes y la Subsecretaria de la cartera, Gabriela Elgueta, fue la que se desarroll\u00f3 durante la jornada de este viernes en dependencias del Minvu en Santiago y en la que particip\u00f3 la Seremi de la regi\u00f3n de Ays\u00e9n, Paulina Ruz, el Gobernador Regional, Marcelo Santana, el Consejero Regional Gustavo Villarroel, \u00a0el Subsecretario de Medio Ambiente, Maximiliano Proa\u00f1o, el Jefe de la Unidad de Gesti\u00f3n de Conflictos de la Subsecretar\u00eda del Interior, Camilo Araneda y el Jefe\u00a0 de la Divisi\u00f3n de Desarrollo Urbano Vicente Burgos.<\/p>\n<p style=\"text-align: justify;\">El objetivo del encuentro se centr\u00f3 en las diversas necesidades habitacionales que presenta la regi\u00f3n de Ays\u00e9n en sus distintas comunas y generar una estructura que permita dinamizar el desarrollo de proyectos urbanos habitacionales, en concordancia con la legislaci\u00f3n medioambiental<\/p>\n<p style=\"text-align: justify;\">Durante la reuni\u00f3n que estuvo marcada por el compromiso de colaboraci\u00f3n conjunta de las autoridades, el Subsecretario de Medio Ambiente, Maximiliano Proa\u00f1o, \u00a0se\u00f1al\u00f3 que se trabajar\u00e1 \u00a0en la actualizaci\u00f3n del inventario Nacional de humedales, adem\u00e1s de un estudio t\u00e9cnico particular respecto de la presencia de suelos h\u00eddricos, vegetaci\u00f3n hidr\u00f3fita y r\u00e9gimen hidrol\u00f3gico en la regi\u00f3n, acciones solicitadas formalmente por la Subsecretar\u00eda de Vivienda.<\/p>\n<p style=\"text-align: justify;\">Tras el encuentro, la Subsecretaria del Ministerio de Vivienda y Urbanismo, Gabriela Elgueta, enfatiz\u00f3 que \u201cel objetivo de esta reuni\u00f3n de trabajo es poder avanzar en c\u00f3mo compatibilizamos el desarrollo urbano habitacional con la protecci\u00f3n de los ecosistemas ambientales presentes en la regi\u00f3n de Ays\u00e9n y en otras zonas a lo largo del pa\u00eds, donde como Subsecretaria de Vivienda hemos solicitado a la Subsecretaria de Medioambiente hacer las evaluaciones y an\u00e1lisis al respecto\u201d<\/p>\n<p style=\"text-align: justify;\">Por su parte, la Seremi de Vivienda y Urbanismo de la regi\u00f3n de Ays\u00e9n, Paulina Ruz agreg\u00f3 que \u201ccomo Gobierno hemos sido proactivos desde un comienzo para informar y asegurar a las familias que estamos destinando todas nuestras capacidades y esfuerzos para buscar una alternativa de terreno, que permita avanzar en los menores plazos posibles. Lo que necesitamos ahora es di\u00e1logo y trabajo conjunto, no solamente con dirigentes y familias, sino que tambi\u00e9n con aquellas autoridades que a trav\u00e9s de sus propias atribuciones intervienen y aportan en este tema tan sensible para la gente como es la vivienda propia\u201d<\/p>\n<\/div><\/section><\/div><div  style='height:50px' class='hr hr-invisible   avia-builder-el-6  el_after_av_one_full  el_before_av_social_share '><span class='hr-inner ' ><span class='hr-inner-style'><\/span><\/span><\/div><\/p>\n<div  class='av-social-sharing-box  avia-builder-el-7  el_after_av_hr  el_before_av_hr  '><div class='av-share-box'><h5 class='av-share-link-description av-no-toc '>Compartir esta noticia<\/h5><ul class='av-share-box-list noLightbox'><li class='av-share-link av-social-link-facebook' ><a target=\"_blank\" aria-label=\"Compartir en Facebook\" href='https:\/\/www.facebook.com\/sharer.php?u=https:\/\/radiorevelacionfm.cl\/?p=54985&#038;t=Autoridades%20acordaron%20actualizaci%C3%B3n%20de%20inventario%20de%20humedales%20y%20estudio%20de%20suelos%20en%20la%20regi%C3%B3n%20de%20Ays%C3%A9n%20para%20factibilizar%20proyectos%20habitacionales%20con%20normativa%20ambiental' aria-hidden='false' data-av_icon='\ue8f3' data-av_iconfont='entypo-fontello' title='' data-avia-related-tooltip='Compartir en Facebook' rel=\"noopener\"><span class='avia_hidden_link_text'>Compartir en Facebook<\/span><\/a><\/li><li class='av-share-link av-social-link-twitter' ><a target=\"_blank\" aria-label=\"Compartir en Twitter\" href='https:\/\/twitter.com\/share?text=Autoridades%20acordaron%20actualizaci%C3%B3n%20de%20inventario%20de%20humedales%20y%20estudio%20de%20suelos%20en%20la%20regi%C3%B3n%20de%20Ays%C3%A9n%20para%20factibilizar%20proyectos%20habitacionales%20con%20normativa%20ambiental&#038;url=https:\/\/radiorevelacionfm.cl\/?p=54985' aria-hidden='false' data-av_icon='\ue8f1' data-av_iconfont='entypo-fontello' title='' data-avia-related-tooltip='Compartir en Twitter' rel=\"noopener\"><span class='avia_hidden_link_text'>Compartir en Twitter<\/span><\/a><\/li><li class='av-share-link av-social-link-whatsapp' ><a target=\"_blank\" aria-label=\"Compartir en Whatsapp\" href='https:\/\/api.whatsapp.com\/send?text=https:\/\/radiorevelacionfm.cl\/?p=54985' aria-hidden='false' data-av_icon='\uf232' data-av_iconfont='entypo-fontello' title='' data-avia-related-tooltip='Compartir en Whatsapp' rel=\"noopener\"><span class='avia_hidden_link_text'>Compartir en Whatsapp<\/span><\/a><\/li><li class='av-share-link av-social-link-linkedin' ><a target=\"_blank\" aria-label=\"Compartir en LinkedIn\" href='https:\/\/linkedin.com\/shareArticle?mini=true&#038;title=Autoridades%20acordaron%20actualizaci%C3%B3n%20de%20inventario%20de%20humedales%20y%20estudio%20de%20suelos%20en%20la%20regi%C3%B3n%20de%20Ays%C3%A9n%20para%20factibilizar%20proyectos%20habitacionales%20con%20normativa%20ambiental&#038;url=https:\/\/radiorevelacionfm.cl\/?p=54985' aria-hidden='false' data-av_icon='\ue8fc' data-av_iconfont='entypo-fontello' title='' data-avia-related-tooltip='Compartir en LinkedIn' rel=\"noopener\"><span class='avia_hidden_link_text'>Compartir en LinkedIn<\/span><\/a><\/li><li class='av-share-link av-social-link-mail' ><a  aria-label=\"Compartir por correo\" href='mailto:?subject=Autoridades%20acordaron%20actualizaci%C3%B3n%20de%20inventario%20de%20humedales%20y%20estudio%20de%20suelos%20en%20la%20regi%C3%B3n%20de%20Ays%C3%A9n%20para%20factibilizar%20proyectos%20habitacionales%20con%20normativa%20ambiental&#038;body=https:\/\/radiorevelacionfm.cl\/?p=54985' aria-hidden='false' data-av_icon='\ue805' data-av_iconfont='entypo-fontello' title='' data-avia-related-tooltip='Compartir por correo'><span class='avia_hidden_link_text'>Compartir por correo<\/span><\/a><\/li><\/ul><\/div><\/div>\n<div  style='height:50px' class='hr hr-invisible   avia-builder-el-8  el_after_av_social_share  el_before_av_comments_list '><span class='hr-inner ' ><span class='hr-inner-style'><\/span><\/span><\/div>\n<div  class='av-buildercomment  av-blog-meta-html-info-disabled av-blog-meta-tag-disabled  '><\/div>\n","protected":false},"excerpt":{"rendered":"","protected":false},"author":1,"featured_media":54986,"comment_status":"closed","ping_status":"closed","sticky":false,"template":"","format":"standard","meta":{"footnotes":""},"categories":[66],"tags":[],"class_list":["post-54985","post","type-post","status-publish","format-standard","has-post-thumbnail","hentry","category-obras-publicas"],"jetpack_featured_media_url":"https:\/\/radiorevelacionfm.cl\/wp-content\/uploads\/2025\/06\/Foto-general-3-1-1.jpeg","_links":{"self":[{"href":"https:\/\/radiorevelacionfm.cl\/index.php?rest_route=\/wp\/v2\/posts\/54985","targetHints":{"allow":["GET"]}}],"collection":[{"href":"https:\/\/radiorevelacionfm.cl\/index.php?rest_route=\/wp\/v2\/posts"}],"about":[{"href":"https:\/\/radiorevelacionfm.cl\/index.php?rest_route=\/wp\/v2\/types\/post"}],"author":[{"embeddable":true,"href":"https:\/\/radiorevelacionfm.cl\/index.php?rest_route=\/wp\/v2\/users\/1"}],"replies":[{"embeddable":true,"href":"https:\/\/radiorevelacionfm.cl\/index.php?rest_route=%2Fwp%2Fv2%2Fcomments&post=54985"}],"version-history":[{"count":2,"href":"https:\/\/radiorevelacionfm.cl\/index.php?rest_route=\/wp\/v2\/posts\/54985\/revisions"}],"predecessor-version":[{"id":54988,"href":"https:\/\/radiorevelacionfm.cl\/index.php?rest_route=\/wp\/v2\/posts\/54985\/revisions\/54988"}],"wp:featuredmedia":[{"embeddable":true,"href":"https:\/\/radiorevelacionfm.cl\/index.php?rest_route=\/wp\/v2\/media\/54986"}],"wp:attachment":[{"href":"https:\/\/radiorevelacionfm.cl\/index.php?rest_route=%2Fwp%2Fv2%2Fmedia&parent=54985"}],"wp:term":[{"taxonomy":"category","embeddable":true,"href":"https:\/\/radiorevelacionfm.cl\/index.php?rest_route=%2Fwp%2Fv2%2Fcategories&post=54985"},{"taxonomy":"post_tag","embeddable":true,"href":"https:\/\/radiorevelacionfm.cl\/index.php?rest_route=%2Fwp%2Fv2%2Ftags&post=54985"}],"curies":[{"name":"wp","href":"https:\/\/api.w.org\/{rel}","templated":true}]}}