{"id":54976,"date":"2025-06-08T13:38:44","date_gmt":"2025-06-08T16:38:44","guid":{"rendered":"https:\/\/radiorevelacionfm.cl\/?p=54976"},"modified":"2025-06-08T13:38:44","modified_gmt":"2025-06-08T16:38:44","slug":"dirigentas-valoraron-despliegue-de-servicios-mediante-gobierno-en-terreno","status":"publish","type":"post","link":"https:\/\/radiorevelacionfm.cl\/?p=54976","title":{"rendered":"Dirigentas valoraron despliegue de servicios mediante Gobierno en Terreno"},"content":{"rendered":"<div class=\"flex_column av_one_full  flex_column_div av-zero-column-padding first  avia-builder-el-0  el_before_av_one_full  avia-builder-el-first  \" style='border-radius:0px; '><div  class='avia-image-container  av-styling-    avia-builder-el-1  avia-builder-el-no-sibling  avia-align-center '  itemprop=\"image\" itemscope=\"itemscope\" itemtype=\"https:\/\/schema.org\/ImageObject\"  ><div class='avia-image-container-inner'><div class='avia-image-overlay-wrap'><img decoding=\"async\" class='wp-image-54977 avia-img-lazy-loading-not-54977 avia_image' src=\"https:\/\/radiorevelacionfm.cl\/wp-content\/uploads\/2025\/06\/WhatsApp-Image-2025-06-08-at-13.12.33-1-1.jpeg\" alt='' title='WhatsApp Image 2025-06-08 at 13.12.33 (1) (1)' height=\"600\" width=\"914\"  itemprop=\"thumbnailUrl\" srcset=\"https:\/\/radiorevelacionfm.cl\/wp-content\/uploads\/2025\/06\/WhatsApp-Image-2025-06-08-at-13.12.33-1-1.jpeg 914w, https:\/\/radiorevelacionfm.cl\/wp-content\/uploads\/2025\/06\/WhatsApp-Image-2025-06-08-at-13.12.33-1-1-300x197.jpeg 300w, https:\/\/radiorevelacionfm.cl\/wp-content\/uploads\/2025\/06\/WhatsApp-Image-2025-06-08-at-13.12.33-1-1-768x504.jpeg 768w, https:\/\/radiorevelacionfm.cl\/wp-content\/uploads\/2025\/06\/WhatsApp-Image-2025-06-08-at-13.12.33-1-1-705x463.jpeg 705w, https:\/\/radiorevelacionfm.cl\/wp-content\/uploads\/2025\/06\/WhatsApp-Image-2025-06-08-at-13.12.33-1-1-450x295.jpeg 450w, https:\/\/radiorevelacionfm.cl\/wp-content\/uploads\/2025\/06\/WhatsApp-Image-2025-06-08-at-13.12.33-1-1-600x394.jpeg 600w\" sizes=\"(max-width: 914px) 100vw, 914px\" \/><\/div><\/div><\/div><\/div><div class=\"flex_column av_one_full  flex_column_div av-zero-column-padding first  avia-builder-el-2  el_after_av_one_full  el_before_av_one_full  column-top-margin\" style='border-radius:0px; '><section class=\"av_textblock_section \"  itemscope=\"itemscope\" itemtype=\"https:\/\/schema.org\/BlogPosting\" itemprop=\"blogPost\" ><div class='avia_textblock  '   itemprop=\"text\" ><p style=\"font-weight: 400; text-align: center;\"><span style=\"font-size: 18pt;\"><strong>Dirigentas valoraron despliegue de servicios mediante Gobierno en Terreno<\/strong><\/span><\/p>\n<div id=\"gtx-trans\" style=\"position: absolute; left: -50px; top: 4.31534px;\">\n<div class=\"gtx-trans-icon\"><\/div>\n<\/div>\n<\/div><\/section><\/div><div class=\"flex_column av_one_full  flex_column_div av-zero-column-padding first  avia-builder-el-4  el_after_av_one_full  el_before_av_hr  column-top-margin\" style='border-radius:0px; '><section class=\"av_textblock_section \"  itemscope=\"itemscope\" itemtype=\"https:\/\/schema.org\/BlogPosting\" itemprop=\"blogPost\" ><div class='avia_textblock  '   itemprop=\"text\" ><p style=\"font-weight: 400;\"><em>Este s\u00e1bado un conjunto de servicios p\u00fablicos atendieron en la sede social de Villa Los Glaciares, respondiendo inquietudes y entregando servicio de manera directa a familias del sector alto de Coyhaique.<\/em><\/p>\n<p style=\"font-weight: 400;\">La atenci\u00f3n descentralizada y directa de diversos servicios p\u00fablicos requeridos por la comunidad, destacaron autoridades, dirigentes y asistentes a la plaza ciudadana del programa Gobierno en Terreno, realizada este s\u00e1bado en la sede vecinal de Villa Los Glaciares, en el sector alto de Coyhaique.<\/p>\n<p style=\"font-weight: 400;\">La plaza ciudadana fue encabezada por el Delegado Presidencial Regional, Jorge D\u00edaz Guzm\u00e1n, junto a las y los seremis de Gobierno, \u00darsula Mix; Seguridad P\u00fablica, Ruth Vallejos; Justicia y Derechos Humanos, Samuel Navarro; Transportes y Telecomunicaciones, Hans Zimmermann; Medio Ambiente, Yoal D\u00edaz; Educaci\u00f3n, Katherine Miqueles; Desarrollo Social y Familia, Karina Acevedo; adem\u00e1s de equipos de la Municipalidad de Coyhaique con Registro Social de Hogares, Seremi de Salud con prevenci\u00f3n de la hidatidosis y Servicio de Salud Ays\u00e9n con vacunaci\u00f3n contra la influenza y covid-19, entre otras instituciones.<\/p>\n<p style=\"font-weight: 400;\">\u201cEs fundamental que los servicios vengan a atender a los vecinos y la idea de los Gobiernos en Terreno es esa. Como ha dicho el Presidente Gabriel Boric, no importan d\u00f3nde la gente viva, el Estado tiene que estar presente. Estas jornadas las hacemos en los lugares m\u00e1s remotos, pero como Coyhaique ha crecido, estamos tambi\u00e9n en los barrios y las personas pueden hacer tr\u00e1mites diversos de una sola vez\u201d, subray\u00f3 el Delegado Jorge D\u00edaz.<\/p>\n<p style=\"font-weight: 400;\">\u201cBien agradable estar ac\u00e1 y ha servido para aclarar puntos y hacer peticiones a los seremis. Ha sido una buena oportunidad para que los vecinos hagan tr\u00e1mites que muchas veces durante la semana no se pueden realizar\u201d, se\u00f1al\u00f3 la presidenta de la junta vecinal Villa Los Glaciares, Cecilia Opazo.<\/p>\n<p style=\"font-weight: 400;\">Del mismo modo, la dirigenta del barrio Ruka Kim\u00fan, Elsa Canum\u00e1n agradeci\u00f3 este operativo. \u201cAgradecer esta oportunidad que se da de hacer tr\u00e1mites un d\u00eda s\u00e1bado, cuando estamos disponibles, y abordar las problem\u00e1ticas que hay en cada familia\u201d, indic\u00f3.<\/p>\n<p style=\"font-weight: 400;\">La seremi de Gobierno, \u00darsula Mix agradeci\u00f3 la participaci\u00f3n de la ciudadan\u00eda e invit\u00f3 a vecinas y vecinos a sumarse en pr\u00f3ximos encuentros del programa Gobierno en Terreno, reforzando la atenci\u00f3n descentralizada del Estado en toda la regi\u00f3n.<\/p>\n<\/div><\/section><\/div><div  style='height:50px' class='hr hr-invisible   avia-builder-el-6  el_after_av_one_full  el_before_av_social_share '><span class='hr-inner ' ><span class='hr-inner-style'><\/span><\/span><\/div><\/p>\n<div  class='av-social-sharing-box  avia-builder-el-7  el_after_av_hr  el_before_av_hr  '><div class='av-share-box'><h5 class='av-share-link-description av-no-toc '>Compartir esta noticia<\/h5><ul class='av-share-box-list noLightbox'><li class='av-share-link av-social-link-facebook' ><a target=\"_blank\" aria-label=\"Compartir en Facebook\" href='https:\/\/www.facebook.com\/sharer.php?u=https:\/\/radiorevelacionfm.cl\/?p=54976&#038;t=Dirigentas%20valoraron%20despliegue%20de%20servicios%20mediante%20Gobierno%20en%20Terreno' aria-hidden='false' data-av_icon='\ue8f3' data-av_iconfont='entypo-fontello' title='' data-avia-related-tooltip='Compartir en Facebook' rel=\"noopener\"><span class='avia_hidden_link_text'>Compartir en Facebook<\/span><\/a><\/li><li class='av-share-link av-social-link-twitter' ><a target=\"_blank\" aria-label=\"Compartir en Twitter\" href='https:\/\/twitter.com\/share?text=Dirigentas%20valoraron%20despliegue%20de%20servicios%20mediante%20Gobierno%20en%20Terreno&#038;url=https:\/\/radiorevelacionfm.cl\/?p=54976' aria-hidden='false' data-av_icon='\ue8f1' data-av_iconfont='entypo-fontello' title='' data-avia-related-tooltip='Compartir en Twitter' rel=\"noopener\"><span class='avia_hidden_link_text'>Compartir en Twitter<\/span><\/a><\/li><li class='av-share-link av-social-link-whatsapp' ><a target=\"_blank\" aria-label=\"Compartir en Whatsapp\" href='https:\/\/api.whatsapp.com\/send?text=https:\/\/radiorevelacionfm.cl\/?p=54976' aria-hidden='false' data-av_icon='\uf232' data-av_iconfont='entypo-fontello' title='' data-avia-related-tooltip='Compartir en Whatsapp' rel=\"noopener\"><span class='avia_hidden_link_text'>Compartir en Whatsapp<\/span><\/a><\/li><li class='av-share-link av-social-link-linkedin' ><a target=\"_blank\" aria-label=\"Compartir en LinkedIn\" href='https:\/\/linkedin.com\/shareArticle?mini=true&#038;title=Dirigentas%20valoraron%20despliegue%20de%20servicios%20mediante%20Gobierno%20en%20Terreno&#038;url=https:\/\/radiorevelacionfm.cl\/?p=54976' aria-hidden='false' data-av_icon='\ue8fc' data-av_iconfont='entypo-fontello' title='' data-avia-related-tooltip='Compartir en LinkedIn' rel=\"noopener\"><span class='avia_hidden_link_text'>Compartir en LinkedIn<\/span><\/a><\/li><li class='av-share-link av-social-link-mail' ><a  aria-label=\"Compartir por correo\" href='mailto:?subject=Dirigentas%20valoraron%20despliegue%20de%20servicios%20mediante%20Gobierno%20en%20Terreno&#038;body=https:\/\/radiorevelacionfm.cl\/?p=54976' aria-hidden='false' data-av_icon='\ue805' data-av_iconfont='entypo-fontello' title='' data-avia-related-tooltip='Compartir por correo'><span class='avia_hidden_link_text'>Compartir por correo<\/span><\/a><\/li><\/ul><\/div><\/div>\n<div  style='height:50px' class='hr hr-invisible   avia-builder-el-8  el_after_av_social_share  el_before_av_comments_list '><span class='hr-inner ' ><span class='hr-inner-style'><\/span><\/span><\/div>\n<div  class='av-buildercomment  av-blog-meta-html-info-disabled av-blog-meta-tag-disabled  '><\/div>\n","protected":false},"excerpt":{"rendered":"","protected":false},"author":1,"featured_media":54977,"comment_status":"closed","ping_status":"closed","sticky":false,"template":"","format":"standard","meta":{"footnotes":""},"categories":[38],"tags":[],"class_list":["post-54976","post","type-post","status-publish","format-standard","has-post-thumbnail","hentry","category-regional"],"jetpack_featured_media_url":"https:\/\/radiorevelacionfm.cl\/wp-content\/uploads\/2025\/06\/WhatsApp-Image-2025-06-08-at-13.12.33-1-1.jpeg","_links":{"self":[{"href":"https:\/\/radiorevelacionfm.cl\/index.php?rest_route=\/wp\/v2\/posts\/54976","targetHints":{"allow":["GET"]}}],"collection":[{"href":"https:\/\/radiorevelacionfm.cl\/index.php?rest_route=\/wp\/v2\/posts"}],"about":[{"href":"https:\/\/radiorevelacionfm.cl\/index.php?rest_route=\/wp\/v2\/types\/post"}],"author":[{"embeddable":true,"href":"https:\/\/radiorevelacionfm.cl\/index.php?rest_route=\/wp\/v2\/users\/1"}],"replies":[{"embeddable":true,"href":"https:\/\/radiorevelacionfm.cl\/index.php?rest_route=%2Fwp%2Fv2%2Fcomments&post=54976"}],"version-history":[{"count":2,"href":"https:\/\/radiorevelacionfm.cl\/index.php?rest_route=\/wp\/v2\/posts\/54976\/revisions"}],"predecessor-version":[{"id":54979,"href":"https:\/\/radiorevelacionfm.cl\/index.php?rest_route=\/wp\/v2\/posts\/54976\/revisions\/54979"}],"wp:featuredmedia":[{"embeddable":true,"href":"https:\/\/radiorevelacionfm.cl\/index.php?rest_route=\/wp\/v2\/media\/54977"}],"wp:attachment":[{"href":"https:\/\/radiorevelacionfm.cl\/index.php?rest_route=%2Fwp%2Fv2%2Fmedia&parent=54976"}],"wp:term":[{"taxonomy":"category","embeddable":true,"href":"https:\/\/radiorevelacionfm.cl\/index.php?rest_route=%2Fwp%2Fv2%2Fcategories&post=54976"},{"taxonomy":"post_tag","embeddable":true,"href":"https:\/\/radiorevelacionfm.cl\/index.php?rest_route=%2Fwp%2Fv2%2Ftags&post=54976"}],"curies":[{"name":"wp","href":"https:\/\/api.w.org\/{rel}","templated":true}]}}