{"id":54969,"date":"2025-06-07T13:47:56","date_gmt":"2025-06-07T16:47:56","guid":{"rendered":"https:\/\/radiorevelacionfm.cl\/?p=54969"},"modified":"2025-06-07T13:47:56","modified_gmt":"2025-06-07T16:47:56","slug":"mop-obtiene-resolucion-para-avanzar-en-la-pavimentacion-de-ruta-7-entre-acceso-a-murta-y-puente-el-belga","status":"publish","type":"post","link":"https:\/\/radiorevelacionfm.cl\/?p=54969","title":{"rendered":"MOP obtiene resoluci\u00f3n para avanzar en la pavimentaci\u00f3n de Ruta 7 entre acceso a Murta y puente El Belga"},"content":{"rendered":"<div class=\"flex_column av_one_full  flex_column_div av-zero-column-padding first  avia-builder-el-0  el_before_av_one_full  avia-builder-el-first  \" style='border-radius:0px; '><div  class='avia-image-container  av-styling-    avia-builder-el-1  avia-builder-el-no-sibling  avia-align-center '  itemprop=\"image\" itemscope=\"itemscope\" itemtype=\"https:\/\/schema.org\/ImageObject\"  ><div class='avia-image-container-inner'><div class='avia-image-overlay-wrap'><img decoding=\"async\" class='wp-image-54970 avia-img-lazy-loading-not-54970 avia_image' src=\"https:\/\/radiorevelacionfm.cl\/wp-content\/uploads\/2025\/06\/dji_0055-1_optimized.jpg\" alt='' title='dji_0055-(1)_optimized' height=\"600\" width=\"1067\"  itemprop=\"thumbnailUrl\" srcset=\"https:\/\/radiorevelacionfm.cl\/wp-content\/uploads\/2025\/06\/dji_0055-1_optimized.jpg 1067w, https:\/\/radiorevelacionfm.cl\/wp-content\/uploads\/2025\/06\/dji_0055-1_optimized-300x169.jpg 300w, https:\/\/radiorevelacionfm.cl\/wp-content\/uploads\/2025\/06\/dji_0055-1_optimized-1030x579.jpg 1030w, https:\/\/radiorevelacionfm.cl\/wp-content\/uploads\/2025\/06\/dji_0055-1_optimized-768x432.jpg 768w, https:\/\/radiorevelacionfm.cl\/wp-content\/uploads\/2025\/06\/dji_0055-1_optimized-705x396.jpg 705w, https:\/\/radiorevelacionfm.cl\/wp-content\/uploads\/2025\/06\/dji_0055-1_optimized-450x253.jpg 450w, https:\/\/radiorevelacionfm.cl\/wp-content\/uploads\/2025\/06\/dji_0055-1_optimized-600x337.jpg 600w\" sizes=\"(max-width: 1067px) 100vw, 1067px\" \/><\/div><\/div><\/div><\/div><div class=\"flex_column av_one_full  flex_column_div av-zero-column-padding first  avia-builder-el-2  el_after_av_one_full  el_before_av_one_full  column-top-margin\" style='border-radius:0px; '><section class=\"av_textblock_section \"  itemscope=\"itemscope\" itemtype=\"https:\/\/schema.org\/BlogPosting\" itemprop=\"blogPost\" ><div class='avia_textblock  '   itemprop=\"text\" ><p style=\"text-align: center;\"><span style=\"font-size: 18pt;\"><strong>MOP obtiene resoluci\u00f3n para avanzar en la pavimentaci\u00f3n de Ruta 7 entre acceso a Murta y puente El Belga<\/strong><\/span><\/p>\n<div id=\"gtx-trans\" style=\"position: absolute; left: -50px; top: 4.31534px;\">\n<div class=\"gtx-trans-icon\"><\/div>\n<\/div>\n<\/div><\/section><\/div><div class=\"flex_column av_one_full  flex_column_div av-zero-column-padding first  avia-builder-el-4  el_after_av_one_full  el_before_av_hr  column-top-margin\" style='border-radius:0px; '><section class=\"av_textblock_section \"  itemscope=\"itemscope\" itemtype=\"https:\/\/schema.org\/BlogPosting\" itemprop=\"blogPost\" ><div class='avia_textblock  '   itemprop=\"text\" ><p style=\"text-align: justify;\"><span style=\"font-size: 12pt;\">Este viernes el Ministerio de Obras P\u00fablicas recibi\u00f3 la notificaci\u00f3n de la obtenci\u00f3n de la Recomendaci\u00f3n Satisfactoria (RS) por parte del Ministerio de Desarrollo Social y Familia, para avanzar en la adjudicaci\u00f3n del contrato para pavimentar el tramo Acceso Bah\u00eda Murta \u2013 Puente El Belga de la Ruta 7, segmento de la Carretera Austral ubicado en la comuna de R\u00edo Ib\u00e1\u00f1ez, provincia General Carrera.<\/span><\/p>\n<p style=\"text-align: justify;\"><span style=\"font-size: 12pt;\">El proyecto, identificado como parte de la estrategia de mejoramiento continuo de la Carretera Austral, considera la pavimentaci\u00f3n de 16,2 kil\u00f3metros, iniciando aproximadamente 650 metros al norte del cruce Bah\u00eda Murta y finalizando 400 metros al norte del Puente El Belga.<\/span><\/p>\n<p style=\"text-align: justify;\"><span style=\"font-size: 12pt;\">Con una inversi\u00f3n estimada de casi 70 mil millones de pesos, la obra ser\u00e1 ejecutada por la empresa Valko, seg\u00fan lo considerado en la reevaluaci\u00f3n del proyecto. Esto equivale a una inversi\u00f3n del orden de $4.300 millones por kil\u00f3metro, reflejando el alto est\u00e1ndar t\u00e9cnico y el compromiso con una infraestructura vial duradera y segura para las comunidades de la regi\u00f3n y el desarrollo del turismo.<\/span><\/p>\n<p style=\"text-align: justify;\"><span style=\"font-size: 12pt;\">La ministra de Obras P\u00fablicas, J\u00e9ssica L\u00f3pez Saffie calific\u00f3 esto como una \u201cgran noticia. Ustedes saben cada kil\u00f3metro en Ays\u00e9n es un desaf\u00edo. Seguimos avanzando con la ruta 7 hasta cumplir con todos nuestros compromisos\u201d, afirm\u00f3.<\/span><\/p>\n<p style=\"text-align: justify;\"><span style=\"font-size: 12pt;\">A su vez la Secretaria Regional Ministerial del MOP en Ays\u00e9n, Paloma Jara Vald\u00e9s agreg\u00f3 que \u201cesperamos ver obras cuando ya est\u00e9 comenzando la primavera. Muy buenas noticias para la regi\u00f3n de Ays\u00e9n, para la comuna de Ib\u00e1\u00f1ez, para los pobladores de Puerto Tranquilo, porque luego esta misma ficha contiene el tramo que va desde Puerto Tranquilo hacia el sur, acceso a Capillas de M\u00e1rmol, por lo tanto es una cifra hist\u00f3rica que ha sido aprobada.<\/span><\/p>\n<p style=\"text-align: justify;\"><span style=\"font-size: 12pt;\">El dise\u00f1o geom\u00e9trico del nuevo tramo considera par\u00e1metros asociados a velocidades de entre 30 y 70 kil\u00f3metros por hora, con un perfil tipo interurbano que incluye dos pistas bidireccionales de 3,5 metros de ancho cada una, bermas con anchos variables entre 0,5 y 1,5 metros; un sobreancho de plataforma de 0,8 metros y un est\u00e1ndar de pavimento de hormig\u00f3n de cemento hidr\u00e1ulico optimizado con fibra estructural y un espesor de 12 cm.<\/span><\/p>\n<\/div><\/section><\/div><div  style='height:50px' class='hr hr-invisible   avia-builder-el-6  el_after_av_one_full  el_before_av_social_share '><span class='hr-inner ' ><span class='hr-inner-style'><\/span><\/span><\/div><\/p>\n<div  class='av-social-sharing-box  avia-builder-el-7  el_after_av_hr  el_before_av_hr  '><div class='av-share-box'><h5 class='av-share-link-description av-no-toc '>Compartir esta noticia<\/h5><ul class='av-share-box-list noLightbox'><li class='av-share-link av-social-link-facebook' ><a target=\"_blank\" aria-label=\"Compartir en Facebook\" href='https:\/\/www.facebook.com\/sharer.php?u=https:\/\/radiorevelacionfm.cl\/?p=54969&#038;t=MOP%20obtiene%20resoluci%C3%B3n%20para%20avanzar%20en%20la%20pavimentaci%C3%B3n%20de%20Ruta%207%20entre%20acceso%20a%20Murta%20y%20puente%20El%20Belga' aria-hidden='false' data-av_icon='\ue8f3' data-av_iconfont='entypo-fontello' title='' data-avia-related-tooltip='Compartir en Facebook' rel=\"noopener\"><span class='avia_hidden_link_text'>Compartir en Facebook<\/span><\/a><\/li><li class='av-share-link av-social-link-twitter' ><a target=\"_blank\" aria-label=\"Compartir en Twitter\" href='https:\/\/twitter.com\/share?text=MOP%20obtiene%20resoluci%C3%B3n%20para%20avanzar%20en%20la%20pavimentaci%C3%B3n%20de%20Ruta%207%20entre%20acceso%20a%20Murta%20y%20puente%20El%20Belga&#038;url=https:\/\/radiorevelacionfm.cl\/?p=54969' aria-hidden='false' data-av_icon='\ue8f1' data-av_iconfont='entypo-fontello' title='' data-avia-related-tooltip='Compartir en Twitter' rel=\"noopener\"><span class='avia_hidden_link_text'>Compartir en Twitter<\/span><\/a><\/li><li class='av-share-link av-social-link-whatsapp' ><a target=\"_blank\" aria-label=\"Compartir en Whatsapp\" href='https:\/\/api.whatsapp.com\/send?text=https:\/\/radiorevelacionfm.cl\/?p=54969' aria-hidden='false' data-av_icon='\uf232' data-av_iconfont='entypo-fontello' title='' data-avia-related-tooltip='Compartir en Whatsapp' rel=\"noopener\"><span class='avia_hidden_link_text'>Compartir en Whatsapp<\/span><\/a><\/li><li class='av-share-link av-social-link-linkedin' ><a target=\"_blank\" aria-label=\"Compartir en LinkedIn\" href='https:\/\/linkedin.com\/shareArticle?mini=true&#038;title=MOP%20obtiene%20resoluci%C3%B3n%20para%20avanzar%20en%20la%20pavimentaci%C3%B3n%20de%20Ruta%207%20entre%20acceso%20a%20Murta%20y%20puente%20El%20Belga&#038;url=https:\/\/radiorevelacionfm.cl\/?p=54969' aria-hidden='false' data-av_icon='\ue8fc' data-av_iconfont='entypo-fontello' title='' data-avia-related-tooltip='Compartir en LinkedIn' rel=\"noopener\"><span class='avia_hidden_link_text'>Compartir en LinkedIn<\/span><\/a><\/li><li class='av-share-link av-social-link-mail' ><a  aria-label=\"Compartir por correo\" href='mailto:?subject=MOP%20obtiene%20resoluci%C3%B3n%20para%20avanzar%20en%20la%20pavimentaci%C3%B3n%20de%20Ruta%207%20entre%20acceso%20a%20Murta%20y%20puente%20El%20Belga&#038;body=https:\/\/radiorevelacionfm.cl\/?p=54969' aria-hidden='false' data-av_icon='\ue805' data-av_iconfont='entypo-fontello' title='' data-avia-related-tooltip='Compartir por correo'><span class='avia_hidden_link_text'>Compartir por correo<\/span><\/a><\/li><\/ul><\/div><\/div>\n<div  style='height:50px' class='hr hr-invisible   avia-builder-el-8  el_after_av_social_share  el_before_av_comments_list '><span class='hr-inner ' ><span class='hr-inner-style'><\/span><\/span><\/div>\n<div  class='av-buildercomment  av-blog-meta-html-info-disabled av-blog-meta-tag-disabled  '><\/div>\n","protected":false},"excerpt":{"rendered":"","protected":false},"author":1,"featured_media":54970,"comment_status":"closed","ping_status":"closed","sticky":false,"template":"","format":"standard","meta":{"footnotes":""},"categories":[66],"tags":[],"class_list":["post-54969","post","type-post","status-publish","format-standard","has-post-thumbnail","hentry","category-obras-publicas"],"jetpack_featured_media_url":"https:\/\/radiorevelacionfm.cl\/wp-content\/uploads\/2025\/06\/dji_0055-1_optimized.jpg","_links":{"self":[{"href":"https:\/\/radiorevelacionfm.cl\/index.php?rest_route=\/wp\/v2\/posts\/54969","targetHints":{"allow":["GET"]}}],"collection":[{"href":"https:\/\/radiorevelacionfm.cl\/index.php?rest_route=\/wp\/v2\/posts"}],"about":[{"href":"https:\/\/radiorevelacionfm.cl\/index.php?rest_route=\/wp\/v2\/types\/post"}],"author":[{"embeddable":true,"href":"https:\/\/radiorevelacionfm.cl\/index.php?rest_route=\/wp\/v2\/users\/1"}],"replies":[{"embeddable":true,"href":"https:\/\/radiorevelacionfm.cl\/index.php?rest_route=%2Fwp%2Fv2%2Fcomments&post=54969"}],"version-history":[{"count":2,"href":"https:\/\/radiorevelacionfm.cl\/index.php?rest_route=\/wp\/v2\/posts\/54969\/revisions"}],"predecessor-version":[{"id":54984,"href":"https:\/\/radiorevelacionfm.cl\/index.php?rest_route=\/wp\/v2\/posts\/54969\/revisions\/54984"}],"wp:featuredmedia":[{"embeddable":true,"href":"https:\/\/radiorevelacionfm.cl\/index.php?rest_route=\/wp\/v2\/media\/54970"}],"wp:attachment":[{"href":"https:\/\/radiorevelacionfm.cl\/index.php?rest_route=%2Fwp%2Fv2%2Fmedia&parent=54969"}],"wp:term":[{"taxonomy":"category","embeddable":true,"href":"https:\/\/radiorevelacionfm.cl\/index.php?rest_route=%2Fwp%2Fv2%2Fcategories&post=54969"},{"taxonomy":"post_tag","embeddable":true,"href":"https:\/\/radiorevelacionfm.cl\/index.php?rest_route=%2Fwp%2Fv2%2Ftags&post=54969"}],"curies":[{"name":"wp","href":"https:\/\/api.w.org\/{rel}","templated":true}]}}