{"id":54958,"date":"2025-06-06T18:47:05","date_gmt":"2025-06-06T21:47:05","guid":{"rendered":"https:\/\/radiorevelacionfm.cl\/?p=54958"},"modified":"2025-06-06T18:47:05","modified_gmt":"2025-06-06T21:47:05","slug":"campus-errazuriz-uaysen-alcanza-el-60-de-avance-en-su-primera-infraestructura-propia","status":"publish","type":"post","link":"https:\/\/radiorevelacionfm.cl\/?p=54958","title":{"rendered":"Campus Err\u00e1zuriz: UAys\u00e9n alcanza el 60% de avance en su primera infraestructura propia"},"content":{"rendered":"<div class=\"flex_column av_one_full  flex_column_div av-zero-column-padding first  avia-builder-el-0  el_before_av_one_full  avia-builder-el-first  \" style='border-radius:0px; '><div  class='avia-image-container  av-styling-    avia-builder-el-1  avia-builder-el-no-sibling  avia-align-center '  itemprop=\"image\" itemscope=\"itemscope\" itemtype=\"https:\/\/schema.org\/ImageObject\"  ><div class='avia-image-container-inner'><div class='avia-image-overlay-wrap'><img decoding=\"async\" class='wp-image-54959 avia-img-lazy-loading-not-54959 avia_image' src=\"https:\/\/radiorevelacionfm.cl\/wp-content\/uploads\/2025\/06\/15-17-1_optimized.jpg\" alt='' title='15-(17)-(1)_optimized' height=\"600\" width=\"1067\"  itemprop=\"thumbnailUrl\" srcset=\"https:\/\/radiorevelacionfm.cl\/wp-content\/uploads\/2025\/06\/15-17-1_optimized.jpg 1067w, https:\/\/radiorevelacionfm.cl\/wp-content\/uploads\/2025\/06\/15-17-1_optimized-300x169.jpg 300w, https:\/\/radiorevelacionfm.cl\/wp-content\/uploads\/2025\/06\/15-17-1_optimized-1030x579.jpg 1030w, https:\/\/radiorevelacionfm.cl\/wp-content\/uploads\/2025\/06\/15-17-1_optimized-768x432.jpg 768w, https:\/\/radiorevelacionfm.cl\/wp-content\/uploads\/2025\/06\/15-17-1_optimized-705x396.jpg 705w, https:\/\/radiorevelacionfm.cl\/wp-content\/uploads\/2025\/06\/15-17-1_optimized-450x253.jpg 450w, https:\/\/radiorevelacionfm.cl\/wp-content\/uploads\/2025\/06\/15-17-1_optimized-600x337.jpg 600w\" sizes=\"(max-width: 1067px) 100vw, 1067px\" \/><\/div><\/div><\/div><\/div><div class=\"flex_column av_one_full  flex_column_div av-zero-column-padding first  avia-builder-el-2  el_after_av_one_full  el_before_av_one_full  column-top-margin\" style='border-radius:0px; '><section class=\"av_textblock_section \"  itemscope=\"itemscope\" itemtype=\"https:\/\/schema.org\/BlogPosting\" itemprop=\"blogPost\" ><div class='avia_textblock  '   itemprop=\"text\" ><p style=\"text-align: center;\"><strong><span style=\"font-size: 18pt;\">Campus Err\u00e1zuriz: UAys\u00e9n alcanza el 60% de avance en su primera infraestructura propia<\/span><\/strong><\/p>\n<div id=\"gtx-trans\" style=\"position: absolute; left: -50px; top: 4.31534px;\">\n<div class=\"gtx-trans-icon\"><\/div>\n<\/div>\n<\/div><\/section><\/div><div class=\"flex_column av_one_full  flex_column_div av-zero-column-padding first  avia-builder-el-4  el_after_av_one_full  el_before_av_hr  column-top-margin\" style='border-radius:0px; '><section class=\"av_textblock_section \"  itemscope=\"itemscope\" itemtype=\"https:\/\/schema.org\/BlogPosting\" itemprop=\"blogPost\" ><div class='avia_textblock  '   itemprop=\"text\" ><p dir=\"ltr\" style=\"text-align: justify;\"><em>Las obras, cuya entrega est\u00e1 proyectada para agosto de 2025, dar\u00e1n vida a una infraestructura moderna, sustentable y equipada con tecnolog\u00eda de alto est\u00e1ndar, pensada para la docencia, el encuentro y el bienestar de toda la comunidad universitaria.<\/em><\/p>\n<p dir=\"ltr\" style=\"text-align: justify;\">Con una infraestructura moderna, sustentable y pensada para fortalecer la experiencia universitaria en Coyhaique, la Universidad de Ays\u00e9n avanza a paso firme en la habilitaci\u00f3n de su primera infraestructura propia. El nuevo Campus Err\u00e1zuriz, cuya entrega est\u00e1 proyectada para agosto de 2025, ya cuenta con un 60% de avance en sus obras, marcando un hito para la consolidaci\u00f3n institucional.<\/p>\n<p dir=\"ltr\" style=\"text-align: justify;\">En esta primera etapa se est\u00e1n interviniendo 1.557 m\u00b2 de un total de 2.340 m\u00b2, que dar\u00e1n vida a espacios dedicados a la docencia, la investigaci\u00f3n y el encuentro comunitario. El proyecto contempla cinco salas de clases, una de ellas de gran capacidad, un moderno laboratorio de Biolog\u00eda, Qu\u00edmica y Gen\u00e9tica, gimnasio, servicios higi\u00e9nicos, camarines, \u00e1reas exteriores de esparcimiento y un Centro de Atenci\u00f3n Psicosocial (CAPS).<\/p>\n<p dir=\"ltr\" style=\"text-align: justify;\">Juan Pablo Prieto Cox, administrador provisional de la Universidad de Ays\u00e9n, valor\u00f3 el avance de esta obra clave para el desarrollo institucional: \u00abYa llevamos un 60% de avance en las obras, que contemplan un conjunto importante de metros cuadrados. Para el segundo semestre de 2025 tendremos cinco salas, un laboratorio de ciencias y un \u00e1rea verde que ser\u00e1 muy saludable para toda nuestra comunidad, especialmente para los y las estudiantes. Creemos que este ser\u00e1 un campus muy activo, donde no solo funcionar\u00e1 el pregrado, sino tambi\u00e9n el posgrado y la educaci\u00f3n continua. Poco a poco tomar\u00e1 la vida que merece un campus universitario como el que esperamos ofrecer a nuestra comunidad\u00bb, enfatiz\u00f3 la autoridad universitaria.<\/p>\n<p dir=\"ltr\" style=\"text-align: justify;\">El dise\u00f1o y la habilitaci\u00f3n de los espacios buscan propiciar una experiencia integral para estudiantes y acad\u00e9micos. As\u00ed lo destac\u00f3 el director general acad\u00e9mico, Marco Vega L\u00f3pez, quien relev\u00f3 la calidad de las condiciones que ofrecer\u00e1 este nuevo entorno. \u00abLas condiciones van a ser bastante c\u00f3modas; hemos pensado el dise\u00f1o para que los estudiantes no solo vengan a clases, sino que vivan el campus, lo habiten y convivan entre ellos. Tener instalaciones de esta calidad aqu\u00ed, en calle Err\u00e1zuriz, nos permitir\u00e1 mantener dentro de la ciudad un punto de vinculaci\u00f3n muy importante. Esto fortalecer\u00e1 la educaci\u00f3n continua, nos permitir\u00e1 dictar cursos de diplomado y capacitaci\u00f3n para profesionales de la zona y para nuestros egresados. Estamos muy contentos de estar alcanzando este nuevo est\u00e1ndar con un proyecto tan esperado: el primer campus que pertenece a la universidad y que hemos construido con mucho cari\u00f1o para nuestra comunidad\u00bb, se\u00f1al\u00f3.<\/p>\n<p dir=\"ltr\" style=\"text-align: justify;\">En esa misma l\u00ednea, la directora de Docencia, Lorena Millar, subray\u00f3 el impacto de este nuevo espacio en el desarrollo acad\u00e9mico. \u00abEl nuevo campus contar\u00e1 con salas implementadas con alta tecnolog\u00eda, un moderno laboratorio para Biolog\u00eda, Qu\u00edmica y Gen\u00e9tica, y un gimnasio que ser\u00e1 utilizado por toda nuestra comunidad universitaria. Estamos muy contentos con los avances y esperamos iniciar el segundo semestre de 2025 utilizando estos espacios para la docencia y, por sobre todo, para potenciar la vida universitaria\u00bb.<\/p>\n<p dir=\"ltr\" style=\"text-align: justify;\">La habilitaci\u00f3n del Campus Err\u00e1zuriz se enmarca en un plan m\u00e1s amplio de desarrollo de infraestructura. As\u00ed lo explic\u00f3 el director general de V\u00ednculos, Gabriel N\u00fa\u00f1ez, quien detall\u00f3 los pr\u00f3ximos pasos. \u00abEstamos avanzando de forma concreta en nuestro plan de infraestructura institucional, que contempla m\u00e1s de 15 millones de d\u00f3lares en inversiones para el corto, mediano y largo plazo. El edificio Campus Err\u00e1zuriz es parte de nuestras metas a corto plazo. Luego continuaremos con un campus modular, y m\u00e1s adelante con la infraestructura fundacional, que proyecta superar los 10.000 m\u00b2 destinados a la actividad acad\u00e9mica\u00bb.<\/p>\n<p dir=\"ltr\" style=\"text-align: justify;\">El dise\u00f1o arquitect\u00f3nico ha puesto \u00e9nfasis en la calidad de los espacios, eficiencia energ\u00e9tica y sostenibilidad. El arquitecto del proyecto, Rodrigo Pardo, detall\u00f3 los enfoques t\u00e9cnicos considerados en la intervenci\u00f3n. \u00abHemos priorizado ampliar las zonas exteriores para generar espacios de esparcimiento y recreaci\u00f3n, esenciales para mejorar el est\u00e1ndar de vida en un campus universitario. Las salas de clases han sido intervenidas con altos est\u00e1ndares t\u00e9cnicos: mejoras ac\u00fasticas, t\u00e9rmicas, un sistema de calefacci\u00f3n renovado, iluminaci\u00f3n eficiente y una planta solar instalada que ya alimenta el edificio. Esta planta est\u00e1 pensada para ampliarse hasta tres veces su capacidad actual, permitiendo una mayor generaci\u00f3n de energ\u00eda solar\u00bb, especific\u00f3.<\/p>\n<p dir=\"ltr\" style=\"text-align: justify;\">Adem\u00e1s de servir como espacio para la formaci\u00f3n de pregrado, el Campus Err\u00e1zuriz tambi\u00e9n albergar\u00e1 actividades de posgrado y educaci\u00f3n continua, consolid\u00e1ndose como un centro abierto para profesionales, egresados y la comunidad de Coyhaique. Este proyecto marca un hito en la historia de la Universidad de Ays\u00e9n, reafirmando su compromiso con la calidad, la sostenibilidad y el desarrollo integral de sus estudiantes.<\/p>\n<\/div><\/section><\/div><div  style='height:50px' class='hr hr-invisible   avia-builder-el-6  el_after_av_one_full  el_before_av_social_share '><span class='hr-inner ' ><span class='hr-inner-style'><\/span><\/span><\/div><\/p>\n<div  class='av-social-sharing-box  avia-builder-el-7  el_after_av_hr  el_before_av_hr  '><div class='av-share-box'><h5 class='av-share-link-description av-no-toc '>Compartir esta noticia<\/h5><ul class='av-share-box-list noLightbox'><li class='av-share-link av-social-link-facebook' ><a target=\"_blank\" aria-label=\"Compartir en Facebook\" href='https:\/\/www.facebook.com\/sharer.php?u=https:\/\/radiorevelacionfm.cl\/?p=54958&#038;t=Campus%20Err%C3%A1zuriz%3A%20UAys%C3%A9n%20alcanza%20el%2060%25%20de%20avance%20en%20su%20primera%20infraestructura%20propia' aria-hidden='false' data-av_icon='\ue8f3' data-av_iconfont='entypo-fontello' title='' data-avia-related-tooltip='Compartir en Facebook' rel=\"noopener\"><span class='avia_hidden_link_text'>Compartir en Facebook<\/span><\/a><\/li><li class='av-share-link av-social-link-twitter' ><a target=\"_blank\" aria-label=\"Compartir en Twitter\" href='https:\/\/twitter.com\/share?text=Campus%20Err%C3%A1zuriz%3A%20UAys%C3%A9n%20alcanza%20el%2060%25%20de%20avance%20en%20su%20primera%20infraestructura%20propia&#038;url=https:\/\/radiorevelacionfm.cl\/?p=54958' aria-hidden='false' data-av_icon='\ue8f1' data-av_iconfont='entypo-fontello' title='' data-avia-related-tooltip='Compartir en Twitter' rel=\"noopener\"><span class='avia_hidden_link_text'>Compartir en Twitter<\/span><\/a><\/li><li class='av-share-link av-social-link-whatsapp' ><a target=\"_blank\" aria-label=\"Compartir en Whatsapp\" href='https:\/\/api.whatsapp.com\/send?text=https:\/\/radiorevelacionfm.cl\/?p=54958' aria-hidden='false' data-av_icon='\uf232' data-av_iconfont='entypo-fontello' title='' data-avia-related-tooltip='Compartir en Whatsapp' rel=\"noopener\"><span class='avia_hidden_link_text'>Compartir en Whatsapp<\/span><\/a><\/li><li class='av-share-link av-social-link-linkedin' ><a target=\"_blank\" aria-label=\"Compartir en LinkedIn\" href='https:\/\/linkedin.com\/shareArticle?mini=true&#038;title=Campus%20Err%C3%A1zuriz%3A%20UAys%C3%A9n%20alcanza%20el%2060%25%20de%20avance%20en%20su%20primera%20infraestructura%20propia&#038;url=https:\/\/radiorevelacionfm.cl\/?p=54958' aria-hidden='false' data-av_icon='\ue8fc' data-av_iconfont='entypo-fontello' title='' data-avia-related-tooltip='Compartir en LinkedIn' rel=\"noopener\"><span class='avia_hidden_link_text'>Compartir en LinkedIn<\/span><\/a><\/li><li class='av-share-link av-social-link-mail' ><a  aria-label=\"Compartir por correo\" href='mailto:?subject=Campus%20Err%C3%A1zuriz%3A%20UAys%C3%A9n%20alcanza%20el%2060%25%20de%20avance%20en%20su%20primera%20infraestructura%20propia&#038;body=https:\/\/radiorevelacionfm.cl\/?p=54958' aria-hidden='false' data-av_icon='\ue805' data-av_iconfont='entypo-fontello' title='' data-avia-related-tooltip='Compartir por correo'><span class='avia_hidden_link_text'>Compartir por correo<\/span><\/a><\/li><\/ul><\/div><\/div>\n<div  style='height:50px' class='hr hr-invisible   avia-builder-el-8  el_after_av_social_share  el_before_av_comments_list '><span class='hr-inner ' ><span class='hr-inner-style'><\/span><\/span><\/div>\n<div  class='av-buildercomment  av-blog-meta-html-info-disabled av-blog-meta-tag-disabled  '><\/div>\n","protected":false},"excerpt":{"rendered":"","protected":false},"author":1,"featured_media":54959,"comment_status":"closed","ping_status":"closed","sticky":false,"template":"","format":"standard","meta":{"footnotes":""},"categories":[49,38],"tags":[],"class_list":["post-54958","post","type-post","status-publish","format-standard","has-post-thumbnail","hentry","category-educacion","category-regional"],"jetpack_featured_media_url":"https:\/\/radiorevelacionfm.cl\/wp-content\/uploads\/2025\/06\/15-17-1_optimized.jpg","_links":{"self":[{"href":"https:\/\/radiorevelacionfm.cl\/index.php?rest_route=\/wp\/v2\/posts\/54958","targetHints":{"allow":["GET"]}}],"collection":[{"href":"https:\/\/radiorevelacionfm.cl\/index.php?rest_route=\/wp\/v2\/posts"}],"about":[{"href":"https:\/\/radiorevelacionfm.cl\/index.php?rest_route=\/wp\/v2\/types\/post"}],"author":[{"embeddable":true,"href":"https:\/\/radiorevelacionfm.cl\/index.php?rest_route=\/wp\/v2\/users\/1"}],"replies":[{"embeddable":true,"href":"https:\/\/radiorevelacionfm.cl\/index.php?rest_route=%2Fwp%2Fv2%2Fcomments&post=54958"}],"version-history":[{"count":2,"href":"https:\/\/radiorevelacionfm.cl\/index.php?rest_route=\/wp\/v2\/posts\/54958\/revisions"}],"predecessor-version":[{"id":54961,"href":"https:\/\/radiorevelacionfm.cl\/index.php?rest_route=\/wp\/v2\/posts\/54958\/revisions\/54961"}],"wp:featuredmedia":[{"embeddable":true,"href":"https:\/\/radiorevelacionfm.cl\/index.php?rest_route=\/wp\/v2\/media\/54959"}],"wp:attachment":[{"href":"https:\/\/radiorevelacionfm.cl\/index.php?rest_route=%2Fwp%2Fv2%2Fmedia&parent=54958"}],"wp:term":[{"taxonomy":"category","embeddable":true,"href":"https:\/\/radiorevelacionfm.cl\/index.php?rest_route=%2Fwp%2Fv2%2Fcategories&post=54958"},{"taxonomy":"post_tag","embeddable":true,"href":"https:\/\/radiorevelacionfm.cl\/index.php?rest_route=%2Fwp%2Fv2%2Ftags&post=54958"}],"curies":[{"name":"wp","href":"https:\/\/api.w.org\/{rel}","templated":true}]}}