{"id":54946,"date":"2025-06-06T19:37:17","date_gmt":"2025-06-06T22:37:17","guid":{"rendered":"https:\/\/radiorevelacionfm.cl\/?p=54946"},"modified":"2025-06-06T19:37:17","modified_gmt":"2025-06-06T22:37:17","slug":"edelaysen-y-hospital-de-coyhaique-coordinan-esfuerzos-por-pacientes-electrodependientes","status":"publish","type":"post","link":"https:\/\/radiorevelacionfm.cl\/?p=54946","title":{"rendered":"Edelaysen y Hospital de Coyhaique coordinan esfuerzos por pacientes electrodependientes"},"content":{"rendered":"<div class=\"flex_column av_one_full  flex_column_div av-zero-column-padding first  avia-builder-el-0  el_before_av_one_full  avia-builder-el-first  \" style='border-radius:0px; '><div  class='avia-image-container  av-styling-    avia-builder-el-1  avia-builder-el-no-sibling  avia-align-center '  itemprop=\"image\" itemscope=\"itemscope\" itemtype=\"https:\/\/schema.org\/ImageObject\"  ><div class='avia-image-container-inner'><div class='avia-image-overlay-wrap'><img decoding=\"async\" class='wp-image-54947 avia-img-lazy-loading-not-54947 avia_image' src=\"https:\/\/radiorevelacionfm.cl\/wp-content\/uploads\/2025\/06\/06.06.2025-Electrodependientes-1-1-1.jpeg\" alt='' title='06.06.2025 Electrodependientes (1) (1) (1)' height=\"600\" width=\"800\"  itemprop=\"thumbnailUrl\" srcset=\"https:\/\/radiorevelacionfm.cl\/wp-content\/uploads\/2025\/06\/06.06.2025-Electrodependientes-1-1-1.jpeg 800w, https:\/\/radiorevelacionfm.cl\/wp-content\/uploads\/2025\/06\/06.06.2025-Electrodependientes-1-1-1-300x225.jpeg 300w, https:\/\/radiorevelacionfm.cl\/wp-content\/uploads\/2025\/06\/06.06.2025-Electrodependientes-1-1-1-768x576.jpeg 768w, https:\/\/radiorevelacionfm.cl\/wp-content\/uploads\/2025\/06\/06.06.2025-Electrodependientes-1-1-1-705x529.jpeg 705w, https:\/\/radiorevelacionfm.cl\/wp-content\/uploads\/2025\/06\/06.06.2025-Electrodependientes-1-1-1-450x338.jpeg 450w, https:\/\/radiorevelacionfm.cl\/wp-content\/uploads\/2025\/06\/06.06.2025-Electrodependientes-1-1-1-600x450.jpeg 600w\" sizes=\"(max-width: 800px) 100vw, 800px\" \/><\/div><\/div><\/div><\/div><div class=\"flex_column av_one_full  flex_column_div av-zero-column-padding first  avia-builder-el-2  el_after_av_one_full  el_before_av_one_full  column-top-margin\" style='border-radius:0px; '><section class=\"av_textblock_section \"  itemscope=\"itemscope\" itemtype=\"https:\/\/schema.org\/BlogPosting\" itemprop=\"blogPost\" ><div class='avia_textblock  '   itemprop=\"text\" ><p style=\"text-align: center;\"><span style=\"font-size: 18pt;\"><strong>Edelaysen y Hospital de Coyhaique coordinan esfuerzos por pacientes electrodependientes<\/strong><\/span><\/p>\n<div id=\"gtx-trans\" style=\"position: absolute; left: -50px; top: 4.31534px;\">\n<div class=\"gtx-trans-icon\"><\/div>\n<\/div>\n<\/div><\/section><\/div><div class=\"flex_column av_one_full  flex_column_div av-zero-column-padding first  avia-builder-el-4  el_after_av_one_full  el_before_av_hr  column-top-margin\" style='border-radius:0px; '><section class=\"av_textblock_section \"  itemscope=\"itemscope\" itemtype=\"https:\/\/schema.org\/BlogPosting\" itemprop=\"blogPost\" ><div class='avia_textblock  '   itemprop=\"text\" ><p style=\"text-align: justify;\"><em>La el\u00e9ctrica se reuni\u00f3 con el director del Hospital Regional para fortalecer el trabajo conjunto y asegurar atenci\u00f3n oportuna a quienes dependen de equipos m\u00e9dicos domiciliarios.\u00a0<\/em><\/p>\n<p style=\"text-align: justify;\"><em>\u00a0<\/em>Representantes de Edelaysen se reunieron con el director del Hospital de Coyhaique, Daniel Jara con el objetivo de coordinar acciones conjuntas en beneficio de los pacientes electrodependientes de la regi\u00f3n.<\/p>\n<p style=\"text-align: justify;\">Durante el encuentro, se revis\u00f3 la informaci\u00f3n disponible tanto por parte del centro de salud como de la empresa el\u00e9ctrica. Esta coordinaci\u00f3n se torna fundamental para asegurar una respuesta r\u00e1pida y efectiva, especialmente durante la temporada invernal, donde las condiciones clim\u00e1ticas pueden afectar el suministro el\u00e9ctrico.<\/p>\n<p style=\"text-align: justify;\">El director del Hospital Regional de Coyhaique Daniel Jara destac\u00f3: \u201cLa relevancia de poder estar oportunamente con nuestros pacientes nos genera una tranquilidad a nosotros y el apoyo de ustedes como Edelaysen de poder generar periodos de seguridad que son estos periodos de ventanas mientras se concreta el apoyo de electro dependencia, el que ustedes est\u00e9n ac\u00e1 hoy d\u00eda con nosotros y nos est\u00e9n advirtiendo y ofreciendo esta oportunidad nos garantiza a nosotros que nuestros pacientes van a estar saliendo del hospital van a poder contar con la energ\u00eda necesaria para su tratamiento el cual sea y no tener alg\u00fan evento catastr\u00f3fico por no llegar oportunamente con alguna atenci\u00f3n de salud determinada\u201d.<\/p>\n<p style=\"text-align: justify;\">Desde Edelaysen destacaron que se han implementado medidas especiales para estos casos, como visitas peri\u00f3dicas a los hogares, pruebas de funcionamiento de generadores, validaci\u00f3n de insumos y sistemas de respaldo.<\/p>\n<p style=\"text-align: justify;\">En tal sentido, Mar\u00eda de los \u00c1ngeles Gajardo jefa de Servicio al Cliente se\u00f1al\u00f3: \u201cTrabajar en conjunto con el Hospital es clave para tener una red actualizada y coordinada. Lo que buscamos es que todos los pacientes electrodependientes, cuenten con el apoyo necesario en caso de contingencias\u00bb.<\/p>\n<p style=\"text-align: justify;\">Cabe destacar que la visita cont\u00f3 tambi\u00e9n con la presencia de Margarita Arismendi, vecina de la comuna quien pertenece al concejo de desarrollo del hospital donde destac\u00f3: \u201cTuvimos una reuni\u00f3n con el equipo de Edelaysen y con el director del hospital para ver un tema que hace mucho tiempo logramos esta alianza para los pacientes electrodependientes, donde lo que esperamos es tener una mejor atenci\u00f3n para los pacientes que dependen de alg\u00fan equipo generador, as\u00ed que muy agradecida de Edelaysen como siempre, con su mejor atenci\u00f3n para nuestros pacientes as\u00ed que contenta con esta gesti\u00f3n\u201d.<\/p>\n<p style=\"text-align: justify;\">De esta manera, ambas instituciones acordaron seguir fortaleciendo esta colaboraci\u00f3n con una mirada centrada en la seguridad y bienestar de las personas.<\/p>\n<\/div><\/section><\/div><div  style='height:50px' class='hr hr-invisible   avia-builder-el-6  el_after_av_one_full  el_before_av_social_share '><span class='hr-inner ' ><span class='hr-inner-style'><\/span><\/span><\/div><\/p>\n<div  class='av-social-sharing-box  avia-builder-el-7  el_after_av_hr  el_before_av_hr  '><div class='av-share-box'><h5 class='av-share-link-description av-no-toc '>Compartir esta noticia<\/h5><ul class='av-share-box-list noLightbox'><li class='av-share-link av-social-link-facebook' ><a target=\"_blank\" aria-label=\"Compartir en Facebook\" href='https:\/\/www.facebook.com\/sharer.php?u=https:\/\/radiorevelacionfm.cl\/?p=54946&#038;t=Edelaysen%20y%20Hospital%20de%20Coyhaique%20coordinan%20esfuerzos%20por%20pacientes%20electrodependientes' aria-hidden='false' data-av_icon='\ue8f3' data-av_iconfont='entypo-fontello' title='' data-avia-related-tooltip='Compartir en Facebook' rel=\"noopener\"><span class='avia_hidden_link_text'>Compartir en Facebook<\/span><\/a><\/li><li class='av-share-link av-social-link-twitter' ><a target=\"_blank\" aria-label=\"Compartir en Twitter\" href='https:\/\/twitter.com\/share?text=Edelaysen%20y%20Hospital%20de%20Coyhaique%20coordinan%20esfuerzos%20por%20pacientes%20electrodependientes&#038;url=https:\/\/radiorevelacionfm.cl\/?p=54946' aria-hidden='false' data-av_icon='\ue8f1' data-av_iconfont='entypo-fontello' title='' data-avia-related-tooltip='Compartir en Twitter' rel=\"noopener\"><span class='avia_hidden_link_text'>Compartir en Twitter<\/span><\/a><\/li><li class='av-share-link av-social-link-whatsapp' ><a target=\"_blank\" aria-label=\"Compartir en Whatsapp\" href='https:\/\/api.whatsapp.com\/send?text=https:\/\/radiorevelacionfm.cl\/?p=54946' aria-hidden='false' data-av_icon='\uf232' data-av_iconfont='entypo-fontello' title='' data-avia-related-tooltip='Compartir en Whatsapp' rel=\"noopener\"><span class='avia_hidden_link_text'>Compartir en Whatsapp<\/span><\/a><\/li><li class='av-share-link av-social-link-linkedin' ><a target=\"_blank\" aria-label=\"Compartir en LinkedIn\" href='https:\/\/linkedin.com\/shareArticle?mini=true&#038;title=Edelaysen%20y%20Hospital%20de%20Coyhaique%20coordinan%20esfuerzos%20por%20pacientes%20electrodependientes&#038;url=https:\/\/radiorevelacionfm.cl\/?p=54946' aria-hidden='false' data-av_icon='\ue8fc' data-av_iconfont='entypo-fontello' title='' data-avia-related-tooltip='Compartir en LinkedIn' rel=\"noopener\"><span class='avia_hidden_link_text'>Compartir en LinkedIn<\/span><\/a><\/li><li class='av-share-link av-social-link-mail' ><a  aria-label=\"Compartir por correo\" href='mailto:?subject=Edelaysen%20y%20Hospital%20de%20Coyhaique%20coordinan%20esfuerzos%20por%20pacientes%20electrodependientes&#038;body=https:\/\/radiorevelacionfm.cl\/?p=54946' aria-hidden='false' data-av_icon='\ue805' data-av_iconfont='entypo-fontello' title='' data-avia-related-tooltip='Compartir por correo'><span class='avia_hidden_link_text'>Compartir por correo<\/span><\/a><\/li><\/ul><\/div><\/div>\n<div  style='height:50px' class='hr hr-invisible   avia-builder-el-8  el_after_av_social_share  el_before_av_comments_list '><span class='hr-inner ' ><span class='hr-inner-style'><\/span><\/span><\/div>\n<div  class='av-buildercomment  av-blog-meta-html-info-disabled av-blog-meta-tag-disabled  '><\/div>\n","protected":false},"excerpt":{"rendered":"","protected":false},"author":1,"featured_media":54947,"comment_status":"closed","ping_status":"closed","sticky":false,"template":"","format":"standard","meta":{"footnotes":""},"categories":[46],"tags":[],"class_list":["post-54946","post","type-post","status-publish","format-standard","has-post-thumbnail","hentry","category-salud"],"jetpack_featured_media_url":"https:\/\/radiorevelacionfm.cl\/wp-content\/uploads\/2025\/06\/06.06.2025-Electrodependientes-1-1-1.jpeg","_links":{"self":[{"href":"https:\/\/radiorevelacionfm.cl\/index.php?rest_route=\/wp\/v2\/posts\/54946","targetHints":{"allow":["GET"]}}],"collection":[{"href":"https:\/\/radiorevelacionfm.cl\/index.php?rest_route=\/wp\/v2\/posts"}],"about":[{"href":"https:\/\/radiorevelacionfm.cl\/index.php?rest_route=\/wp\/v2\/types\/post"}],"author":[{"embeddable":true,"href":"https:\/\/radiorevelacionfm.cl\/index.php?rest_route=\/wp\/v2\/users\/1"}],"replies":[{"embeddable":true,"href":"https:\/\/radiorevelacionfm.cl\/index.php?rest_route=%2Fwp%2Fv2%2Fcomments&post=54946"}],"version-history":[{"count":2,"href":"https:\/\/radiorevelacionfm.cl\/index.php?rest_route=\/wp\/v2\/posts\/54946\/revisions"}],"predecessor-version":[{"id":54962,"href":"https:\/\/radiorevelacionfm.cl\/index.php?rest_route=\/wp\/v2\/posts\/54946\/revisions\/54962"}],"wp:featuredmedia":[{"embeddable":true,"href":"https:\/\/radiorevelacionfm.cl\/index.php?rest_route=\/wp\/v2\/media\/54947"}],"wp:attachment":[{"href":"https:\/\/radiorevelacionfm.cl\/index.php?rest_route=%2Fwp%2Fv2%2Fmedia&parent=54946"}],"wp:term":[{"taxonomy":"category","embeddable":true,"href":"https:\/\/radiorevelacionfm.cl\/index.php?rest_route=%2Fwp%2Fv2%2Fcategories&post=54946"},{"taxonomy":"post_tag","embeddable":true,"href":"https:\/\/radiorevelacionfm.cl\/index.php?rest_route=%2Fwp%2Fv2%2Ftags&post=54946"}],"curies":[{"name":"wp","href":"https:\/\/api.w.org\/{rel}","templated":true}]}}