{"id":54943,"date":"2025-06-06T19:59:42","date_gmt":"2025-06-06T22:59:42","guid":{"rendered":"https:\/\/radiorevelacionfm.cl\/?p=54943"},"modified":"2025-06-06T19:59:42","modified_gmt":"2025-06-06T22:59:42","slug":"delegado-regional-destaco-avances-en-conectividad-en-la-region-de-aysen","status":"publish","type":"post","link":"https:\/\/radiorevelacionfm.cl\/?p=54943","title":{"rendered":"Delegado Regional destac\u00f3 avances en conectividad en la Regi\u00f3n de Ays\u00e9n"},"content":{"rendered":"<div class=\"flex_column av_one_full  flex_column_div av-zero-column-padding first  avia-builder-el-0  el_before_av_one_full  avia-builder-el-first  \" style='border-radius:0px; '><div  class='avia-image-container  av-styling-    avia-builder-el-1  avia-builder-el-no-sibling  avia-align-center '  itemprop=\"image\" itemscope=\"itemscope\" itemtype=\"https:\/\/schema.org\/ImageObject\"  ><div class='avia-image-container-inner'><div class='avia-image-overlay-wrap'><img decoding=\"async\" class='wp-image-54944 avia-img-lazy-loading-not-54944 avia_image' src=\"https:\/\/radiorevelacionfm.cl\/wp-content\/uploads\/2025\/06\/pavimentacion-lago-atravesado-3-1_optimized.jpg\" alt='' title='pavimentaci\u00f3n-lago-atravesado-(3)-(1)_optimized' height=\"600\" width=\"900\"  itemprop=\"thumbnailUrl\" srcset=\"https:\/\/radiorevelacionfm.cl\/wp-content\/uploads\/2025\/06\/pavimentacion-lago-atravesado-3-1_optimized.jpg 900w, https:\/\/radiorevelacionfm.cl\/wp-content\/uploads\/2025\/06\/pavimentacion-lago-atravesado-3-1_optimized-300x200.jpg 300w, https:\/\/radiorevelacionfm.cl\/wp-content\/uploads\/2025\/06\/pavimentacion-lago-atravesado-3-1_optimized-768x512.jpg 768w, https:\/\/radiorevelacionfm.cl\/wp-content\/uploads\/2025\/06\/pavimentacion-lago-atravesado-3-1_optimized-705x470.jpg 705w, https:\/\/radiorevelacionfm.cl\/wp-content\/uploads\/2025\/06\/pavimentacion-lago-atravesado-3-1_optimized-450x300.jpg 450w, https:\/\/radiorevelacionfm.cl\/wp-content\/uploads\/2025\/06\/pavimentacion-lago-atravesado-3-1_optimized-600x400.jpg 600w\" sizes=\"(max-width: 900px) 100vw, 900px\" \/><\/div><\/div><\/div><\/div><div class=\"flex_column av_one_full  flex_column_div av-zero-column-padding first  avia-builder-el-2  el_after_av_one_full  el_before_av_one_full  column-top-margin\" style='border-radius:0px; '><section class=\"av_textblock_section \"  itemscope=\"itemscope\" itemtype=\"https:\/\/schema.org\/BlogPosting\" itemprop=\"blogPost\" ><div class='avia_textblock  '   itemprop=\"text\" ><p style=\"font-weight: 400; text-align: center;\"><span style=\"font-size: 18pt;\"><strong>Delegado Regional destac\u00f3 avances en conectividad en la Regi\u00f3n de Ays\u00e9n<\/strong><\/span><\/p>\n<div id=\"gtx-trans\" style=\"position: absolute; left: -50px; top: 4.31534px;\">\n<div class=\"gtx-trans-icon\"><\/div>\n<\/div>\n<\/div><\/section><\/div><div class=\"flex_column av_one_full  flex_column_div av-zero-column-padding first  avia-builder-el-4  el_after_av_one_full  el_before_av_hr  column-top-margin\" style='border-radius:0px; '><section class=\"av_textblock_section \"  itemscope=\"itemscope\" itemtype=\"https:\/\/schema.org\/BlogPosting\" itemprop=\"blogPost\" ><div class='avia_textblock  '   itemprop=\"text\" ><p style=\"font-weight: 400; text-align: justify;\">El Delegado Presidencial Regional, Jorge D\u00edaz Guzm\u00e1n, destac\u00f3 las obras viales, de infraestructura p\u00fablica y de conectividad que el Ministerio de Obras P\u00fablicas (MOP) materializa en la regi\u00f3n, como resultado de contratos restablecidos tras la pandemia y de nuevas licitaciones, con una inversi\u00f3n cercana a los 83 mil millones de pesos en 2024.<\/p>\n<p style=\"font-weight: 400; text-align: justify;\">Uno de los proyectos en ejecuci\u00f3n corresponde a la pavimentaci\u00f3n de 17 kil\u00f3metros entre el Puente Chacabuco y Confluencia, con una inversi\u00f3n de 42.500 millones de pesos, considerando miradores y estacionamiento, en especial, en la Confluencia de los r\u00edos Baker y Neff, altamente visitado por turistas nacionales y extranjeros.<\/p>\n<p style=\"font-weight: 400; text-align: justify;\">\u201cComo gobierno vamos a dejar en plena ejecuci\u00f3n, en proceso de licitaci\u00f3n y en proyectos por licitar, alrededor de 147,5 kil\u00f3metros. Este trabajo ha implicado reanudar obras tras la pandemia, adem\u00e1s de que aument\u00f3 el valor del kil\u00f3metro de pavimento, de 1,2 hasta 4,5 a 5 millones de\u00a0 d\u00f3lares, lo que signific\u00f3 retraso en algunas obras, pero hoy est\u00e1 todo en marcha. Vamos a dejar entre la Regi\u00f3n de Ays\u00e9n y la provincia de Chait\u00e9n en la Regi\u00f3n de Los Lagos, 147 kil\u00f3metros en sus diversas fases de desarrollo y ese es un logro y un compromiso que hemos cumplido como Gobierno\u201d, se\u00f1al\u00f3.<\/p>\n<p style=\"font-weight: 400; text-align: justify;\">En este mismo sentido, destac\u00f3 que \u201cuna de las cosas importantes que se determin\u00f3 en nuestro Gobierno, ha sido decretar, a trav\u00e9s de una resoluci\u00f3n de Vialidad, que la Ruta 7 es una ruta de belleza esc\u00e9nica, por lo tanto, Obras P\u00fablicas puede invertir no solamente en la carpeta de rodado, sino que tambi\u00e9n en algunas obras adicionales. En la misma l\u00ednea, un organismo internacional decret\u00f3 que este es uno de los seis caminos m\u00e1s bellos del mundo, por lo tanto, tenemos un incremento en el desarrollo tur\u00edstico que estamos complementando con cada uno de los municipios y con el servicio de turismo\u201d.<\/p>\n<p style=\"font-weight: 400; text-align: justify;\">Junto con un desplazamiento m\u00e1s expedito y seguro, las iniciativas contribuyen a la actividad econ\u00f3mica y al empleo, por el tr\u00e1nsito de turistas en toda la extensi\u00f3n de la ruta.<\/p>\n<p style=\"font-weight: 400; text-align: justify;\">\u201cRecordemos que tenemos la Ruta Chile por Chile. Uno puede ingresar a la Patagonia, recorrer la Ruta 7, embarcarse en un ferry en el Fiordo Mitchell y llegar hasta Torres del Paine, es decir, tambi\u00e9n hay un flujo desde el sur hacia el norte\u201d, concluy\u00f3.<\/p>\n<p style=\"font-weight: 400; text-align: justify;\">En conectividad a\u00e9rea, desarrollo econ\u00f3mico y turismo, agreg\u00f3 el 23 por ciento de avance de las obras del aer\u00f3dromo Balmaceda, con una inversi\u00f3n que supera los 44 mil millones de pesos, para triplicar la capacidad de transporte de pasajeros, pasando de un mill\u00f3n de personas anuales a tres millones aproximadamente incluyendo el sistema instrumental ILS (Instrument Landing System) Categor\u00eda I, que permitir\u00e1 realizar operaciones de aterrizaje con visibilidad m\u00ednima de 730 metros.<\/p>\n<\/div><\/section><\/div><div  style='height:50px' class='hr hr-invisible   avia-builder-el-6  el_after_av_one_full  el_before_av_social_share '><span class='hr-inner ' ><span class='hr-inner-style'><\/span><\/span><\/div><\/p>\n<div  class='av-social-sharing-box  avia-builder-el-7  el_after_av_hr  el_before_av_hr  '><div class='av-share-box'><h5 class='av-share-link-description av-no-toc '>Compartir esta noticia<\/h5><ul class='av-share-box-list noLightbox'><li class='av-share-link av-social-link-facebook' ><a target=\"_blank\" aria-label=\"Compartir en Facebook\" href='https:\/\/www.facebook.com\/sharer.php?u=https:\/\/radiorevelacionfm.cl\/?p=54943&#038;t=Delegado%20Regional%20destac%C3%B3%20avances%20en%20conectividad%20en%20la%20Regi%C3%B3n%20de%20Ays%C3%A9n' aria-hidden='false' data-av_icon='\ue8f3' data-av_iconfont='entypo-fontello' title='' data-avia-related-tooltip='Compartir en Facebook' rel=\"noopener\"><span class='avia_hidden_link_text'>Compartir en Facebook<\/span><\/a><\/li><li class='av-share-link av-social-link-twitter' ><a target=\"_blank\" aria-label=\"Compartir en Twitter\" href='https:\/\/twitter.com\/share?text=Delegado%20Regional%20destac%C3%B3%20avances%20en%20conectividad%20en%20la%20Regi%C3%B3n%20de%20Ays%C3%A9n&#038;url=https:\/\/radiorevelacionfm.cl\/?p=54943' aria-hidden='false' data-av_icon='\ue8f1' data-av_iconfont='entypo-fontello' title='' data-avia-related-tooltip='Compartir en Twitter' rel=\"noopener\"><span class='avia_hidden_link_text'>Compartir en Twitter<\/span><\/a><\/li><li class='av-share-link av-social-link-whatsapp' ><a target=\"_blank\" aria-label=\"Compartir en Whatsapp\" href='https:\/\/api.whatsapp.com\/send?text=https:\/\/radiorevelacionfm.cl\/?p=54943' aria-hidden='false' data-av_icon='\uf232' data-av_iconfont='entypo-fontello' title='' data-avia-related-tooltip='Compartir en Whatsapp' rel=\"noopener\"><span class='avia_hidden_link_text'>Compartir en Whatsapp<\/span><\/a><\/li><li class='av-share-link av-social-link-linkedin' ><a target=\"_blank\" aria-label=\"Compartir en LinkedIn\" href='https:\/\/linkedin.com\/shareArticle?mini=true&#038;title=Delegado%20Regional%20destac%C3%B3%20avances%20en%20conectividad%20en%20la%20Regi%C3%B3n%20de%20Ays%C3%A9n&#038;url=https:\/\/radiorevelacionfm.cl\/?p=54943' aria-hidden='false' data-av_icon='\ue8fc' data-av_iconfont='entypo-fontello' title='' data-avia-related-tooltip='Compartir en LinkedIn' rel=\"noopener\"><span class='avia_hidden_link_text'>Compartir en LinkedIn<\/span><\/a><\/li><li class='av-share-link av-social-link-mail' ><a  aria-label=\"Compartir por correo\" href='mailto:?subject=Delegado%20Regional%20destac%C3%B3%20avances%20en%20conectividad%20en%20la%20Regi%C3%B3n%20de%20Ays%C3%A9n&#038;body=https:\/\/radiorevelacionfm.cl\/?p=54943' aria-hidden='false' data-av_icon='\ue805' data-av_iconfont='entypo-fontello' title='' data-avia-related-tooltip='Compartir por correo'><span class='avia_hidden_link_text'>Compartir por correo<\/span><\/a><\/li><\/ul><\/div><\/div>\n<div  style='height:50px' class='hr hr-invisible   avia-builder-el-8  el_after_av_social_share  el_before_av_comments_list '><span class='hr-inner ' ><span class='hr-inner-style'><\/span><\/span><\/div>\n<div  class='av-buildercomment  av-blog-meta-html-info-disabled av-blog-meta-tag-disabled  '><\/div>\n","protected":false},"excerpt":{"rendered":"","protected":false},"author":1,"featured_media":54944,"comment_status":"closed","ping_status":"closed","sticky":false,"template":"","format":"standard","meta":{"footnotes":""},"categories":[38],"tags":[],"class_list":["post-54943","post","type-post","status-publish","format-standard","has-post-thumbnail","hentry","category-regional"],"jetpack_featured_media_url":"https:\/\/radiorevelacionfm.cl\/wp-content\/uploads\/2025\/06\/pavimentacion-lago-atravesado-3-1_optimized.jpg","_links":{"self":[{"href":"https:\/\/radiorevelacionfm.cl\/index.php?rest_route=\/wp\/v2\/posts\/54943","targetHints":{"allow":["GET"]}}],"collection":[{"href":"https:\/\/radiorevelacionfm.cl\/index.php?rest_route=\/wp\/v2\/posts"}],"about":[{"href":"https:\/\/radiorevelacionfm.cl\/index.php?rest_route=\/wp\/v2\/types\/post"}],"author":[{"embeddable":true,"href":"https:\/\/radiorevelacionfm.cl\/index.php?rest_route=\/wp\/v2\/users\/1"}],"replies":[{"embeddable":true,"href":"https:\/\/radiorevelacionfm.cl\/index.php?rest_route=%2Fwp%2Fv2%2Fcomments&post=54943"}],"version-history":[{"count":2,"href":"https:\/\/radiorevelacionfm.cl\/index.php?rest_route=\/wp\/v2\/posts\/54943\/revisions"}],"predecessor-version":[{"id":54964,"href":"https:\/\/radiorevelacionfm.cl\/index.php?rest_route=\/wp\/v2\/posts\/54943\/revisions\/54964"}],"wp:featuredmedia":[{"embeddable":true,"href":"https:\/\/radiorevelacionfm.cl\/index.php?rest_route=\/wp\/v2\/media\/54944"}],"wp:attachment":[{"href":"https:\/\/radiorevelacionfm.cl\/index.php?rest_route=%2Fwp%2Fv2%2Fmedia&parent=54943"}],"wp:term":[{"taxonomy":"category","embeddable":true,"href":"https:\/\/radiorevelacionfm.cl\/index.php?rest_route=%2Fwp%2Fv2%2Fcategories&post=54943"},{"taxonomy":"post_tag","embeddable":true,"href":"https:\/\/radiorevelacionfm.cl\/index.php?rest_route=%2Fwp%2Fv2%2Ftags&post=54943"}],"curies":[{"name":"wp","href":"https:\/\/api.w.org\/{rel}","templated":true}]}}