{"id":54937,"date":"2025-06-06T16:50:04","date_gmt":"2025-06-06T19:50:04","guid":{"rendered":"https:\/\/radiorevelacionfm.cl\/?p=54937"},"modified":"2025-06-06T16:50:04","modified_gmt":"2025-06-06T19:50:04","slug":"exitosa-segunda-asamblea-general-de-la-corporacion-torres-del-avellano-fortalecimiento-organizacional-y-nuevos-desafios-para-el-territorio","status":"publish","type":"post","link":"https:\/\/radiorevelacionfm.cl\/?p=54937","title":{"rendered":"Exitosa segunda Asamblea General de la Corporaci\u00f3n Torres del Avellano: fortalecimiento organizacional y nuevos desaf\u00edos para el territorio."},"content":{"rendered":"<div class=\"flex_column av_one_full  flex_column_div av-zero-column-padding first  avia-builder-el-0  el_before_av_one_full  avia-builder-el-first  \" style='border-radius:0px; '><div  class='avia-image-container  av-styling-    avia-builder-el-1  avia-builder-el-no-sibling  avia-align-center '  itemprop=\"image\" itemscope=\"itemscope\" itemtype=\"https:\/\/schema.org\/ImageObject\"  ><div class='avia-image-container-inner'><div class='avia-image-overlay-wrap'><img decoding=\"async\" class='wp-image-54938 avia-img-lazy-loading-not-54938 avia_image' src=\"https:\/\/radiorevelacionfm.cl\/wp-content\/uploads\/2025\/06\/07-11-1_optimized.jpg\" alt='' title='07-(11)-(1)_optimized' height=\"600\" width=\"1066\"  itemprop=\"thumbnailUrl\" srcset=\"https:\/\/radiorevelacionfm.cl\/wp-content\/uploads\/2025\/06\/07-11-1_optimized.jpg 1066w, https:\/\/radiorevelacionfm.cl\/wp-content\/uploads\/2025\/06\/07-11-1_optimized-300x169.jpg 300w, https:\/\/radiorevelacionfm.cl\/wp-content\/uploads\/2025\/06\/07-11-1_optimized-1030x580.jpg 1030w, https:\/\/radiorevelacionfm.cl\/wp-content\/uploads\/2025\/06\/07-11-1_optimized-768x432.jpg 768w, https:\/\/radiorevelacionfm.cl\/wp-content\/uploads\/2025\/06\/07-11-1_optimized-705x397.jpg 705w, https:\/\/radiorevelacionfm.cl\/wp-content\/uploads\/2025\/06\/07-11-1_optimized-450x253.jpg 450w, https:\/\/radiorevelacionfm.cl\/wp-content\/uploads\/2025\/06\/07-11-1_optimized-600x338.jpg 600w\" sizes=\"(max-width: 1066px) 100vw, 1066px\" \/><\/div><\/div><\/div><\/div><div class=\"flex_column av_one_full  flex_column_div av-zero-column-padding first  avia-builder-el-2  el_after_av_one_full  el_before_av_one_full  column-top-margin\" style='border-radius:0px; '><section class=\"av_textblock_section \"  itemscope=\"itemscope\" itemtype=\"https:\/\/schema.org\/BlogPosting\" itemprop=\"blogPost\" ><div class='avia_textblock  '   itemprop=\"text\" ><p style=\"text-align: center;\"><span style=\"font-size: 18pt;\"><strong>Exitosa segunda Asamblea General de la Corporaci\u00f3n Torres del Avellano: fortalecimiento organizacional y nuevos desaf\u00edos para el territorio.<\/strong><\/span><\/p>\n<div id=\"gtx-trans\" style=\"position: absolute; left: -50px; top: 4.31534px;\">\n<div class=\"gtx-trans-icon\"><\/div>\n<\/div>\n<\/div><\/section><\/div><div class=\"flex_column av_one_full  flex_column_div av-zero-column-padding first  avia-builder-el-4  el_after_av_one_full  el_before_av_hr  column-top-margin\" style='border-radius:0px; '><section class=\"av_textblock_section \"  itemscope=\"itemscope\" itemtype=\"https:\/\/schema.org\/BlogPosting\" itemprop=\"blogPost\" ><div class='avia_textblock  '   itemprop=\"text\" ><p style=\"text-align: justify;\">Con una activa participaci\u00f3n de sus miembros, la Corporaci\u00f3n Torres del Avellano realiz\u00f3 su Segunda Asamblea General, instancia en la que se presentaron los principales avances y gestiones desarrolladas durante el \u00faltimo per\u00edodo. La reuni\u00f3n permiti\u00f3 proyectar los desaf\u00edos futuros de la organizaci\u00f3n y renovar el compromiso con el trabajo colaborativo por la conservaci\u00f3n y el desarrollo del territorio.<\/p>\n<p style=\"text-align: justify;\">Durante la jornada, se present\u00f3 el balance de las acciones realizadas a la fecha, se discuti\u00f3 la propuesta de incorporaci\u00f3n de nuevos socios, y se analizaron estrategias para continuar avanzando en la declaratoria del \u00c1rea de Conservaci\u00f3n de M\u00faltiples Usos (ACMU), proceso clave para resguardar el patrimonio natural y cultural de la zona.<\/p>\n<p style=\"text-align: justify;\">Al respecto, el secretario de la corporaci\u00f3n V\u00edctor Colis, se\u00f1alo: \u201cFue enriquecedor juntarnos con nuestros asociados y ver los lineamientos de trabajo. Hemos tenido acercamiento con autoridades regionales y nacionales para que nos apoyen en esta iniciativa. Tenemos harto apoyo tanto de las autoridades comunales como del equipo t\u00e9cnico de la Universidad Austral.<\/p>\n<p style=\"text-align: justify;\">Uno de los principales acuerdos alcanzados fue la priorizaci\u00f3n del fortalecimiento interno de la corporaci\u00f3n, a trav\u00e9s de capacitaciones dirigidas a sus socios y socias. En este sentido, las dos l\u00edneas estrat\u00e9gicas a reforzar son:<\/p>\n<p style=\"text-align: justify;\">Turismo local con enfoque sostenible: Se busca entregar herramientas concretas a los operadores tur\u00edsticos asociados a la corporaci\u00f3n, mejorando la calidad de la oferta, incorporando buenas pr\u00e1cticas de guiado, atenci\u00f3n al visitante y promoci\u00f3n de experiencias con identidad local.<\/p>\n<p style=\"text-align: justify;\">Sanidad animal y manejo productivo: En respuesta a las necesidades del sector campesino del territorio, se propusieron jornadas de capacitaci\u00f3n orientadas a mejorar la sanidad de los reba\u00f1os, el bienestar animal en general, fortaleciendo as\u00ed la soberan\u00eda productiva de las familias rurales.<\/p>\n<p style=\"text-align: justify;\">Estas acciones apuntan no solo a mejorar las competencias individuales, sino tambi\u00e9n a consolidar una red de colaboraci\u00f3n entre socios, fortaleciendo el rol de la corporaci\u00f3n como articuladora de iniciativas sustentables en el territorio de las Torres del Avellano.<\/p>\n<p style=\"text-align: justify;\">El alcalde de la comuna Marcelo J\u00e9lvez, particip\u00f3 de la reuni\u00f3n en su calidad de director, recalcando la importancia de seguir fortaleciendo la gobernanza local y trabajar para que la iniciativa de crear el \u00c1rea de Conservaci\u00f3n de M\u00faltiples Usos Torres del Avellano pueda ser concretada, en este contexto se\u00f1al\u00f3: \u201cSeguiremos gestionando y comprometiendo esfuerzos de los actores relevantes para lograr este importante avance en materia medioambiental, cultural, tur\u00edstica y econ\u00f3mica para nuestra comunidad\u201d.<\/p>\n<p style=\"text-align: justify;\">La asamblea finaliz\u00f3 con un fuerte llamado a continuar trabajando de forma conjunta, sumando nuevas voluntades al proyecto, y posicionando a la corporaci\u00f3n como un actor clave en la gobernanza territorial del sector.<\/p>\n<\/div><\/section><\/div><div  style='height:50px' class='hr hr-invisible   avia-builder-el-6  el_after_av_one_full  el_before_av_social_share '><span class='hr-inner ' ><span class='hr-inner-style'><\/span><\/span><\/div><\/p>\n<div  class='av-social-sharing-box  avia-builder-el-7  el_after_av_hr  el_before_av_hr  '><div class='av-share-box'><h5 class='av-share-link-description av-no-toc '>Compartir esta noticia<\/h5><ul class='av-share-box-list noLightbox'><li class='av-share-link av-social-link-facebook' ><a target=\"_blank\" aria-label=\"Compartir en Facebook\" href='https:\/\/www.facebook.com\/sharer.php?u=https:\/\/radiorevelacionfm.cl\/?p=54937&#038;t=Exitosa%20segunda%20Asamblea%20General%20de%20la%20Corporaci%C3%B3n%20Torres%20del%20Avellano%3A%20fortalecimiento%20organizacional%20y%20nuevos%20desaf%C3%ADos%20para%20el%20territorio.' aria-hidden='false' data-av_icon='\ue8f3' data-av_iconfont='entypo-fontello' title='' data-avia-related-tooltip='Compartir en Facebook' rel=\"noopener\"><span class='avia_hidden_link_text'>Compartir en Facebook<\/span><\/a><\/li><li class='av-share-link av-social-link-twitter' ><a target=\"_blank\" aria-label=\"Compartir en Twitter\" href='https:\/\/twitter.com\/share?text=Exitosa%20segunda%20Asamblea%20General%20de%20la%20Corporaci%C3%B3n%20Torres%20del%20Avellano%3A%20fortalecimiento%20organizacional%20y%20nuevos%20desaf%C3%ADos%20para%20el%20territorio.&#038;url=https:\/\/radiorevelacionfm.cl\/?p=54937' aria-hidden='false' data-av_icon='\ue8f1' data-av_iconfont='entypo-fontello' title='' data-avia-related-tooltip='Compartir en Twitter' rel=\"noopener\"><span class='avia_hidden_link_text'>Compartir en Twitter<\/span><\/a><\/li><li class='av-share-link av-social-link-whatsapp' ><a target=\"_blank\" aria-label=\"Compartir en Whatsapp\" href='https:\/\/api.whatsapp.com\/send?text=https:\/\/radiorevelacionfm.cl\/?p=54937' aria-hidden='false' data-av_icon='\uf232' data-av_iconfont='entypo-fontello' title='' data-avia-related-tooltip='Compartir en Whatsapp' rel=\"noopener\"><span class='avia_hidden_link_text'>Compartir en Whatsapp<\/span><\/a><\/li><li class='av-share-link av-social-link-linkedin' ><a target=\"_blank\" aria-label=\"Compartir en LinkedIn\" href='https:\/\/linkedin.com\/shareArticle?mini=true&#038;title=Exitosa%20segunda%20Asamblea%20General%20de%20la%20Corporaci%C3%B3n%20Torres%20del%20Avellano%3A%20fortalecimiento%20organizacional%20y%20nuevos%20desaf%C3%ADos%20para%20el%20territorio.&#038;url=https:\/\/radiorevelacionfm.cl\/?p=54937' aria-hidden='false' data-av_icon='\ue8fc' data-av_iconfont='entypo-fontello' title='' data-avia-related-tooltip='Compartir en LinkedIn' rel=\"noopener\"><span class='avia_hidden_link_text'>Compartir en LinkedIn<\/span><\/a><\/li><li class='av-share-link av-social-link-mail' ><a  aria-label=\"Compartir por correo\" href='mailto:?subject=Exitosa%20segunda%20Asamblea%20General%20de%20la%20Corporaci%C3%B3n%20Torres%20del%20Avellano%3A%20fortalecimiento%20organizacional%20y%20nuevos%20desaf%C3%ADos%20para%20el%20territorio.&#038;body=https:\/\/radiorevelacionfm.cl\/?p=54937' aria-hidden='false' data-av_icon='\ue805' data-av_iconfont='entypo-fontello' title='' data-avia-related-tooltip='Compartir por correo'><span class='avia_hidden_link_text'>Compartir por correo<\/span><\/a><\/li><\/ul><\/div><\/div>\n<div  style='height:50px' class='hr hr-invisible   avia-builder-el-8  el_after_av_social_share  el_before_av_comments_list '><span class='hr-inner ' ><span class='hr-inner-style'><\/span><\/span><\/div>\n<div  class='av-buildercomment  av-blog-meta-html-info-disabled av-blog-meta-tag-disabled  '><\/div>\n","protected":false},"excerpt":{"rendered":"","protected":false},"author":1,"featured_media":54938,"comment_status":"closed","ping_status":"closed","sticky":false,"template":"","format":"standard","meta":{"footnotes":""},"categories":[38],"tags":[],"class_list":["post-54937","post","type-post","status-publish","format-standard","has-post-thumbnail","hentry","category-regional"],"jetpack_featured_media_url":"https:\/\/radiorevelacionfm.cl\/wp-content\/uploads\/2025\/06\/07-11-1_optimized.jpg","_links":{"self":[{"href":"https:\/\/radiorevelacionfm.cl\/index.php?rest_route=\/wp\/v2\/posts\/54937","targetHints":{"allow":["GET"]}}],"collection":[{"href":"https:\/\/radiorevelacionfm.cl\/index.php?rest_route=\/wp\/v2\/posts"}],"about":[{"href":"https:\/\/radiorevelacionfm.cl\/index.php?rest_route=\/wp\/v2\/types\/post"}],"author":[{"embeddable":true,"href":"https:\/\/radiorevelacionfm.cl\/index.php?rest_route=\/wp\/v2\/users\/1"}],"replies":[{"embeddable":true,"href":"https:\/\/radiorevelacionfm.cl\/index.php?rest_route=%2Fwp%2Fv2%2Fcomments&post=54937"}],"version-history":[{"count":2,"href":"https:\/\/radiorevelacionfm.cl\/index.php?rest_route=\/wp\/v2\/posts\/54937\/revisions"}],"predecessor-version":[{"id":54942,"href":"https:\/\/radiorevelacionfm.cl\/index.php?rest_route=\/wp\/v2\/posts\/54937\/revisions\/54942"}],"wp:featuredmedia":[{"embeddable":true,"href":"https:\/\/radiorevelacionfm.cl\/index.php?rest_route=\/wp\/v2\/media\/54938"}],"wp:attachment":[{"href":"https:\/\/radiorevelacionfm.cl\/index.php?rest_route=%2Fwp%2Fv2%2Fmedia&parent=54937"}],"wp:term":[{"taxonomy":"category","embeddable":true,"href":"https:\/\/radiorevelacionfm.cl\/index.php?rest_route=%2Fwp%2Fv2%2Fcategories&post=54937"},{"taxonomy":"post_tag","embeddable":true,"href":"https:\/\/radiorevelacionfm.cl\/index.php?rest_route=%2Fwp%2Fv2%2Ftags&post=54937"}],"curies":[{"name":"wp","href":"https:\/\/api.w.org\/{rel}","templated":true}]}}