{"id":54933,"date":"2025-06-06T17:40:11","date_gmt":"2025-06-06T20:40:11","guid":{"rendered":"https:\/\/radiorevelacionfm.cl\/?p=54933"},"modified":"2025-06-06T17:40:11","modified_gmt":"2025-06-06T20:40:11","slug":"dia-del-medio-ambiente-docentes-y-educadores-se-suman-a-taller-sobre-crisis-climatica-e-incendios-forestales","status":"publish","type":"post","link":"https:\/\/radiorevelacionfm.cl\/?p=54933","title":{"rendered":"D\u00eda del Medio Ambiente: Docentes y educadores se suman a taller sobre crisis clim\u00e1tica e incendios forestales"},"content":{"rendered":"<div class=\"flex_column av_one_full  flex_column_div av-zero-column-padding first  avia-builder-el-0  el_before_av_one_full  avia-builder-el-first  \" style='border-radius:0px; '><div  class='avia-image-container  av-styling-    avia-builder-el-1  avia-builder-el-no-sibling  avia-align-center '  itemprop=\"image\" itemscope=\"itemscope\" itemtype=\"https:\/\/schema.org\/ImageObject\"  ><div class='avia-image-container-inner'><div class='avia-image-overlay-wrap'><img decoding=\"async\" class='wp-image-54934 avia-img-lazy-loading-not-54934 avia_image' src=\"https:\/\/radiorevelacionfm.cl\/wp-content\/uploads\/2025\/06\/1-2025-06-06T155217.371-1-1.jpg\" alt='' title='1 - 2025-06-06T155217.371 (1) (1)' height=\"600\" width=\"1067\"  itemprop=\"thumbnailUrl\" srcset=\"https:\/\/radiorevelacionfm.cl\/wp-content\/uploads\/2025\/06\/1-2025-06-06T155217.371-1-1.jpg 1067w, https:\/\/radiorevelacionfm.cl\/wp-content\/uploads\/2025\/06\/1-2025-06-06T155217.371-1-1-300x169.jpg 300w, https:\/\/radiorevelacionfm.cl\/wp-content\/uploads\/2025\/06\/1-2025-06-06T155217.371-1-1-1030x579.jpg 1030w, https:\/\/radiorevelacionfm.cl\/wp-content\/uploads\/2025\/06\/1-2025-06-06T155217.371-1-1-768x432.jpg 768w, https:\/\/radiorevelacionfm.cl\/wp-content\/uploads\/2025\/06\/1-2025-06-06T155217.371-1-1-705x396.jpg 705w, https:\/\/radiorevelacionfm.cl\/wp-content\/uploads\/2025\/06\/1-2025-06-06T155217.371-1-1-450x253.jpg 450w, https:\/\/radiorevelacionfm.cl\/wp-content\/uploads\/2025\/06\/1-2025-06-06T155217.371-1-1-600x337.jpg 600w\" sizes=\"(max-width: 1067px) 100vw, 1067px\" \/><\/div><\/div><\/div><\/div><div class=\"flex_column av_one_full  flex_column_div av-zero-column-padding first  avia-builder-el-2  el_after_av_one_full  el_before_av_one_full  column-top-margin\" style='border-radius:0px; '><section class=\"av_textblock_section \"  itemscope=\"itemscope\" itemtype=\"https:\/\/schema.org\/BlogPosting\" itemprop=\"blogPost\" ><div class='avia_textblock  '   itemprop=\"text\" ><p style=\"text-align: center;\"><span style=\"font-size: 18pt;\"><strong>D\u00eda del Medio Ambiente:\u00a0<\/strong><strong>Docentes y educadores se suman a taller sobre crisis clim\u00e1tica e incendios forestales<\/strong><\/span><\/p>\n<div id=\"gtx-trans\" style=\"position: absolute; left: -50px; top: 4.31534px;\">\n<div class=\"gtx-trans-icon\"><\/div>\n<\/div>\n<\/div><\/section><\/div><div class=\"flex_column av_one_full  flex_column_div av-zero-column-padding first  avia-builder-el-4  el_after_av_one_full  el_before_av_hr  column-top-margin\" style='border-radius:0px; '><section class=\"av_textblock_section \"  itemscope=\"itemscope\" itemtype=\"https:\/\/schema.org\/BlogPosting\" itemprop=\"blogPost\" ><div class='avia_textblock  '   itemprop=\"text\" ><p style=\"text-align: justify;\">En el marco del d\u00eda Mundial del Medio Ambiente, docentes, educadores y educadoras de la regi\u00f3n de Ays\u00e9n se reunieron en una jornada de capacitaci\u00f3n sobre cambio clim\u00e1tico e incendios forestales. El taller organizado por las Seremis del Medio Ambiente y de Agricultura, junto a la Direcci\u00f3n Regional de CONAF, se denomin\u00f3 \u201c<strong>Clima y Territorio: El Rol Educativo ante la Crisis Clim\u00e1tica y los Incendios Forestales\u201d<\/strong>, enfocada a fortalecer los conocimientos y herramientas de docentes y educadoras de la red de centros educativos del Sistema Nacional de Certificaci\u00f3n de Establecimientos Educacionales del Ministerio del Medio Ambiente, SNCAE.<\/p>\n<p style=\"text-align: justify;\"><strong>\u201cEn este d\u00eda del medio ambiente quisimos celebrar junto a nuestros aliados clave, como son los centros educativos de nuestra red SNCAE, \u00a0que cada d\u00eda suma y acciona en su compromiso ambiental desde las escuelas, jardines y liceos; y as\u00ed tambi\u00e9n queremos acompa\u00f1ar y apoyar, para que su gesti\u00f3n tanto en el aula como en las comunidades sea cada vez m\u00e1s fruct\u00edfera\u201d<\/strong>, declar\u00f3 el Seremi del Medio Ambiente, Yoal D\u00edaz, destacando el importante rol que cumplen educadores y educadoras en la adopci\u00f3n temprana de buenas pr\u00e1cticas para enfrentar la crisis clim\u00e1tica.<\/p>\n<p style=\"text-align: justify;\">Por su parte, el Director Regional de CONAF, Ronald Valenzuela Campos,\u00a0 coment\u00f3 que la actividad \u00a0se da en el contexto de la educaci\u00f3n ambiental \u201c<strong>el cambio clim\u00e1tico ha tra\u00eddo consigo aparejado el aumento de la probabilidad de ocurrencia de incendios forestales , con este enfoque tenemos un trabajo que se realiza durante todo el a\u00f1o, tanto en el combate precisamente, pero tambi\u00e9n sobre las acciones de prevenci\u00f3n\u201d<\/strong>, puntualiz\u00f3 la autoridad recordando que el 99,7% de los incendios forestales que estad\u00edsticamente tienen lugar en el pa\u00eds, tienen su origen en causas humanas <strong>\u201cSi nosotros somos capaces de crear esos h\u00e1bitos y aprovechar la inquietud y curiosidad que tienen los ni\u00f1os a trav\u00e9s de sus educadores, vamos a tener un escenario mucho m\u00e1s favorable, con menor exposici\u00f3n y menor riesgo de incendio forestales\u201d<\/strong>, agreg\u00f3.<\/p>\n<p style=\"text-align: justify;\">El taller tom\u00f3 como base la Gu\u00eda Metodol\u00f3gica de Educaci\u00f3n Ambiental para el Cambio Clim\u00e1tico del Ministerio del Medio Ambiente, buscando que las comunidades escolares pudieran reconocer los impactos locales del cambio clim\u00e1tico y construir colectivamente estrategias de adaptaci\u00f3n y resiliencia desde el aula. Este 2025 marca la tercera versi\u00f3n consecutiva de esta capacitaci\u00f3n, la cual a\u00f1o a a\u00f1o ha ido mejorando su enfoque metodol\u00f3gico y los contenidos que se entregan a los docentes y educadoras, respondiendo a nuevas necesidades del contexto local.<\/p>\n<p style=\"text-align: justify;\">Al encuentro asistieron profesionales de diversos puntos de la regi\u00f3n, con el objetivo de fortalecer sus capacidades pedag\u00f3gicas frente a los desaf\u00edos del cambio clim\u00e1tico, p\u00e9rdida de biodiversidad y contaminaci\u00f3n, <strong>\u201cadem\u00e1s de aspectos t\u00e9cnicos y de educaci\u00f3n, en realidad el mayor aprendizaje en esto es el funcionamiento como red, darme cuenta que somos muchos los colegas que estamos trabajando desde la l\u00f3gica medioambiental, del cuidado del medio ambiente, de los aprendizajes y de llevar esa sapiencia a los establecimientos en un trabajo consciente en el aspecto medioambiental y del conocimiento para nuestros hijos, para nuestros nietos y as\u00ed sucesivamente<\/strong>\u201d, valor\u00f3 el docente encargado de la Escuela\u00a0 Pablo Cea V\u00e1squez de Lago Atravesado,\u00a0 Gonzalo Mix,<\/p>\n<p style=\"text-align: justify;\">El taller desarrollado por equipos t\u00e9cnicos de la Seremi del Medio Ambiente y CONAF, con el apoyo del Comit\u00e9 Regional de Certificaci\u00f3n Ambiental contempl\u00f3 presentaciones, actividades pr\u00e1cticas y planificaci\u00f3n colectiva de medidas concretas de adaptaci\u00f3n y prevenci\u00f3n, adem\u00e1s de espacios de intercambio entre pares <strong>\u201cel tema de cambio clim\u00e1tico nos afecta a todos y tambi\u00e9n saber c\u00f3mo transformar y aplicarlo en el aula, con nuestras familias, con nuestro establecimiento educativo. Ver nuestras necesidades y desde ah\u00ed partir porque tambi\u00e9n el tema es complejo y es desconocido para muchos, as\u00ed que hay que empezar a internalizarlo y hacer conciencia en cada una de nuestras comunidades<\/strong> <strong>educativas<\/strong>\u201d, concluy\u00f3 la coordinadora ambiental del Jard\u00edn Infantil Futuro Austral, Yannia P\u00e9rez<\/p>\n<\/div><\/section><\/div><div  style='height:50px' class='hr hr-invisible   avia-builder-el-6  el_after_av_one_full  el_before_av_social_share '><span class='hr-inner ' ><span class='hr-inner-style'><\/span><\/span><\/div><\/p>\n<div  class='av-social-sharing-box  avia-builder-el-7  el_after_av_hr  el_before_av_hr  '><div class='av-share-box'><h5 class='av-share-link-description av-no-toc '>Compartir esta noticia<\/h5><ul class='av-share-box-list noLightbox'><li class='av-share-link av-social-link-facebook' ><a target=\"_blank\" aria-label=\"Compartir en Facebook\" href='https:\/\/www.facebook.com\/sharer.php?u=https:\/\/radiorevelacionfm.cl\/?p=54933&#038;t=D%C3%ADa%20del%20Medio%20Ambiente%3A%20Docentes%20y%20educadores%20se%20suman%20a%20taller%20sobre%20crisis%20clim%C3%A1tica%20e%20incendios%20forestales' aria-hidden='false' data-av_icon='\ue8f3' data-av_iconfont='entypo-fontello' title='' data-avia-related-tooltip='Compartir en Facebook' rel=\"noopener\"><span class='avia_hidden_link_text'>Compartir en Facebook<\/span><\/a><\/li><li class='av-share-link av-social-link-twitter' ><a target=\"_blank\" aria-label=\"Compartir en Twitter\" href='https:\/\/twitter.com\/share?text=D%C3%ADa%20del%20Medio%20Ambiente%3A%20Docentes%20y%20educadores%20se%20suman%20a%20taller%20sobre%20crisis%20clim%C3%A1tica%20e%20incendios%20forestales&#038;url=https:\/\/radiorevelacionfm.cl\/?p=54933' aria-hidden='false' data-av_icon='\ue8f1' data-av_iconfont='entypo-fontello' title='' data-avia-related-tooltip='Compartir en Twitter' rel=\"noopener\"><span class='avia_hidden_link_text'>Compartir en Twitter<\/span><\/a><\/li><li class='av-share-link av-social-link-whatsapp' ><a target=\"_blank\" aria-label=\"Compartir en Whatsapp\" href='https:\/\/api.whatsapp.com\/send?text=https:\/\/radiorevelacionfm.cl\/?p=54933' aria-hidden='false' data-av_icon='\uf232' data-av_iconfont='entypo-fontello' title='' data-avia-related-tooltip='Compartir en Whatsapp' rel=\"noopener\"><span class='avia_hidden_link_text'>Compartir en Whatsapp<\/span><\/a><\/li><li class='av-share-link av-social-link-linkedin' ><a target=\"_blank\" aria-label=\"Compartir en LinkedIn\" href='https:\/\/linkedin.com\/shareArticle?mini=true&#038;title=D%C3%ADa%20del%20Medio%20Ambiente%3A%20Docentes%20y%20educadores%20se%20suman%20a%20taller%20sobre%20crisis%20clim%C3%A1tica%20e%20incendios%20forestales&#038;url=https:\/\/radiorevelacionfm.cl\/?p=54933' aria-hidden='false' data-av_icon='\ue8fc' data-av_iconfont='entypo-fontello' title='' data-avia-related-tooltip='Compartir en LinkedIn' rel=\"noopener\"><span class='avia_hidden_link_text'>Compartir en LinkedIn<\/span><\/a><\/li><li class='av-share-link av-social-link-mail' ><a  aria-label=\"Compartir por correo\" href='mailto:?subject=D%C3%ADa%20del%20Medio%20Ambiente%3A%20Docentes%20y%20educadores%20se%20suman%20a%20taller%20sobre%20crisis%20clim%C3%A1tica%20e%20incendios%20forestales&#038;body=https:\/\/radiorevelacionfm.cl\/?p=54933' aria-hidden='false' data-av_icon='\ue805' data-av_iconfont='entypo-fontello' title='' data-avia-related-tooltip='Compartir por correo'><span class='avia_hidden_link_text'>Compartir por correo<\/span><\/a><\/li><\/ul><\/div><\/div>\n<div  style='height:50px' class='hr hr-invisible   avia-builder-el-8  el_after_av_social_share  el_before_av_comments_list '><span class='hr-inner ' ><span class='hr-inner-style'><\/span><\/span><\/div>\n<div  class='av-buildercomment  av-blog-meta-html-info-disabled av-blog-meta-tag-disabled  '><\/div>\n","protected":false},"excerpt":{"rendered":"","protected":false},"author":1,"featured_media":54934,"comment_status":"closed","ping_status":"closed","sticky":false,"template":"","format":"standard","meta":{"footnotes":""},"categories":[49,39],"tags":[],"class_list":["post-54933","post","type-post","status-publish","format-standard","has-post-thumbnail","hentry","category-educacion","category-medio-ambiente"],"jetpack_featured_media_url":"https:\/\/radiorevelacionfm.cl\/wp-content\/uploads\/2025\/06\/1-2025-06-06T155217.371-1-1.jpg","_links":{"self":[{"href":"https:\/\/radiorevelacionfm.cl\/index.php?rest_route=\/wp\/v2\/posts\/54933","targetHints":{"allow":["GET"]}}],"collection":[{"href":"https:\/\/radiorevelacionfm.cl\/index.php?rest_route=\/wp\/v2\/posts"}],"about":[{"href":"https:\/\/radiorevelacionfm.cl\/index.php?rest_route=\/wp\/v2\/types\/post"}],"author":[{"embeddable":true,"href":"https:\/\/radiorevelacionfm.cl\/index.php?rest_route=\/wp\/v2\/users\/1"}],"replies":[{"embeddable":true,"href":"https:\/\/radiorevelacionfm.cl\/index.php?rest_route=%2Fwp%2Fv2%2Fcomments&post=54933"}],"version-history":[{"count":2,"href":"https:\/\/radiorevelacionfm.cl\/index.php?rest_route=\/wp\/v2\/posts\/54933\/revisions"}],"predecessor-version":[{"id":54953,"href":"https:\/\/radiorevelacionfm.cl\/index.php?rest_route=\/wp\/v2\/posts\/54933\/revisions\/54953"}],"wp:featuredmedia":[{"embeddable":true,"href":"https:\/\/radiorevelacionfm.cl\/index.php?rest_route=\/wp\/v2\/media\/54934"}],"wp:attachment":[{"href":"https:\/\/radiorevelacionfm.cl\/index.php?rest_route=%2Fwp%2Fv2%2Fmedia&parent=54933"}],"wp:term":[{"taxonomy":"category","embeddable":true,"href":"https:\/\/radiorevelacionfm.cl\/index.php?rest_route=%2Fwp%2Fv2%2Fcategories&post=54933"},{"taxonomy":"post_tag","embeddable":true,"href":"https:\/\/radiorevelacionfm.cl\/index.php?rest_route=%2Fwp%2Fv2%2Ftags&post=54933"}],"curies":[{"name":"wp","href":"https:\/\/api.w.org\/{rel}","templated":true}]}}