{"id":54924,"date":"2025-06-06T16:16:37","date_gmt":"2025-06-06T19:16:37","guid":{"rendered":"https:\/\/radiorevelacionfm.cl\/?p=54924"},"modified":"2025-06-06T16:47:11","modified_gmt":"2025-06-06T19:47:11","slug":"juventud-rural-de-aysen-se-capacita-para-emprender-con-taller-m-primer-negocio-rural-de-indap","status":"publish","type":"post","link":"https:\/\/radiorevelacionfm.cl\/?p=54924","title":{"rendered":"Juventud rural de Ays\u00e9n se capacita para emprender con taller \u201cMi Primer Negocio Rural\u201d de INDAP"},"content":{"rendered":"<div class=\"flex_column av_one_full  flex_column_div av-zero-column-padding first  avia-builder-el-0  el_before_av_one_full  avia-builder-el-first  \" style='border-radius:0px; '><div  class='avia-image-container  av-styling-    avia-builder-el-1  avia-builder-el-no-sibling  avia-align-center '  itemprop=\"image\" itemscope=\"itemscope\" itemtype=\"https:\/\/schema.org\/ImageObject\"  ><div class='avia-image-container-inner'><div class='avia-image-overlay-wrap'><img decoding=\"async\" class='wp-image-54925 avia-img-lazy-loading-not-54925 avia_image' src=\"https:\/\/radiorevelacionfm.cl\/wp-content\/uploads\/2025\/06\/FOTO-GRUPAL-MPNR-1.jpg\" alt='' title='FOTO GRUPAL MPNR (1)' height=\"600\" width=\"871\"  itemprop=\"thumbnailUrl\" srcset=\"https:\/\/radiorevelacionfm.cl\/wp-content\/uploads\/2025\/06\/FOTO-GRUPAL-MPNR-1.jpg 871w, https:\/\/radiorevelacionfm.cl\/wp-content\/uploads\/2025\/06\/FOTO-GRUPAL-MPNR-1-300x207.jpg 300w, https:\/\/radiorevelacionfm.cl\/wp-content\/uploads\/2025\/06\/FOTO-GRUPAL-MPNR-1-768x529.jpg 768w, https:\/\/radiorevelacionfm.cl\/wp-content\/uploads\/2025\/06\/FOTO-GRUPAL-MPNR-1-705x486.jpg 705w, https:\/\/radiorevelacionfm.cl\/wp-content\/uploads\/2025\/06\/FOTO-GRUPAL-MPNR-1-450x310.jpg 450w, https:\/\/radiorevelacionfm.cl\/wp-content\/uploads\/2025\/06\/FOTO-GRUPAL-MPNR-1-600x413.jpg 600w\" sizes=\"(max-width: 871px) 100vw, 871px\" \/><\/div><\/div><\/div><\/div>\n<div class=\"flex_column av_one_full  flex_column_div av-zero-column-padding first  avia-builder-el-2  el_after_av_one_full  el_before_av_one_full  column-top-margin\" style='border-radius:0px; '><section class=\"av_textblock_section \"  itemscope=\"itemscope\" itemtype=\"https:\/\/schema.org\/BlogPosting\" itemprop=\"blogPost\" ><div class='avia_textblock  '   itemprop=\"text\" ><p style=\"text-align: center;\"><span style=\"font-size: 18pt;\">Juventud rural de Ays\u00e9n se capacita para emprender con taller \u201cMi Primer Negocio Rural\u201d de INDAP<\/span><\/p>\n<div id=\"gtx-trans\" style=\"position: absolute; left: -50px; top: 4.31534px;\">\n<div class=\"gtx-trans-icon\"><\/div>\n<\/div>\n<\/div><\/section><\/div><div class=\"flex_column av_one_full  flex_column_div av-zero-column-padding first  avia-builder-el-4  el_after_av_one_full  el_before_av_hr  column-top-margin\" style='border-radius:0px; '><section class=\"av_textblock_section \"  itemscope=\"itemscope\" itemtype=\"https:\/\/schema.org\/BlogPosting\" itemprop=\"blogPost\" ><div class='avia_textblock  '   itemprop=\"text\" ><div style=\"text-align: justify;\">Con la participaci\u00f3n de 40 j\u00f3venes provenientes de distintas comunas de la regi\u00f3n, INDAP Ays\u00e9n del Ministerio de Agricultura llev\u00f3 a cabo el\u00a0<strong>Taller de Capacitaci\u00f3n y Escritura de Proyecto de Negocios \u2013 Mi Primer Negocio Rural<\/strong>, una instancia formativa e intensiva que pone en valor el potencial de nuestras nuevas generaciones rurales como protagonistas del futuro y la innovaci\u00f3n en Ays\u00e9n.<\/div>\n<div style=\"text-align: justify;\"><\/div>\n<div style=\"text-align: justify;\">\u201cEste taller, junto con entregar herramientas para emprender, tambi\u00e9n crea comunidad y v\u00ednculos entre j\u00f3venes rurales cuyos sue\u00f1os son el futuro del campo, con ganas de crecer, quedarse en sus territorios y aportar al desarrollo local fortaleciendo la soberan\u00eda alimentaria de la Regi\u00f3n de Ays\u00e9n\u201d, destac\u00f3 la directora regional de INDAP Ays\u00e9n, Yessica Lagos C\u00e1rdenas, quien adem\u00e1s valor\u00f3 que m\u00e1s del 4 de cada 10 de las personas participantes fueran mujeres y que un tercio fueran menores de 30 a\u00f1os.<\/div>\n<div style=\"text-align: justify;\"><\/div>\n<div style=\"text-align: justify;\">La actividad, que se desarroll\u00f3 en dos jornadas consecutivas durante el fin de semana pasado, tuvo como objetivo fortalecer las capacidades de j\u00f3venes rurales entre 18 y 40 a\u00f1os para formular sus proyectos de negocio agropecuario o conexo, combinando metodolog\u00edas pr\u00e1cticas, asesor\u00eda t\u00e9cnica y din\u00e1micas colaborativas que impulsan el desarrollo de ideas con enfoque territorial.<\/div>\n<div style=\"text-align: justify;\"><\/div>\n<div style=\"text-align: justify;\">A lo largo del taller, participaron de sesiones sobre formalizaci\u00f3n, identificaci\u00f3n de oportunidades, desarrollo de modelo de negocios y trabajo en red, cerrando con la entrega simb\u00f3lica de diplomas y la presentaci\u00f3n de sus ideas fortalecidas. A trav\u00e9s del modelo CANVAS (una herramienta que permite plasmar en una solo p\u00e1gina los elementos clave que hacen viable un negocio, facilitando la comprensi\u00f3n, comunicaci\u00f3n y toma de decisiones) los y las participantes pudieron avanzar en la estructuraci\u00f3n de sus ideas de negocio y generar v\u00ednculos con sus pares emprendedores rurales de la regi\u00f3n. Esta metodolog\u00eda, visual y pr\u00e1ctica, les permiti\u00f3 ordenar sus ideas paso a paso, identificar a qui\u00e9n vender, qu\u00e9 ofrecer, c\u00f3mo hacerlo y con qu\u00e9 recursos, transformando lo que antes estaba solo en su cabeza o en su coraz\u00f3n en un proyecto concreto.<\/div>\n<div style=\"text-align: justify;\"><\/div>\n<div style=\"text-align: justify;\">Francia Urrieta, joven rural participante de la iniciativa, destac\u00f3 la calidad del taller y los conocimientos entregados: \u201cPara m\u00ed fue una experiencia muy linda, las personas que nos capacitaron son muy profesionales y nos ayudaron a clarificar todas las dudas. Todo perfecto, una linda experiencia. Estoy muy contenta y agradecida con INDAP\u201d. Entre los rubros declarados por las y los j\u00f3venes participantes se destacan hortalizas, turismo rural, producci\u00f3n animal, especialidades campesinas, frutales, artesan\u00eda y bioinsumos, reflejo de la diversidad e innovaci\u00f3n presente en el mundo rural de Ays\u00e9n.<\/div>\n<div style=\"text-align: justify;\"><\/div>\n<div style=\"text-align: justify;\">Con esta actividad, INDAP Ays\u00e9n inicia el programa \u201cMi Primer Negocio Rural\u201d en la Regi\u00f3n de Ays\u00e9n, destacando en su convocatoria la presencia y diversidad de juventudes de todo el amplio territorio regional. Representantes de las comunas de Coyhaique, Cochrane, Puerto Ays\u00e9n, Chile Chico, R\u00edo Ib\u00e1\u00f1ez, La Junta y Villa O\u2019Higgins, con o sin asesor\u00eda t\u00e9cnica previa, fueron convocados a trav\u00e9s de las distintas agencias de \u00e1rea de INDAP para presentar su postulaci\u00f3n y ser parte del proceso de selecci\u00f3n, \u00a0cuyos resultados dan cuenta de un esfuerzo por descentralizar la participaci\u00f3n por la institucionalidad.<\/div>\n<div style=\"text-align: justify;\"><\/div>\n<div style=\"text-align: justify;\">Este a\u00f1o, \u201cMi Primer Negocio Rural\u201d quintuplica su presupuesto a nivel nacional, permitiendo que m\u00e1s de 400 j\u00f3venes rurales accedan a estas oportunidades, en l\u00ednea con el compromiso del Gobierno del Presidente Gabriel Boric de generar m\u00e1s y mejores oportunidades para la juventud, sin que tengan que dejar el campo para desarrollarse.<\/div>\n<div style=\"text-align: justify;\"><\/div>\n<div style=\"text-align: justify;\">Con esta iniciativa, INDAP Ays\u00e9n del Ministerio de Agricultura reafirma su compromiso con una agricultura familiar m\u00e1s inclusiva, resiliente y sostenible, donde las juventudes rurales, las mujeres y los pueblos originarios son protagonistas del desarrollo econ\u00f3mico y social de los territorios.<\/div>\n<\/div><\/section><\/div><\/p>\n<div  style='height:50px' class='hr hr-invisible   avia-builder-el-6  el_after_av_one_full  el_before_av_social_share '><span class='hr-inner ' ><span class='hr-inner-style'><\/span><\/span><\/div>\n<div  class='av-social-sharing-box  avia-builder-el-7  el_after_av_hr  el_before_av_hr  '><div class='av-share-box'><h5 class='av-share-link-description av-no-toc '>Compartir esta noticia<\/h5><ul class='av-share-box-list noLightbox'><li class='av-share-link av-social-link-facebook' ><a target=\"_blank\" aria-label=\"Compartir en Facebook\" href='https:\/\/www.facebook.com\/sharer.php?u=https:\/\/radiorevelacionfm.cl\/?p=54924&#038;t=Juventud%20rural%20de%20Ays%C3%A9n%20se%20capacita%20para%20emprender%20con%20taller%20%E2%80%9CMi%20Primer%20Negocio%20Rural%E2%80%9D%20de%20INDAP' aria-hidden='false' data-av_icon='\ue8f3' data-av_iconfont='entypo-fontello' title='' data-avia-related-tooltip='Compartir en Facebook' rel=\"noopener\"><span class='avia_hidden_link_text'>Compartir en Facebook<\/span><\/a><\/li><li class='av-share-link av-social-link-twitter' ><a target=\"_blank\" aria-label=\"Compartir en Twitter\" href='https:\/\/twitter.com\/share?text=Juventud%20rural%20de%20Ays%C3%A9n%20se%20capacita%20para%20emprender%20con%20taller%20%E2%80%9CMi%20Primer%20Negocio%20Rural%E2%80%9D%20de%20INDAP&#038;url=https:\/\/radiorevelacionfm.cl\/?p=54924' aria-hidden='false' data-av_icon='\ue8f1' data-av_iconfont='entypo-fontello' title='' data-avia-related-tooltip='Compartir en Twitter' rel=\"noopener\"><span class='avia_hidden_link_text'>Compartir en Twitter<\/span><\/a><\/li><li class='av-share-link av-social-link-whatsapp' ><a target=\"_blank\" aria-label=\"Compartir en Whatsapp\" href='https:\/\/api.whatsapp.com\/send?text=https:\/\/radiorevelacionfm.cl\/?p=54924' aria-hidden='false' data-av_icon='\uf232' data-av_iconfont='entypo-fontello' title='' data-avia-related-tooltip='Compartir en Whatsapp' rel=\"noopener\"><span class='avia_hidden_link_text'>Compartir en Whatsapp<\/span><\/a><\/li><li class='av-share-link av-social-link-linkedin' ><a target=\"_blank\" aria-label=\"Compartir en LinkedIn\" href='https:\/\/linkedin.com\/shareArticle?mini=true&#038;title=Juventud%20rural%20de%20Ays%C3%A9n%20se%20capacita%20para%20emprender%20con%20taller%20%E2%80%9CMi%20Primer%20Negocio%20Rural%E2%80%9D%20de%20INDAP&#038;url=https:\/\/radiorevelacionfm.cl\/?p=54924' aria-hidden='false' data-av_icon='\ue8fc' data-av_iconfont='entypo-fontello' title='' data-avia-related-tooltip='Compartir en LinkedIn' rel=\"noopener\"><span class='avia_hidden_link_text'>Compartir en LinkedIn<\/span><\/a><\/li><li class='av-share-link av-social-link-mail' ><a  aria-label=\"Compartir por correo\" href='mailto:?subject=Juventud%20rural%20de%20Ays%C3%A9n%20se%20capacita%20para%20emprender%20con%20taller%20%E2%80%9CMi%20Primer%20Negocio%20Rural%E2%80%9D%20de%20INDAP&#038;body=https:\/\/radiorevelacionfm.cl\/?p=54924' aria-hidden='false' data-av_icon='\ue805' data-av_iconfont='entypo-fontello' title='' data-avia-related-tooltip='Compartir por correo'><span class='avia_hidden_link_text'>Compartir por correo<\/span><\/a><\/li><\/ul><\/div><\/div>\n<div  style='height:50px' class='hr hr-invisible   avia-builder-el-8  el_after_av_social_share  el_before_av_comments_list '><span class='hr-inner ' ><span class='hr-inner-style'><\/span><\/span><\/div>\n<div  class='av-buildercomment  av-blog-meta-html-info-disabled av-blog-meta-tag-disabled  '><\/div>\n","protected":false},"excerpt":{"rendered":"","protected":false},"author":1,"featured_media":54925,"comment_status":"closed","ping_status":"closed","sticky":false,"template":"","format":"standard","meta":{"footnotes":""},"categories":[58],"tags":[],"class_list":["post-54924","post","type-post","status-publish","format-standard","has-post-thumbnail","hentry","category-agricultura"],"jetpack_featured_media_url":"https:\/\/radiorevelacionfm.cl\/wp-content\/uploads\/2025\/06\/FOTO-GRUPAL-MPNR-1.jpg","_links":{"self":[{"href":"https:\/\/radiorevelacionfm.cl\/index.php?rest_route=\/wp\/v2\/posts\/54924","targetHints":{"allow":["GET"]}}],"collection":[{"href":"https:\/\/radiorevelacionfm.cl\/index.php?rest_route=\/wp\/v2\/posts"}],"about":[{"href":"https:\/\/radiorevelacionfm.cl\/index.php?rest_route=\/wp\/v2\/types\/post"}],"author":[{"embeddable":true,"href":"https:\/\/radiorevelacionfm.cl\/index.php?rest_route=\/wp\/v2\/users\/1"}],"replies":[{"embeddable":true,"href":"https:\/\/radiorevelacionfm.cl\/index.php?rest_route=%2Fwp%2Fv2%2Fcomments&post=54924"}],"version-history":[{"count":3,"href":"https:\/\/radiorevelacionfm.cl\/index.php?rest_route=\/wp\/v2\/posts\/54924\/revisions"}],"predecessor-version":[{"id":54940,"href":"https:\/\/radiorevelacionfm.cl\/index.php?rest_route=\/wp\/v2\/posts\/54924\/revisions\/54940"}],"wp:featuredmedia":[{"embeddable":true,"href":"https:\/\/radiorevelacionfm.cl\/index.php?rest_route=\/wp\/v2\/media\/54925"}],"wp:attachment":[{"href":"https:\/\/radiorevelacionfm.cl\/index.php?rest_route=%2Fwp%2Fv2%2Fmedia&parent=54924"}],"wp:term":[{"taxonomy":"category","embeddable":true,"href":"https:\/\/radiorevelacionfm.cl\/index.php?rest_route=%2Fwp%2Fv2%2Fcategories&post=54924"},{"taxonomy":"post_tag","embeddable":true,"href":"https:\/\/radiorevelacionfm.cl\/index.php?rest_route=%2Fwp%2Fv2%2Ftags&post=54924"}],"curies":[{"name":"wp","href":"https:\/\/api.w.org\/{rel}","templated":true}]}}