{"id":54920,"date":"2025-06-06T15:58:58","date_gmt":"2025-06-06T18:58:58","guid":{"rendered":"https:\/\/radiorevelacionfm.cl\/?p=54920"},"modified":"2025-06-06T15:58:58","modified_gmt":"2025-06-06T18:58:58","slug":"cinco-organizaciones-sociales-de-la-provincia-de-general-carrera-se-adjudican-cerca-de-75-millones-del-fondo-social-presidente-de-la-republica","status":"publish","type":"post","link":"https:\/\/radiorevelacionfm.cl\/?p=54920","title":{"rendered":"Cinco organizaciones sociales de la Provincia de General Carrera se adjudican cerca de $75 millones del Fondo Social Presidente de la Rep\u00fablica"},"content":{"rendered":"<div class=\"flex_column av_one_full  flex_column_div av-zero-column-padding first  avia-builder-el-0  el_before_av_one_full  avia-builder-el-first  \" style='border-radius:0px; '><div  class='avia-image-container  av-styling-    avia-builder-el-1  avia-builder-el-no-sibling  avia-align-center '  itemprop=\"image\" itemscope=\"itemscope\" itemtype=\"https:\/\/schema.org\/ImageObject\"  ><div class='avia-image-container-inner'><div class='avia-image-overlay-wrap'><img decoding=\"async\" class='wp-image-54921 avia-img-lazy-loading-not-54921 avia_image' src=\"https:\/\/radiorevelacionfm.cl\/wp-content\/uploads\/2025\/06\/Fondo-Presidente-de-la-Republica-1-1-1.jpeg\" alt='' title='Fondo Presidente de la Rep\u00fablica (1) (1) (1)' height=\"600\" width=\"1067\"  itemprop=\"thumbnailUrl\" srcset=\"https:\/\/radiorevelacionfm.cl\/wp-content\/uploads\/2025\/06\/Fondo-Presidente-de-la-Republica-1-1-1.jpeg 1067w, https:\/\/radiorevelacionfm.cl\/wp-content\/uploads\/2025\/06\/Fondo-Presidente-de-la-Republica-1-1-1-300x169.jpeg 300w, https:\/\/radiorevelacionfm.cl\/wp-content\/uploads\/2025\/06\/Fondo-Presidente-de-la-Republica-1-1-1-1030x579.jpeg 1030w, https:\/\/radiorevelacionfm.cl\/wp-content\/uploads\/2025\/06\/Fondo-Presidente-de-la-Republica-1-1-1-768x432.jpeg 768w, https:\/\/radiorevelacionfm.cl\/wp-content\/uploads\/2025\/06\/Fondo-Presidente-de-la-Republica-1-1-1-705x396.jpeg 705w, https:\/\/radiorevelacionfm.cl\/wp-content\/uploads\/2025\/06\/Fondo-Presidente-de-la-Republica-1-1-1-450x253.jpeg 450w, https:\/\/radiorevelacionfm.cl\/wp-content\/uploads\/2025\/06\/Fondo-Presidente-de-la-Republica-1-1-1-600x337.jpeg 600w\" sizes=\"(max-width: 1067px) 100vw, 1067px\" \/><\/div><\/div><\/div><\/div><div class=\"flex_column av_one_full  flex_column_div av-zero-column-padding first  avia-builder-el-2  el_after_av_one_full  el_before_av_one_full  column-top-margin\" style='border-radius:0px; '><section class=\"av_textblock_section \"  itemscope=\"itemscope\" itemtype=\"https:\/\/schema.org\/BlogPosting\" itemprop=\"blogPost\" ><div class='avia_textblock  '   itemprop=\"text\" ><p style=\"text-align: center;\"><span style=\"font-size: 18pt;\"><strong>Cinco organizaciones sociales de la Provincia de General Carrera se adjudican cerca de $75 millones del Fondo Social Presidente de la Rep\u00fablica<\/strong><\/span><\/p>\n<div id=\"gtx-trans\" style=\"position: absolute; left: -50px; top: 4.31534px;\">\n<div class=\"gtx-trans-icon\"><\/div>\n<\/div>\n<\/div><\/section><\/div><div class=\"flex_column av_one_full  flex_column_div av-zero-column-padding first  avia-builder-el-4  el_after_av_one_full  el_before_av_hr  column-top-margin\" style='border-radius:0px; '><section class=\"av_textblock_section \"  itemscope=\"itemscope\" itemtype=\"https:\/\/schema.org\/BlogPosting\" itemprop=\"blogPost\" ><div class='avia_textblock  '   itemprop=\"text\" ><p style=\"text-align: justify;\"><em>Tres de los proyectos est\u00e1n vinculados a la miner\u00eda artesanal y beneficiar\u00e1n a localidades como Chile Chico, Puerto Guadal y Puerto Tranquilo.<\/em><\/p>\n<p style=\"text-align: justify;\">Cinco organizaciones sociales de la Provincia de General Carrera resultaron beneficiadas con recursos del Fondo Social Presidente de la Rep\u00fablica, en su l\u00ednea nacional orientada a infraestructura. La inversi\u00f3n total bordea los $75 millones, con montos cercanos a los $15 millones por proyecto, destinados principalmente a mejoras de sedes comunitarias y cierres perimetrales.<\/p>\n<p style=\"text-align: justify;\">De los cinco proyectos adjudicados, cuatro ya han sido entregados por parte de la Delegaci\u00f3n Presidencial Provincial, restando solo el de Puerto R\u00edo Tranquilo. Las dem\u00e1s iniciativas corresponden a dos organizaciones en Chile Chico, una en Mall\u00edn Grande y otra en Puerto Guadal.<\/p>\n<p style=\"text-align: justify;\">\u201cHoy entregamos el cuarto de los cinco proyectos adjudicados al Fondo Social Presidente de la Rep\u00fablica en su l\u00ednea nacional. Lo primero que hay que destacar y reconocer es el trabajo de las organizaciones. Son cinco organizaciones de la provincia de General Carrera que se adjudicaron unos proyectos cercanos a los $15 millones cada una\u201d, se\u00f1al\u00f3 Crist\u00f3bal Barcel\u00f3, Delegado Presidencial Provincial de General Carrera, quien adem\u00e1s valor\u00f3 el car\u00e1cter multisectorial de la ejecuci\u00f3n y aprovech\u00f3 de recordar que \u201cse encuentra abierto el periodo de postulaci\u00f3n al Fondo Social Presidente de la Rep\u00fablica hasta el 1 de julio en proyectos que van desde los $2 hasta los $15 millones\u201d.<\/p>\n<p style=\"text-align: justify;\"><strong>Impulso a la miner\u00eda artesanal<\/strong><\/p>\n<p style=\"text-align: justify;\">Tres de los cinco proyectos tienen directa relaci\u00f3n con la miner\u00eda artesanal, una actividad hist\u00f3rica en la provincia. La adjudicaci\u00f3n de estos fondos permitir\u00e1 a las agrupaciones mejorar sus espacios de trabajo y proyectar iniciativas.<\/p>\n<p style=\"text-align: justify;\">\u201cEstamos muy contentos porque la miner\u00eda artesanal tiene logros y avances concretos a trav\u00e9s de este trabajo que estamos realizando con la Delegaci\u00f3n Presidencial Provincial de General Carrera\u201d, destac\u00f3 Juan V\u00e1squez, Seremi de Miner\u00eda de Ays\u00e9n, quien valor\u00f3 el trabajo colaborativo con las organizaciones gremiales de Puerto Tranquilo, Puerto Guadal y Chile Chico. \u201cSon muy buenas noticias para la miner\u00eda, son muy buenas noticias para el Gobierno\u201d, agreg\u00f3.<\/p>\n<p style=\"text-align: justify;\">Una de las beneficiadas es la Asociaci\u00f3n Gremial de Mineros Aur\u00edferos de Chile Chico. Su presidenta, Yamilet Burgos, explic\u00f3 que el financiamiento permitir\u00e1 habilitar un cierre perimetral en un terreno que mantienen en comodato: \u201cEsto nos viene a beneficiar a nosotros para poder cerrar el per\u00edmetro. Nosotros tenemos ah\u00ed dos containers y nuestro sue\u00f1o es poder instalar nuestro taller y a futuro poder comercializar nuestros productos tanto de orfebrer\u00eda, cer\u00e1mica y miner\u00eda artesanal que es el chayado del oro\u201d.<\/p>\n<p style=\"text-align: justify;\">El Fondo Social Presidente de la Rep\u00fablica, administrado por el Ministerio del Interior, apoya proyectos de organizaciones sociales que fomenten la participaci\u00f3n, inclusi\u00f3n y cohesi\u00f3n social y, actualmente, se encuentra abierto para ser postulado hasta el 1 de julio.<\/p>\n<\/div><\/section><\/div><div  style='height:50px' class='hr hr-invisible   avia-builder-el-6  el_after_av_one_full  el_before_av_social_share '><span class='hr-inner ' ><span class='hr-inner-style'><\/span><\/span><\/div><\/p>\n<div  class='av-social-sharing-box  avia-builder-el-7  el_after_av_hr  el_before_av_hr  '><div class='av-share-box'><h5 class='av-share-link-description av-no-toc '>Compartir esta noticia<\/h5><ul class='av-share-box-list noLightbox'><li class='av-share-link av-social-link-facebook' ><a target=\"_blank\" aria-label=\"Compartir en Facebook\" href='https:\/\/www.facebook.com\/sharer.php?u=https:\/\/radiorevelacionfm.cl\/?p=54920&#038;t=Cinco%20organizaciones%20sociales%20de%20la%20Provincia%20de%20General%20Carrera%20se%20adjudican%20cerca%20de%20%2475%20millones%20del%20Fondo%20Social%20Presidente%20de%20la%20Rep%C3%BAblica' aria-hidden='false' data-av_icon='\ue8f3' data-av_iconfont='entypo-fontello' title='' data-avia-related-tooltip='Compartir en Facebook' rel=\"noopener\"><span class='avia_hidden_link_text'>Compartir en Facebook<\/span><\/a><\/li><li class='av-share-link av-social-link-twitter' ><a target=\"_blank\" aria-label=\"Compartir en Twitter\" href='https:\/\/twitter.com\/share?text=Cinco%20organizaciones%20sociales%20de%20la%20Provincia%20de%20General%20Carrera%20se%20adjudican%20cerca%20de%20%2475%20millones%20del%20Fondo%20Social%20Presidente%20de%20la%20Rep%C3%BAblica&#038;url=https:\/\/radiorevelacionfm.cl\/?p=54920' aria-hidden='false' data-av_icon='\ue8f1' data-av_iconfont='entypo-fontello' title='' data-avia-related-tooltip='Compartir en Twitter' rel=\"noopener\"><span class='avia_hidden_link_text'>Compartir en Twitter<\/span><\/a><\/li><li class='av-share-link av-social-link-whatsapp' ><a target=\"_blank\" aria-label=\"Compartir en Whatsapp\" href='https:\/\/api.whatsapp.com\/send?text=https:\/\/radiorevelacionfm.cl\/?p=54920' aria-hidden='false' data-av_icon='\uf232' data-av_iconfont='entypo-fontello' title='' data-avia-related-tooltip='Compartir en Whatsapp' rel=\"noopener\"><span class='avia_hidden_link_text'>Compartir en Whatsapp<\/span><\/a><\/li><li class='av-share-link av-social-link-linkedin' ><a target=\"_blank\" aria-label=\"Compartir en LinkedIn\" href='https:\/\/linkedin.com\/shareArticle?mini=true&#038;title=Cinco%20organizaciones%20sociales%20de%20la%20Provincia%20de%20General%20Carrera%20se%20adjudican%20cerca%20de%20%2475%20millones%20del%20Fondo%20Social%20Presidente%20de%20la%20Rep%C3%BAblica&#038;url=https:\/\/radiorevelacionfm.cl\/?p=54920' aria-hidden='false' data-av_icon='\ue8fc' data-av_iconfont='entypo-fontello' title='' data-avia-related-tooltip='Compartir en LinkedIn' rel=\"noopener\"><span class='avia_hidden_link_text'>Compartir en LinkedIn<\/span><\/a><\/li><li class='av-share-link av-social-link-mail' ><a  aria-label=\"Compartir por correo\" href='mailto:?subject=Cinco%20organizaciones%20sociales%20de%20la%20Provincia%20de%20General%20Carrera%20se%20adjudican%20cerca%20de%20%2475%20millones%20del%20Fondo%20Social%20Presidente%20de%20la%20Rep%C3%BAblica&#038;body=https:\/\/radiorevelacionfm.cl\/?p=54920' aria-hidden='false' data-av_icon='\ue805' data-av_iconfont='entypo-fontello' title='' data-avia-related-tooltip='Compartir por correo'><span class='avia_hidden_link_text'>Compartir por correo<\/span><\/a><\/li><\/ul><\/div><\/div>\n<div  style='height:50px' class='hr hr-invisible   avia-builder-el-8  el_after_av_social_share  el_before_av_comments_list '><span class='hr-inner ' ><span class='hr-inner-style'><\/span><\/span><\/div>\n<div  class='av-buildercomment  av-blog-meta-html-info-disabled av-blog-meta-tag-disabled  '><\/div>\n","protected":false},"excerpt":{"rendered":"","protected":false},"author":1,"featured_media":54921,"comment_status":"closed","ping_status":"closed","sticky":false,"template":"","format":"standard","meta":{"footnotes":""},"categories":[62],"tags":[],"class_list":["post-54920","post","type-post","status-publish","format-standard","has-post-thumbnail","hentry","category-social"],"jetpack_featured_media_url":"https:\/\/radiorevelacionfm.cl\/wp-content\/uploads\/2025\/06\/Fondo-Presidente-de-la-Republica-1-1-1.jpeg","_links":{"self":[{"href":"https:\/\/radiorevelacionfm.cl\/index.php?rest_route=\/wp\/v2\/posts\/54920","targetHints":{"allow":["GET"]}}],"collection":[{"href":"https:\/\/radiorevelacionfm.cl\/index.php?rest_route=\/wp\/v2\/posts"}],"about":[{"href":"https:\/\/radiorevelacionfm.cl\/index.php?rest_route=\/wp\/v2\/types\/post"}],"author":[{"embeddable":true,"href":"https:\/\/radiorevelacionfm.cl\/index.php?rest_route=\/wp\/v2\/users\/1"}],"replies":[{"embeddable":true,"href":"https:\/\/radiorevelacionfm.cl\/index.php?rest_route=%2Fwp%2Fv2%2Fcomments&post=54920"}],"version-history":[{"count":2,"href":"https:\/\/radiorevelacionfm.cl\/index.php?rest_route=\/wp\/v2\/posts\/54920\/revisions"}],"predecessor-version":[{"id":54936,"href":"https:\/\/radiorevelacionfm.cl\/index.php?rest_route=\/wp\/v2\/posts\/54920\/revisions\/54936"}],"wp:featuredmedia":[{"embeddable":true,"href":"https:\/\/radiorevelacionfm.cl\/index.php?rest_route=\/wp\/v2\/media\/54921"}],"wp:attachment":[{"href":"https:\/\/radiorevelacionfm.cl\/index.php?rest_route=%2Fwp%2Fv2%2Fmedia&parent=54920"}],"wp:term":[{"taxonomy":"category","embeddable":true,"href":"https:\/\/radiorevelacionfm.cl\/index.php?rest_route=%2Fwp%2Fv2%2Fcategories&post=54920"},{"taxonomy":"post_tag","embeddable":true,"href":"https:\/\/radiorevelacionfm.cl\/index.php?rest_route=%2Fwp%2Fv2%2Ftags&post=54920"}],"curies":[{"name":"wp","href":"https:\/\/api.w.org\/{rel}","templated":true}]}}