{"id":54917,"date":"2025-06-06T14:14:03","date_gmt":"2025-06-06T17:14:03","guid":{"rendered":"https:\/\/radiorevelacionfm.cl\/?p=54917"},"modified":"2025-06-06T14:14:03","modified_gmt":"2025-06-06T17:14:03","slug":"talleres-en-comunidades-aledanas-a-reserva-nacional-las-guaitecas-constatan-interes-de-habitantes-en-proteger-esta-area-protegida","status":"publish","type":"post","link":"https:\/\/radiorevelacionfm.cl\/?p=54917","title":{"rendered":"Talleres en comunidades aleda\u00f1as a reserva nacional Las Guaitecas constatan inter\u00e9s de habitantes en proteger esta \u00e1rea protegida"},"content":{"rendered":"<div class=\"flex_column av_one_full  flex_column_div av-zero-column-padding first  avia-builder-el-0  el_before_av_one_full  avia-builder-el-first  \" style='border-radius:0px; '><div  class='avia-image-container  av-styling-    avia-builder-el-1  avia-builder-el-no-sibling  avia-align-center '  itemprop=\"image\" itemscope=\"itemscope\" itemtype=\"https:\/\/schema.org\/ImageObject\"  ><div class='avia-image-container-inner'><div class='avia-image-overlay-wrap'><img decoding=\"async\" class='wp-image-54918 avia-img-lazy-loading-not-54918 avia_image' src=\"https:\/\/radiorevelacionfm.cl\/wp-content\/uploads\/2025\/06\/Foto-CRUBC-Aysen-1.jpg\" alt='' title='Foto CRUBC Ays\u00e9n (1)' height=\"600\" width=\"1109\"  itemprop=\"thumbnailUrl\" srcset=\"https:\/\/radiorevelacionfm.cl\/wp-content\/uploads\/2025\/06\/Foto-CRUBC-Aysen-1.jpg 1109w, https:\/\/radiorevelacionfm.cl\/wp-content\/uploads\/2025\/06\/Foto-CRUBC-Aysen-1-300x162.jpg 300w, https:\/\/radiorevelacionfm.cl\/wp-content\/uploads\/2025\/06\/Foto-CRUBC-Aysen-1-1030x557.jpg 1030w, https:\/\/radiorevelacionfm.cl\/wp-content\/uploads\/2025\/06\/Foto-CRUBC-Aysen-1-768x416.jpg 768w, https:\/\/radiorevelacionfm.cl\/wp-content\/uploads\/2025\/06\/Foto-CRUBC-Aysen-1-705x381.jpg 705w, https:\/\/radiorevelacionfm.cl\/wp-content\/uploads\/2025\/06\/Foto-CRUBC-Aysen-1-450x243.jpg 450w, https:\/\/radiorevelacionfm.cl\/wp-content\/uploads\/2025\/06\/Foto-CRUBC-Aysen-1-600x325.jpg 600w\" sizes=\"(max-width: 1109px) 100vw, 1109px\" \/><\/div><\/div><\/div><\/div><div class=\"flex_column av_one_full  flex_column_div av-zero-column-padding first  avia-builder-el-2  el_after_av_one_full  el_before_av_one_full  column-top-margin\" style='border-radius:0px; '><section class=\"av_textblock_section \"  itemscope=\"itemscope\" itemtype=\"https:\/\/schema.org\/BlogPosting\" itemprop=\"blogPost\" ><div class='avia_textblock  '   itemprop=\"text\" ><p style=\"text-align: center;\"><strong><span style=\"font-size: 18pt;\">Talleres en comunidades aleda\u00f1as a reserva nacional Las Guaitecas constatan inter\u00e9s de habitantes en proteger esta \u00e1rea protegida<\/span><\/strong><\/p>\n<div id=\"gtx-trans\" style=\"position: absolute; left: -50px; top: 4.31534px;\">\n<div class=\"gtx-trans-icon\"><\/div>\n<\/div>\n<\/div><\/section><\/div><div class=\"flex_column av_one_full  flex_column_div av-zero-column-padding first  avia-builder-el-4  el_after_av_one_full  el_before_av_hr  column-top-margin\" style='border-radius:0px; '><section class=\"av_textblock_section \"  itemscope=\"itemscope\" itemtype=\"https:\/\/schema.org\/BlogPosting\" itemprop=\"blogPost\" ><div class='avia_textblock  '   itemprop=\"text\" ><p dir=\"ltr\" style=\"text-align: justify;\"><em>Esta percepci\u00f3n gener\u00f3 incomodidad en la industria del salm\u00f3n y el alcalde Cisnes Francisco Roncagliolo, quienes cuestionaron las atribuciones y capacidad t\u00e9cnica de la Corporaci\u00f3n Nacional Forestal para llevar adelante el proceso.<\/em><\/p>\n<p dir=\"ltr\"><em>Esto, desconociendo la normativa vigente que, mientras no se constituya el Servicio de Biodiversidad y \u00c1reas Protegidas, mantiene en dicho organismo la gesti\u00f3n de estas zonas de mar y tierra bajo salvaguarda.<\/em><\/p>\n<p dir=\"ltr\" style=\"text-align: justify;\">M\u00e1s de <a href=\"https:\/\/www.rln.cl\/regional\/116072-avanza-elaboracion-de-planes-de-manejo-para-areas-silvestres-protegidas-de-la-region\/\" target=\"_blank\" rel=\"noopener noreferrer\">20 talleres de participaci\u00f3n ciudadana<\/a> con comunidades aleda\u00f1as, servicios p\u00fablicos y representantes de la industria del salm\u00f3n han sido realizados a la fecha por la Corporaci\u00f3n Nacional Forestal (CONAF) en el marco de la elaboraci\u00f3n del Plan de Manejo de la reserva nacional Las Guaitecas. En ellos se ha levantado preliminarmente la visi\u00f3n de los habitantes del litoral y el territorio, tendiente a establecer la forma en que se relacionar\u00e1n con esta \u00e1rea protegida.<\/p>\n<p dir=\"ltr\" style=\"text-align: justify;\">Los avances del proceso fueron expuestos el 22 de mayo por la jefa del Departamento de \u00c1reas Silvestres Protegidas de CONAF Ays\u00e9n, Andrea Bahamonde, junto a la profesional del mismo organismo Dominique D\u00e4ttwyler, durante la primera sesi\u00f3n de la <a href=\"https:\/\/www.youtube.com\/watch?v=bOB61x2vHRI&amp;t=3905s\" target=\"_blank\" rel=\"noopener noreferrer\">Comisi\u00f3n Regional de Uso del Borde Costero (CRUBC)<\/a> de la presente administraci\u00f3n del Gobierno Regional de Ays\u00e9n. La instancia es presidida por el gobernador Marcelo Santana, e integrada por representantes del sector p\u00fablico, privado, la pesca artesanal y de las comunidades ind\u00edgenas.<\/p>\n<p dir=\"ltr\" style=\"text-align: justify;\"><strong>Una comunidad que aprecia sus \u00e1reas protegidas<\/strong><\/p>\n<p dir=\"ltr\" style=\"text-align: justify;\">Durante la exposici\u00f3n se mostraron los resultados de las distintas reuniones que se han realizado a la fecha, como un apronte que se deber\u00e1 seguir profundizando. En este prediagn\u00f3stico emergi\u00f3 que quienes viven en las zonas aleda\u00f1as a la reserva nacional Las Guaitecas comparten la necesidad de su cuidado. Conceptos como \u00ablugar \u00fanico\u00bb, \u00aborgullo e identidad\u00bb, \u00abpoder hacer un uso sustentable de recursos naturales (le\u00f1a y productos del mar)\u00bb, \u00abambiente puro\u00bb, \u00abdesarrollo tur\u00edstico\u00bb, \u00abmanejo consciente\u00bb, \u00ab\u00fanico\u00bb han sido parte de los mensajes de las y los habitantes. Adem\u00e1s de agregar la necesidad de que su uso \u00absea sustentable y sostenible en el tiempo en base a las necesidades de las comunidades locales\u00bb, \u00abpulm\u00f3n de ox\u00edgeno\u00bb y \u00abespacio de conservaci\u00f3n de la biodiversidad mar\u00edtima y terrestre, que brinda oportunidades en materia de desarrollo y trabajo\u00bb.<\/p>\n<p dir=\"ltr\" style=\"text-align: justify;\">Esto es coincidente con los objetos de conservaci\u00f3n espec\u00edficos propuestos hasta ahora para la reserva, adem\u00e1s del obvio: el cipr\u00e9s de Las Guaitecas. Entre ellos, mam\u00edferos marinos como lobos marinos, chungungos, delfines y ballenas; las aves marinas; especies como la merluza austral, el congrio dorado y la mantarraya; junto a los bosques de algas. Se suman registros culturales como conchales, restos \u00f3seos para su conservaci\u00f3n y vestigios arqueol\u00f3gicos. En lo terrestre, adem\u00e1s de la fauna end\u00e9mica, se mencionaron bosques, humedales y turberas.<\/p>\n<p dir=\"ltr\" style=\"text-align: justify;\">Un \u00e1mbito que CONAF est\u00e1 pesquisando tambi\u00e9n para la elaboraci\u00f3n del plan son los objetos de bienestar humano que entrega la reserva, conocidos tambi\u00e9n como servicios ecosist\u00e9micos. En los talleres las comunidades han mencionado tranquilidad, seguridad, trabajo, subsistencia, energ\u00eda m\u00e1s calidad de vida, turismo, paz, agua potable, pesca artesanal, ocio e identidad, econom\u00eda, historia, pesca y buceo, sensaci\u00f3n de plenitud, recreaci\u00f3n.<\/p>\n<p dir=\"ltr\" style=\"text-align: justify;\"><strong>Amenaza destacada: la industria del salm\u00f3n<\/strong><\/p>\n<p dir=\"ltr\" style=\"text-align: justify;\">Dentro de las principales amenazas, las que m\u00e1s se repiten est\u00e1n relacionadas con la industria del salm\u00f3n. \u00abAfectaci\u00f3n de especies de aves nativas por alimentaci\u00f3n de salmoneras\u00bb, \u00absalmoneras\u00bb, \u00abda\u00f1os asociados a las salmoneras\u00bb, \u00abpresencia de salmoneras\u00bb y \u00abbasura de salmoneras\u00bb fueron algunas de las ideas mencionadas. Adem\u00e1s, la \u00absobreexplotaci\u00f3n pesquera\u00bb, \u00abla actividad humana sin legislaci\u00f3n que se respete\u00bb, \u00abinexistente gesti\u00f3n de hidrocarburos de pescadores artesanales y empresas salmoneras\u00bb, la \u00abflota pesquera de la regi\u00f3n de Los Lagos\u00bb, \u00absobreexplotaci\u00f3n del bosque nativo\u00bb junto a \u00abtala ilegal\u00bb, \u00abincendios\u00bb y \u00abcontaminaci\u00f3n marina y terrestre\u00bb.<\/p>\n<p dir=\"ltr\" style=\"text-align: justify;\">Junto con seguir realizando talleres con distintos actores y sectores, corresponder\u00e1 establecer las estrategias de conservaci\u00f3n relacionada con las amenazas detectadas. \u00abLas estrategias est\u00e1n vinculadas a la tarea de disminuir esas amenazas, ya que afectan al mismo tiempo los objetos de conservaci\u00f3n\u00bb dijo en la ocasi\u00f3n Dominique D\u00e4ttwyler.<\/p>\n<p dir=\"ltr\" style=\"text-align: justify;\">Este proceso es relevante, toda vez que la reserva nacional Las Guaitecas es el \u00e1rea protegida m\u00e1s antigua de la regi\u00f3n de Ays\u00e9n: se cre\u00f3 por <a href=\"https:\/\/www.bcn.cl\/leychile\/navegar?idNorma=1050847\" target=\"_blank\" rel=\"noopener noreferrer\">decreto supremo del 2612 del 1 de diciembre de 1938<\/a>. Y actualmente cuenta en su interior con 312 concesiones de engorda de salmones, las principales de Multi X, Australis Mar, Agrosuper (a trav\u00e9s de Exportadora Los Fiordos y Aqua Chile, entre otras), Mowi, Cultivos Yadran, Blumar y Camanchaca, por mencionar las concentran la mayor\u00eda de t\u00edtulos.<\/p>\n<p dir=\"ltr\" style=\"text-align: justify;\"><strong>Llamados a incumplir la ley SBAP<\/strong><\/p>\n<p dir=\"ltr\" style=\"text-align: justify;\">Los resultados expuestos no fueron del agrado de la industria del salm\u00f3n.<\/p>\n<p dir=\"ltr\" style=\"text-align: justify;\">El director corporativo del Consejo del Salm\u00f3n, Rodrigo Pinto, busc\u00f3 invalidar el trabajo de CONAF. \u00abHay una gran incertidumbre jur\u00eddica respecto de la competencia, de la calificaci\u00f3n profesional de un organismo que tiene un foco muy distinto de la tarea que est\u00e1 pretendiendo realizar en la actualidad\u00bb indic\u00f3. Esto, por ser una corporaci\u00f3n de derecho privado dependiente del Ministerio de Obras P\u00fablicas y tener funciones relacionadas con el fomento forestal.<\/p>\n<p dir=\"ltr\" style=\"text-align: justify;\">Ante esto, notific\u00f3 que junto a Salm\u00f3n Chile <a href=\"https:\/\/www.consejodelsalmon.cl\/consejo-del-salmon-propone-suspender-plan-de-manejo-de-guaitecas-hasta-aclarar-reparos-tecnicos-y-juridicos-en-nueva-sesion-de-la-crubc-aysen\/\" target=\"_blank\" rel=\"noopener noreferrer\">recurrieron a la Contralor\u00eda<\/a> para dilucidar sus dudas sobre la materia.<\/p>\n<p dir=\"ltr\" style=\"text-align: justify;\">Por su parte, el alcalde de Cisnes, Francisco Roncagliolo, cuestion\u00f3 la implementaci\u00f3n del Servicio de Biodiversidad y \u00c1reas Protegidas, establecida por ley: \u00abCu\u00e1nta gente va a estar administrando lo que hoy d\u00eda se est\u00e1 planeando en el litoral. Hay que buscar otra herramienta, por lo tanto es importante que antes de que avance la discusi\u00f3n con los sectores productivos, y todo lo que se venga, se defina una pol\u00edtica regional de trabajo de lo que se quiere hacer en el litoral\u00bb. Por ello, solicit\u00f3 que la CRUBC sea \u00abel cedazo que al final pudiera evaluar este tipo de alternativas cuando se aplican\u00bb.<\/p>\n<p dir=\"ltr\" style=\"text-align: justify;\">En este sentido, la ley que cre\u00f3 el Servicio de Biodiversidad y \u00c1reas Protegidas se\u00f1ala expresamente en su art\u00edculo 73 que \u00e9ste \u00abser\u00e1 elaborado por el SBAP, el que aprobar\u00e1 mediante resoluci\u00f3n\u00bb, considerando la \u00abparticipaci\u00f3n de las comunidades, incluyendo a las organizaciones representativas de los pueblos ind\u00edgenas, existentes al interior y aleda\u00f1as al \u00e1rea protegida, de los gobiernos regionales y municipalidades pertinentes\u00bb.<\/p>\n<p dir=\"ltr\" style=\"text-align: justify;\">La norma no menciona atribuciones espec\u00edficas de las CRUBC en la materia, como pretenden quienes cuestionan lo avanzado a la fecha.<\/p>\n<p dir=\"ltr\" style=\"text-align: justify;\">El director regional de CONAF, Ronald Valenzuela, aclar\u00f3 que la tuici\u00f3n actual de la corporaci\u00f3n sobre las \u00e1reas protegidas est\u00e1 establecida por la Ley de Bosques y su calidad de organismo p\u00fablico fue refrendado en 2019 por la propia Contralor\u00eda, \u00abpor cuanto nos aplica la Ley 19.880, toda vez que estamos en la ley de presupuestos cumplimos una funci\u00f3n p\u00fablica y administramos fondos p\u00fablicos\u00bb. Explic\u00f3, adem\u00e1s, que el mismo organismo en varias ocasiones ya ha aclarado que las porciones marinas de las \u00e1reas protegidas son parte del pol\u00edgono de \u00e9stas, lo cual fue confirmado recientemente al ser <a href=\"https:\/\/www.elmostrador.cl\/noticias\/opinion\/columnas\/2025\/05\/15\/porcion-marina-de-parques-y-reservas-nacionales-de-la-patagonia-son-reconocidos-en-mapas-oficiales\/\" target=\"_blank\" rel=\"noopener noreferrer\">incorporadas a la plataforma<\/a> de Infraestructura de Datos Geoespaciales del Ministerio de Bienes Nacionales.<\/p>\n<p dir=\"ltr\" style=\"text-align: justify;\">Al concluir la exposici\u00f3n, el gobernador Marcelo Santana someti\u00f3 a votaci\u00f3n una moci\u00f3n con tres medidas: oficiar a la directora nacional de CONAF A\u00edda Baldini cuestionando la idoneidad en el organismo para la elaboraci\u00f3n del plan de manejo, que se paralice su elaboraci\u00f3n del plan de manejo mientras aquello no se dilucide y que exponga ante la CRUBC sobre las materias discutidas.<\/p>\n<p dir=\"ltr\" style=\"text-align: justify;\">Al no contar con el qu\u00f3rum de dos tercios que requiere la CRUBC para tomar decisiones \u00e9sta fue rechazada. Acto seguido, el gobernador inform\u00f3 que ya en calidad de gobernador oficiar\u00e1 a Baldini para que exponga ante la CRUBC en la pr\u00f3xima sesi\u00f3n.<\/p>\n<\/div><\/section><\/div><div  style='height:50px' class='hr hr-invisible   avia-builder-el-6  el_after_av_one_full  el_before_av_social_share '><span class='hr-inner ' ><span class='hr-inner-style'><\/span><\/span><\/div><\/p>\n<div  class='av-social-sharing-box  avia-builder-el-7  el_after_av_hr  el_before_av_hr  '><div class='av-share-box'><h5 class='av-share-link-description av-no-toc '>Compartir esta noticia<\/h5><ul class='av-share-box-list noLightbox'><li class='av-share-link av-social-link-facebook' ><a target=\"_blank\" aria-label=\"Compartir en Facebook\" href='https:\/\/www.facebook.com\/sharer.php?u=https:\/\/radiorevelacionfm.cl\/?p=54917&#038;t=Talleres%20en%20comunidades%20aleda%C3%B1as%20a%20reserva%20nacional%20Las%20Guaitecas%20constatan%20inter%C3%A9s%20de%20habitantes%20en%20proteger%20esta%20%C3%A1rea%20protegida' aria-hidden='false' data-av_icon='\ue8f3' data-av_iconfont='entypo-fontello' title='' data-avia-related-tooltip='Compartir en Facebook' rel=\"noopener\"><span class='avia_hidden_link_text'>Compartir en Facebook<\/span><\/a><\/li><li class='av-share-link av-social-link-twitter' ><a target=\"_blank\" aria-label=\"Compartir en Twitter\" href='https:\/\/twitter.com\/share?text=Talleres%20en%20comunidades%20aleda%C3%B1as%20a%20reserva%20nacional%20Las%20Guaitecas%20constatan%20inter%C3%A9s%20de%20habitantes%20en%20proteger%20esta%20%C3%A1rea%20protegida&#038;url=https:\/\/radiorevelacionfm.cl\/?p=54917' aria-hidden='false' data-av_icon='\ue8f1' data-av_iconfont='entypo-fontello' title='' data-avia-related-tooltip='Compartir en Twitter' rel=\"noopener\"><span class='avia_hidden_link_text'>Compartir en Twitter<\/span><\/a><\/li><li class='av-share-link av-social-link-whatsapp' ><a target=\"_blank\" aria-label=\"Compartir en Whatsapp\" href='https:\/\/api.whatsapp.com\/send?text=https:\/\/radiorevelacionfm.cl\/?p=54917' aria-hidden='false' data-av_icon='\uf232' data-av_iconfont='entypo-fontello' title='' data-avia-related-tooltip='Compartir en Whatsapp' rel=\"noopener\"><span class='avia_hidden_link_text'>Compartir en Whatsapp<\/span><\/a><\/li><li class='av-share-link av-social-link-linkedin' ><a target=\"_blank\" aria-label=\"Compartir en LinkedIn\" href='https:\/\/linkedin.com\/shareArticle?mini=true&#038;title=Talleres%20en%20comunidades%20aleda%C3%B1as%20a%20reserva%20nacional%20Las%20Guaitecas%20constatan%20inter%C3%A9s%20de%20habitantes%20en%20proteger%20esta%20%C3%A1rea%20protegida&#038;url=https:\/\/radiorevelacionfm.cl\/?p=54917' aria-hidden='false' data-av_icon='\ue8fc' data-av_iconfont='entypo-fontello' title='' data-avia-related-tooltip='Compartir en LinkedIn' rel=\"noopener\"><span class='avia_hidden_link_text'>Compartir en LinkedIn<\/span><\/a><\/li><li class='av-share-link av-social-link-mail' ><a  aria-label=\"Compartir por correo\" href='mailto:?subject=Talleres%20en%20comunidades%20aleda%C3%B1as%20a%20reserva%20nacional%20Las%20Guaitecas%20constatan%20inter%C3%A9s%20de%20habitantes%20en%20proteger%20esta%20%C3%A1rea%20protegida&#038;body=https:\/\/radiorevelacionfm.cl\/?p=54917' aria-hidden='false' data-av_icon='\ue805' data-av_iconfont='entypo-fontello' title='' data-avia-related-tooltip='Compartir por correo'><span class='avia_hidden_link_text'>Compartir por correo<\/span><\/a><\/li><\/ul><\/div><\/div>\n<div  style='height:50px' class='hr hr-invisible   avia-builder-el-8  el_after_av_social_share  el_before_av_comments_list '><span class='hr-inner ' ><span class='hr-inner-style'><\/span><\/span><\/div>\n<div  class='av-buildercomment  av-blog-meta-html-info-disabled av-blog-meta-tag-disabled  '><\/div>\n","protected":false},"excerpt":{"rendered":"","protected":false},"author":1,"featured_media":54918,"comment_status":"closed","ping_status":"closed","sticky":false,"template":"","format":"standard","meta":{"footnotes":""},"categories":[38],"tags":[],"class_list":["post-54917","post","type-post","status-publish","format-standard","has-post-thumbnail","hentry","category-regional"],"jetpack_featured_media_url":"https:\/\/radiorevelacionfm.cl\/wp-content\/uploads\/2025\/06\/Foto-CRUBC-Aysen-1.jpg","_links":{"self":[{"href":"https:\/\/radiorevelacionfm.cl\/index.php?rest_route=\/wp\/v2\/posts\/54917","targetHints":{"allow":["GET"]}}],"collection":[{"href":"https:\/\/radiorevelacionfm.cl\/index.php?rest_route=\/wp\/v2\/posts"}],"about":[{"href":"https:\/\/radiorevelacionfm.cl\/index.php?rest_route=\/wp\/v2\/types\/post"}],"author":[{"embeddable":true,"href":"https:\/\/radiorevelacionfm.cl\/index.php?rest_route=\/wp\/v2\/users\/1"}],"replies":[{"embeddable":true,"href":"https:\/\/radiorevelacionfm.cl\/index.php?rest_route=%2Fwp%2Fv2%2Fcomments&post=54917"}],"version-history":[{"count":2,"href":"https:\/\/radiorevelacionfm.cl\/index.php?rest_route=\/wp\/v2\/posts\/54917\/revisions"}],"predecessor-version":[{"id":54928,"href":"https:\/\/radiorevelacionfm.cl\/index.php?rest_route=\/wp\/v2\/posts\/54917\/revisions\/54928"}],"wp:featuredmedia":[{"embeddable":true,"href":"https:\/\/radiorevelacionfm.cl\/index.php?rest_route=\/wp\/v2\/media\/54918"}],"wp:attachment":[{"href":"https:\/\/radiorevelacionfm.cl\/index.php?rest_route=%2Fwp%2Fv2%2Fmedia&parent=54917"}],"wp:term":[{"taxonomy":"category","embeddable":true,"href":"https:\/\/radiorevelacionfm.cl\/index.php?rest_route=%2Fwp%2Fv2%2Fcategories&post=54917"},{"taxonomy":"post_tag","embeddable":true,"href":"https:\/\/radiorevelacionfm.cl\/index.php?rest_route=%2Fwp%2Fv2%2Ftags&post=54917"}],"curies":[{"name":"wp","href":"https:\/\/api.w.org\/{rel}","templated":true}]}}