{"id":5491,"date":"2021-06-21T16:56:43","date_gmt":"2021-06-21T19:56:43","guid":{"rendered":"https:\/\/radiorevelacionfm.cl\/?p=5491"},"modified":"2021-06-21T17:47:16","modified_gmt":"2021-06-21T20:47:16","slug":"prueba-de-transicion-regresa-a-su-fecha-tradicional-y-se-rendira-a-principios-de-diciembre","status":"publish","type":"post","link":"https:\/\/radiorevelacionfm.cl\/?p=5491","title":{"rendered":"Prueba de Transici\u00f3n regresa a su fecha tradicional y se rendir\u00e1 a principios de diciembre"},"content":{"rendered":"<div class=\"flex_column av_one_full  flex_column_div av-zero-column-padding first  avia-builder-el-0  el_before_av_one_full  avia-builder-el-first  \" style='border-radius:0px; '><div  class='avia-image-container  av-styling-    avia-builder-el-1  avia-builder-el-no-sibling  avia-align-center '  itemprop=\"image\" itemscope=\"itemscope\" itemtype=\"https:\/\/schema.org\/ImageObject\"  ><div class='avia-image-container-inner'><div class='avia-image-overlay-wrap'><img decoding=\"async\" class='wp-image-5499 avia-img-lazy-loading-not-5499 avia_image' src=\"https:\/\/radiorevelacionfm.cl\/wp-content\/uploads\/2021\/06\/pdt-p2021v-1-1.jpg\" alt='' title='pdt-p2021v (1) (1)' height=\"586\" width=\"1037\"  itemprop=\"thumbnailUrl\" srcset=\"https:\/\/radiorevelacionfm.cl\/wp-content\/uploads\/2021\/06\/pdt-p2021v-1-1.jpg 1037w, https:\/\/radiorevelacionfm.cl\/wp-content\/uploads\/2021\/06\/pdt-p2021v-1-1-300x170.jpg 300w, https:\/\/radiorevelacionfm.cl\/wp-content\/uploads\/2021\/06\/pdt-p2021v-1-1-1030x582.jpg 1030w, https:\/\/radiorevelacionfm.cl\/wp-content\/uploads\/2021\/06\/pdt-p2021v-1-1-768x434.jpg 768w, https:\/\/radiorevelacionfm.cl\/wp-content\/uploads\/2021\/06\/pdt-p2021v-1-1-705x398.jpg 705w, https:\/\/radiorevelacionfm.cl\/wp-content\/uploads\/2021\/06\/pdt-p2021v-1-1-600x339.jpg 600w\" sizes=\"(max-width: 1037px) 100vw, 1037px\" \/><\/div><\/div><\/div><\/div><div class=\"flex_column av_one_full  flex_column_div av-zero-column-padding first  avia-builder-el-2  el_after_av_one_full  el_before_av_one_full  column-top-margin\" style='border-radius:0px; '><section class=\"av_textblock_section \"  itemscope=\"itemscope\" itemtype=\"https:\/\/schema.org\/BlogPosting\" itemprop=\"blogPost\" ><div class='avia_textblock  '   itemprop=\"text\" ><p style=\"text-align: center;\"><strong><span style=\"font-size: 18pt;\">Prueba de Transici\u00f3n regresa a su fecha tradicional y se rendir\u00e1 a principios de diciembre<\/span><\/strong><\/p>\n<div id=\"gtx-trans\" style=\"position: absolute; left: -50px; top: 4.31534px;\">\n<div class=\"gtx-trans-icon\"><\/div>\n<\/div>\n<\/div><\/section><\/div><\/p>\n<div class=\"flex_column av_one_full  flex_column_div av-zero-column-padding first  avia-builder-el-4  el_after_av_one_full  el_before_av_hr  column-top-margin\" style='border-radius:0px; '><section class=\"av_textblock_section \"  itemscope=\"itemscope\" itemtype=\"https:\/\/schema.org\/BlogPosting\" itemprop=\"blogPost\" ><div class='avia_textblock  '   itemprop=\"text\" ><p class=\"v1MsoNormal\" style=\"text-align: justify;\"><span lang=\"ES\">La Subsecretar\u00eda de Educaci\u00f3n Superior anunci\u00f3 que la Prueba de Transici\u00f3n (PDT) se rendir\u00e1 este a\u00f1o nuevamente en dos grupos diferidos: el 6 y 7\u00a0 y el 9 y 10 de diciembre. Esto, con el fin de garantizar la seguridad de todos quienes participan en el proceso, de acuerdo a las medidas sanitarias establecidas con el Ministerio de Salud. De esta forma se inicia el proceso de admisi\u00f3n a las 45 universidades adscritas al Sistema de Acceso para el a\u00f1o 2022, en el que se contin\u00faan desarrollando y aplicando los cambios anunciados por la Subsecretar\u00eda en marzo de 2020 y que arrojaron prometedores resultados tras su puesta en marcha durante el \u00faltimo proceso de admisi\u00f3n.<\/span><\/p>\n<p class=\"v1MsoNormal\" style=\"text-align: justify;\"><span lang=\"ES\">\u00abLos buenos resultados que vimos en el proceso anterior, principalmente en la disminuci\u00f3n de las brechas, nos confirman que los cambios que hemos introducido van en la direcci\u00f3n correcta, de hacer de esta una prueba m\u00e1s justa. Es por eso que continuaremos en esa l\u00ednea, fortaleciendo el nuevo Sistema de Acceso, que adem\u00e1s este a\u00f1o suma a dos universidades m\u00e1s\u00bb, explic\u00f3 Juan Eduardo Vargas, subsecretario de Educaci\u00f3n Superior. Aclar\u00f3 tambi\u00e9n que con respecto a c\u00f3mo se dividir\u00e1 a los postulantes, se utilizar\u00e1 la misma l\u00f3gica que en el proceso reci\u00e9n pasado -aleatoriamente seg\u00fan el n\u00famero de RUT-, y que las fechas correspondientes para cada inscrito se informar\u00e1n oportunamente.<\/span><\/p>\n<p class=\"v1MsoNormal\" style=\"text-align: justify;\"><span lang=\"ES\">Con respecto al proceso de inscripci\u00f3n para la PDT, este comenzar\u00e1 el martes 22 de junio a las 9:00 horas, en el<\/span><span class=\"v1gmail-normaltextrun\">\u00a0<\/span><a href=\"https:\/\/acceso.mineduc.cl\/portal-inscripcion\/\" target=\"_blank\" rel=\"noopener noreferrer\"><span class=\"v1gmail-normaltextrun\">Portal de Inscripci\u00f3n<\/span><\/a><span class=\"v1gmail-normaltextrun\">\u00a0disponible en\u00a0<\/span><a href=\"https:\/\/acceso.mineduc.cl\/\" target=\"_blank\" rel=\"noopener noreferrer\"><span class=\"v1gmail-normaltextrun\">acceso.mineduc.cl<\/span><\/a><span class=\"v1gmail-normaltextrun\">., y se extender\u00e1 hasta el viernes 23 de julio a las 13:00 horas.<\/span><\/p>\n<p class=\"v1MsoNormal\" style=\"text-align: justify;\"><span class=\"v1eop\">Tal como fue anunciado previamente, esta versi\u00f3n de la PDT considera nuevas modificaciones e<\/span><span lang=\"ES\">n l\u00ednea con las introducidas en la admisi\u00f3n 2021,\u00a0<\/span>incorporando una mayor cantidad de preguntas que se\u00a0enfocan en medir competencias m\u00e1s que conocimientos. De esta manera, en\u00a0<span lang=\"ES\">las pruebas obligatorias de Matem\u00e1tica y de Comprensi\u00f3n Lectora, las preguntas llamadas \u00abdel nuevo tipo\u00bb rep<\/span>resentar\u00e1n un 50% del total de preguntas. Por otra parte, la\u00a0<span lang=\"ES\">prueba electiva de Historia y Ciencias Sociales, reducir\u00e1 su cantidad de preguntas de 80 a 65, mientras que la prueba de Ciencias aumentar\u00e1 las preguntas relacionadas al pensamiento cient\u00edfico, manteniendo constante su total de preguntas.<\/span><\/p>\n<p class=\"v1MsoNormal\" style=\"text-align: justify;\"><span lang=\"ES\">La directora del Departamento de Evaluaci\u00f3n, Medici\u00f3n y Registro Educacional (DEMRE) de la U. de Chile, Leonor Varas, agreg\u00f3 que \u00aben este inicio del Proceso de Admisi\u00f3n 2022, invitamos a las y los postulantes a inscribirse con confianza y a prepararse para la rendici\u00f3n de la PDT concentrados, pero sin estresarse. El Sistema de Acceso y las pruebas siguen progresando. Tenemos mejores pruebas, m\u00e1s justas y pertinentes. Junto a la Subsecretar\u00eda de Educaci\u00f3n Superior, hemos trabajado arduamente en ello, y ahora lo hacemos para que la aplicaci\u00f3n de este a\u00f1o, otra vez en contexto de pandemia, se desarrolle con las medidas sanitarias y de seguridad necesarias, a lo que se suma el material y la informaci\u00f3n que les iremos brindando como ayuda y acompa\u00f1amiento durante los pr\u00f3ximos meses\u00bb.<\/span><\/p>\n<p class=\"v1MsoNormal\" style=\"text-align: justify;\">Por otra parte, la Subsecretar\u00eda confirm\u00f3 que se mantendr\u00e1 el valor de inscripci\u00f3n para la PDT, esto es $32.700, y record\u00f3 que est\u00e1 disponible el beneficio de la beca de inscripci\u00f3n para los estudiantes de la promoci\u00f3n. La informaci\u00f3n sobre los requisitos de dicha beca est\u00e1 disponible en el mismo portal.<\/p>\n<p class=\"v1MsoNormal\" style=\"text-align: justify;\"><b>Portal de acceso: toda la informaci\u00f3n sobre el proceso<\/b><\/p>\n<p class=\"v1MsoNormal\" style=\"text-align: justify;\"><span lang=\"ES\">Desde el a\u00f1o pasado, el portal\u00a0<a href=\"http:\/\/acceso.mineduc.cl\/\" target=\"_blank\" rel=\"noopener noreferrer\">acceso.mineduc.cl<\/a>\u00a0concentra toda la informaci\u00f3n necesaria para que los postulantes puedan postular a la educaci\u00f3n superior t\u00e9cnico profesional y universitaria, la que adem\u00e1s ha sido recientemente actualizada. Para el subsistema universitario, considera la publicaci\u00f3n de la N\u00f3mina Preliminar de Carreras de Postulaci\u00f3n Centralizada, documento que contiene un listado de 1.957 carreras que ser\u00e1n impartidas el pr\u00f3ximo a\u00f1o por las 45 universidades adscritas al Sistema de Acceso, as\u00ed como las pruebas que utilizan dichas carreras para la selecci\u00f3n de postulantes.<\/span><\/p>\n<p class=\"v1MsoNormal\" style=\"text-align: justify;\"><span lang=\"ES\">En esta web tambi\u00e9n se pueden encontrar otros recursos \u00fatiles para la PDT, como los temarios que considera cada prueba, material de preparaci\u00f3n y modelos de pruebas -que ser\u00e1n publicados consecutivamente durante las siguientes semanas-, as\u00ed como apoyo a trav\u00e9s de los preuniversitarios gratuitos. Quienes se inscriban, podr\u00e1n acceder a diferentes herramientas de estudio para enfrentar este proceso y preparar la prueba. Entre ellas se cuentan videos, materiales y recursos educativos de todos los ejes y asignaturas.<\/span><\/p>\n<p class=\"v1MsoNormal\" style=\"text-align: justify;\"><span lang=\"ES\">\u00abEs importante recordar que seguimos en pandemia y que sabemos que para los estudiantes no han sido a\u00f1os f\u00e1ciles. Es por eso que, al igual que en 2020, hemos puesto a disposici\u00f3n de los postulantes la oportunidad de acceder de forma gratuita a dos preuniversitarios online, en los que se pueden inscribir a trav\u00e9s de la web\u00a0<a href=\"http:\/\/aprendoenlinea.mineduc.cl\/\" target=\"_blank\" rel=\"noopener noreferrer\">aprendoenlinea.mineduc.cl<\/a>\u00bb destac\u00f3 el subsecretario Vargas.\u00a0<\/span><\/p>\n<\/div><\/section><\/div>\n<div  style='height:50px' class='hr hr-invisible   avia-builder-el-6  el_after_av_one_full  el_before_av_social_share '><span class='hr-inner ' ><span class='hr-inner-style'><\/span><\/span><\/div>\n<div  class='av-social-sharing-box  avia-builder-el-7  el_after_av_hr  el_before_av_hr  '><div class='av-share-box'><h5 class='av-share-link-description av-no-toc '>Compartir esta noticia<\/h5><ul class='av-share-box-list noLightbox'><li class='av-share-link av-social-link-facebook' ><a target=\"_blank\" aria-label=\"Compartir en Facebook\" href='https:\/\/www.facebook.com\/sharer.php?u=https:\/\/radiorevelacionfm.cl\/?p=5491&#038;t=Prueba%20de%20Transici%C3%B3n%20regresa%20a%20su%20fecha%20tradicional%20y%20se%20rendir%C3%A1%20a%20principios%20de%20diciembre' aria-hidden='false' data-av_icon='\ue8f3' data-av_iconfont='entypo-fontello' title='' data-avia-related-tooltip='Compartir en Facebook' rel=\"noopener\"><span class='avia_hidden_link_text'>Compartir en Facebook<\/span><\/a><\/li><li class='av-share-link av-social-link-twitter' ><a target=\"_blank\" aria-label=\"Compartir en Twitter\" href='https:\/\/twitter.com\/share?text=Prueba%20de%20Transici%C3%B3n%20regresa%20a%20su%20fecha%20tradicional%20y%20se%20rendir%C3%A1%20a%20principios%20de%20diciembre&#038;url=https:\/\/radiorevelacionfm.cl\/?p=5491' aria-hidden='false' data-av_icon='\ue8f1' data-av_iconfont='entypo-fontello' title='' data-avia-related-tooltip='Compartir en Twitter' rel=\"noopener\"><span class='avia_hidden_link_text'>Compartir en Twitter<\/span><\/a><\/li><li class='av-share-link av-social-link-whatsapp' ><a target=\"_blank\" aria-label=\"Compartir en Whatsapp\" href='https:\/\/api.whatsapp.com\/send?text=https:\/\/radiorevelacionfm.cl\/?p=5491' aria-hidden='false' data-av_icon='\uf232' data-av_iconfont='entypo-fontello' title='' data-avia-related-tooltip='Compartir en Whatsapp' rel=\"noopener\"><span class='avia_hidden_link_text'>Compartir en Whatsapp<\/span><\/a><\/li><li class='av-share-link av-social-link-linkedin' ><a target=\"_blank\" aria-label=\"Compartir en LinkedIn\" href='https:\/\/linkedin.com\/shareArticle?mini=true&#038;title=Prueba%20de%20Transici%C3%B3n%20regresa%20a%20su%20fecha%20tradicional%20y%20se%20rendir%C3%A1%20a%20principios%20de%20diciembre&#038;url=https:\/\/radiorevelacionfm.cl\/?p=5491' aria-hidden='false' data-av_icon='\ue8fc' data-av_iconfont='entypo-fontello' title='' data-avia-related-tooltip='Compartir en LinkedIn' rel=\"noopener\"><span class='avia_hidden_link_text'>Compartir en LinkedIn<\/span><\/a><\/li><li class='av-share-link av-social-link-mail' ><a  aria-label=\"Compartir por correo\" href='mailto:?subject=Prueba%20de%20Transici%C3%B3n%20regresa%20a%20su%20fecha%20tradicional%20y%20se%20rendir%C3%A1%20a%20principios%20de%20diciembre&#038;body=https:\/\/radiorevelacionfm.cl\/?p=5491' aria-hidden='false' data-av_icon='\ue805' data-av_iconfont='entypo-fontello' title='' data-avia-related-tooltip='Compartir por correo'><span class='avia_hidden_link_text'>Compartir por correo<\/span><\/a><\/li><\/ul><\/div><\/div>\n<div  style='height:50px' class='hr hr-invisible   avia-builder-el-8  el_after_av_social_share  el_before_av_comments_list '><span class='hr-inner ' ><span class='hr-inner-style'><\/span><\/span><\/div>\n<div  class='av-buildercomment  av-blog-meta-html-info-disabled av-blog-meta-tag-disabled  '><\/div>\n","protected":false},"excerpt":{"rendered":"","protected":false},"author":1,"featured_media":5499,"comment_status":"open","ping_status":"open","sticky":false,"template":"","format":"standard","meta":{"footnotes":""},"categories":[49],"tags":[],"class_list":["post-5491","post","type-post","status-publish","format-standard","has-post-thumbnail","hentry","category-educacion"],"jetpack_featured_media_url":"https:\/\/radiorevelacionfm.cl\/wp-content\/uploads\/2021\/06\/pdt-p2021v-1-1.jpg","_links":{"self":[{"href":"https:\/\/radiorevelacionfm.cl\/index.php?rest_route=\/wp\/v2\/posts\/5491","targetHints":{"allow":["GET"]}}],"collection":[{"href":"https:\/\/radiorevelacionfm.cl\/index.php?rest_route=\/wp\/v2\/posts"}],"about":[{"href":"https:\/\/radiorevelacionfm.cl\/index.php?rest_route=\/wp\/v2\/types\/post"}],"author":[{"embeddable":true,"href":"https:\/\/radiorevelacionfm.cl\/index.php?rest_route=\/wp\/v2\/users\/1"}],"replies":[{"embeddable":true,"href":"https:\/\/radiorevelacionfm.cl\/index.php?rest_route=%2Fwp%2Fv2%2Fcomments&post=5491"}],"version-history":[{"count":5,"href":"https:\/\/radiorevelacionfm.cl\/index.php?rest_route=\/wp\/v2\/posts\/5491\/revisions"}],"predecessor-version":[{"id":5500,"href":"https:\/\/radiorevelacionfm.cl\/index.php?rest_route=\/wp\/v2\/posts\/5491\/revisions\/5500"}],"wp:featuredmedia":[{"embeddable":true,"href":"https:\/\/radiorevelacionfm.cl\/index.php?rest_route=\/wp\/v2\/media\/5499"}],"wp:attachment":[{"href":"https:\/\/radiorevelacionfm.cl\/index.php?rest_route=%2Fwp%2Fv2%2Fmedia&parent=5491"}],"wp:term":[{"taxonomy":"category","embeddable":true,"href":"https:\/\/radiorevelacionfm.cl\/index.php?rest_route=%2Fwp%2Fv2%2Fcategories&post=5491"},{"taxonomy":"post_tag","embeddable":true,"href":"https:\/\/radiorevelacionfm.cl\/index.php?rest_route=%2Fwp%2Fv2%2Ftags&post=5491"}],"curies":[{"name":"wp","href":"https:\/\/api.w.org\/{rel}","templated":true}]}}