{"id":54908,"date":"2025-06-06T12:22:52","date_gmt":"2025-06-06T15:22:52","guid":{"rendered":"https:\/\/radiorevelacionfm.cl\/?p=54908"},"modified":"2025-06-06T12:22:52","modified_gmt":"2025-06-06T15:22:52","slug":"normas-de-intervencion-de-zona-tipica-de-tortel-conservan-anfiteatro-natural-e-identidad-comunitaria","status":"publish","type":"post","link":"https:\/\/radiorevelacionfm.cl\/?p=54908","title":{"rendered":"Normas de Intervenci\u00f3n de Zona T\u00edpica de Tortel conservan anfiteatro natural e identidad comunitaria"},"content":{"rendered":"<div class=\"flex_column av_one_full  flex_column_div av-zero-column-padding first  avia-builder-el-0  el_before_av_one_full  avia-builder-el-first  \" style='border-radius:0px; '><div  class='avia-image-container  av-styling-    avia-builder-el-1  avia-builder-el-no-sibling  avia-align-center '  itemprop=\"image\" itemscope=\"itemscope\" itemtype=\"https:\/\/schema.org\/ImageObject\"  ><div class='avia-image-container-inner'><div class='avia-image-overlay-wrap'><img decoding=\"async\" class='wp-image-54909 avia-img-lazy-loading-not-54909 avia_image' src=\"https:\/\/radiorevelacionfm.cl\/wp-content\/uploads\/2025\/06\/caleta-tortel-1-1_optimized.jpeg\" alt='' title='caleta-tortel-(1)-(1)_optimized' height=\"600\" width=\"1067\"  itemprop=\"thumbnailUrl\" srcset=\"https:\/\/radiorevelacionfm.cl\/wp-content\/uploads\/2025\/06\/caleta-tortel-1-1_optimized.jpeg 1067w, https:\/\/radiorevelacionfm.cl\/wp-content\/uploads\/2025\/06\/caleta-tortel-1-1_optimized-300x169.jpeg 300w, https:\/\/radiorevelacionfm.cl\/wp-content\/uploads\/2025\/06\/caleta-tortel-1-1_optimized-1030x579.jpeg 1030w, https:\/\/radiorevelacionfm.cl\/wp-content\/uploads\/2025\/06\/caleta-tortel-1-1_optimized-768x432.jpeg 768w, https:\/\/radiorevelacionfm.cl\/wp-content\/uploads\/2025\/06\/caleta-tortel-1-1_optimized-705x396.jpeg 705w, https:\/\/radiorevelacionfm.cl\/wp-content\/uploads\/2025\/06\/caleta-tortel-1-1_optimized-450x253.jpeg 450w, https:\/\/radiorevelacionfm.cl\/wp-content\/uploads\/2025\/06\/caleta-tortel-1-1_optimized-600x337.jpeg 600w\" sizes=\"(max-width: 1067px) 100vw, 1067px\" \/><\/div><\/div><\/div><\/div><div class=\"flex_column av_one_full  flex_column_div av-zero-column-padding first  avia-builder-el-2  el_after_av_one_full  el_before_av_one_full  column-top-margin\" style='border-radius:0px; '><section class=\"av_textblock_section \"  itemscope=\"itemscope\" itemtype=\"https:\/\/schema.org\/BlogPosting\" itemprop=\"blogPost\" ><div class='avia_textblock  '   itemprop=\"text\" ><div class=\"v1x_elementToProof\" style=\"text-align: center;\"><span style=\"font-size: 18pt;\"><b>Normas de Intervenci\u00f3n de Zona T\u00edpica de Tortel conservan anfiteatro natural e identidad comunitaria<\/b><\/span><\/div>\n<div id=\"gtx-trans\" style=\"position: absolute; left: -50px; top: 4.31534px;\">\n<div class=\"gtx-trans-icon\"><\/div>\n<\/div>\n<\/div><\/section><\/div><div class=\"flex_column av_one_full  flex_column_div av-zero-column-padding first  avia-builder-el-4  el_after_av_one_full  el_before_av_hr  column-top-margin\" style='border-radius:0px; '><section class=\"av_textblock_section \"  itemscope=\"itemscope\" itemtype=\"https:\/\/schema.org\/BlogPosting\" itemprop=\"blogPost\" ><div class='avia_textblock  '   itemprop=\"text\" ><div class=\"v1x_elementToProof\" style=\"text-align: justify;\">\u00abNuestra directriz se concentra, principalmente, en velar por la conservaci\u00f3n de aquellos elementos distintivos de Tortel y que le hacen \u00fanica\u00bb. De este modo, la arquitecta Mariajaviera Soto Parada sintetiza el trabajo que la Oficina T\u00e9cnica Regional Ays\u00e9n del Consejo de Monumentos Nacionales llev\u00f3 a cabo en la comuna de Tortel para concretar la aprobaci\u00f3n de las Normas de Intervenci\u00f3n de la Zona T\u00edpica de Caleta Tortel.<\/div>\n<div class=\"v1x_elementToProof\" style=\"text-align: justify;\"><\/div>\n<div class=\"v1x_elementToProof\" style=\"text-align: justify;\">El instrumento, creado de modo comunitario, entrega recomendaciones para conservar y modificar los inmuebles y espacios p\u00fablicos en la Zona T\u00edpica de Caleta Tortel. Pero no solo busca proteger los valores patrimoniales, sino tambi\u00e9n el car\u00e1cter ambiental del entorno que habita su comunidad.<\/div>\n<div class=\"v1x_elementToProof\" style=\"text-align: justify;\"><\/div>\n<div class=\"v1x_elementToProof\" style=\"text-align: justify;\">Los vecinos y vecinas de Tortel fueron parte activa del proceso, al igual que la Municipalidad de Tortel. La subsecretaria de Patrimonio Cultural, Carolina P\u00e9rez Dattari, destac\u00f3 el \u00e9xito del trabajo entre diversos actores: \u00abEste tipo de gu\u00edas demuestra c\u00f3mo el trabajo coordinado entre el Consejo de Monumentos Nacionales, los municipios y las y los propietarios permite avanzar en lineamientos claros para intervenir en zonas patrimoniales. Las normas de intervenci\u00f3n no solo entregan certezas a quienes habitan y cuidan estos inmuebles, sino que tambi\u00e9n aportan agilidad a los procesos. Son un anticipo de lo que se busca consolidar con la nueva Ley de los Patrimonios que hoy se discute en el Senado\u00bb.<\/div>\n<div class=\"v1x_elementToProof\" style=\"text-align: justify;\"><\/div>\n<div class=\"v1x_elementToProof\" style=\"text-align: justify;\">La categor\u00eda de Zona T\u00edpica de Caleta Tortel se estableci\u00f3 en 2001 y abarca 80 metros de la ensenada, los embarcaderos, las pasarelas, las casas y la vegetaci\u00f3n del cerro, junto al delta del R\u00edo Baker.<\/div>\n<div class=\"v1x_elementToProof\" style=\"text-align: justify;\"><\/div>\n<div class=\"v1x_elementToProof\" style=\"text-align: justify;\">Para Felipe Quiroz, seremi de la Culturas Ays\u00e9n, se trata de \u00abun enorme paso para que los habitantes de Caleta Tortel preserven la identidad a trav\u00e9s de la conservaci\u00f3n de las caracter\u00edsticas arquitect\u00f3nicas, paisaj\u00edsticas y culturales que hacen de Tortel una Zona T\u00edpica. Adem\u00e1s, permite el cuidado permanente de los espacios patrimoniales, de modo tal que cualquier intervenci\u00f3n se debe ajustar a los lineamientos de reconstrucci\u00f3n y conservaci\u00f3n que ha establecido el Consejo de Monumentos a trav\u00e9s de nuestra Oficina T\u00e9cnica Regional\u00bb.<\/div>\n<div class=\"v1x_elementToProof\" style=\"text-align: justify;\"><\/div>\n<div class=\"v1x_elementToProof\" style=\"text-align: justify;\">La alcaldesa de Caleta Tortel, Marisela Jim\u00e9nez, se\u00f1alo que \u00abla aprobaci\u00f3n de la normativa de intervenci\u00f3n para la Zona T\u00edpica de Caleta Tortel representa un avance significativo en nuestra misi\u00f3n de proteger la esencia de nuestro pueblo, que es reconocido por su arquitectura y paisajes \u00fanicos. Adem\u00e1s, reafirma nuestro compromiso con el desarrollo local, asegurando que las intervenciones en nuestra zona t\u00edpica respeten y potencien nuestro patrimonio cultural y natural.\u00a0 Este logro es fruto del trabajo conjunto entre la comunidad y las autoridades, demostrando que cuando nos unimos, podemos avanzar hacia un futuro que honra nuestra historia y cultura\u00bb.<\/div>\n<div class=\"v1x_elementToProof\" style=\"text-align: justify;\"><\/div>\n<div class=\"v1x_elementToProof\" style=\"text-align: justify;\">Carmen Rojas, vecina de Tortel hace casi 50 a\u00f1os, cuenta que \u00abla poblaci\u00f3n est\u00e1 contenta porque hab\u00edamos tenido problemas para construir; esto sirve para poder seguir con Tortel como est\u00e1, con un desarrollo respetuoso\u00bb.<\/div>\n<div class=\"v1x_elementToProof\" style=\"text-align: justify;\"><\/div>\n<div class=\"v1x_elementToProof\" style=\"text-align: justify;\">La arquitecta Mariajaviera Soto resume, finalmente, la importancia de este avance: \u00abSi tuvi\u00e9ramos que decir qu\u00e9 hace a Tortel \u00fanica, creo que a todos se nos vienen im\u00e1genes supergr\u00e1ficas. Su medio natural predomina sobre lo construido con una belleza esc\u00e9nica abrumadora. Una variedad de ecosistemas como los Campos de Hielo Norte y Sur, sus canales, sus fiordos, el delta del Baker, su bosque nativo, su red de pasarela que recorre todo Tortel de manera org\u00e1nica, respetando la pendiente, construcciones sencillas en madera con la presencia de texturas como el tinglado y la tejuela, las alturas de m\u00e1s de dos pisos, principalmente, que permiten acceder a diversas vistas y, por supuesto, la combinaci\u00f3n de todos estos elementos que contribuyen a crear un lenguaje unitario y coherente. Entonces, con esta premisa el objetivo de las normas de intervenciones es orientar las intervenciones que se realizan al interior de la zona t\u00edpica, pero con el prop\u00f3sito de justamente conservar esos atributos\u00bb.<\/div>\n<\/div><\/section><\/div><div  style='height:50px' class='hr hr-invisible   avia-builder-el-6  el_after_av_one_full  el_before_av_social_share '><span class='hr-inner ' ><span class='hr-inner-style'><\/span><\/span><\/div><\/p>\n<div  class='av-social-sharing-box  avia-builder-el-7  el_after_av_hr  el_before_av_hr  '><div class='av-share-box'><h5 class='av-share-link-description av-no-toc '>Compartir esta noticia<\/h5><ul class='av-share-box-list noLightbox'><li class='av-share-link av-social-link-facebook' ><a target=\"_blank\" aria-label=\"Compartir en Facebook\" href='https:\/\/www.facebook.com\/sharer.php?u=https:\/\/radiorevelacionfm.cl\/?p=54908&#038;t=Normas%20de%20Intervenci%C3%B3n%20de%20Zona%20T%C3%ADpica%20de%20Tortel%20conservan%20anfiteatro%20natural%20e%20identidad%20comunitaria' aria-hidden='false' data-av_icon='\ue8f3' data-av_iconfont='entypo-fontello' title='' data-avia-related-tooltip='Compartir en Facebook' rel=\"noopener\"><span class='avia_hidden_link_text'>Compartir en Facebook<\/span><\/a><\/li><li class='av-share-link av-social-link-twitter' ><a target=\"_blank\" aria-label=\"Compartir en Twitter\" href='https:\/\/twitter.com\/share?text=Normas%20de%20Intervenci%C3%B3n%20de%20Zona%20T%C3%ADpica%20de%20Tortel%20conservan%20anfiteatro%20natural%20e%20identidad%20comunitaria&#038;url=https:\/\/radiorevelacionfm.cl\/?p=54908' aria-hidden='false' data-av_icon='\ue8f1' data-av_iconfont='entypo-fontello' title='' data-avia-related-tooltip='Compartir en Twitter' rel=\"noopener\"><span class='avia_hidden_link_text'>Compartir en Twitter<\/span><\/a><\/li><li class='av-share-link av-social-link-whatsapp' ><a target=\"_blank\" aria-label=\"Compartir en Whatsapp\" href='https:\/\/api.whatsapp.com\/send?text=https:\/\/radiorevelacionfm.cl\/?p=54908' aria-hidden='false' data-av_icon='\uf232' data-av_iconfont='entypo-fontello' title='' data-avia-related-tooltip='Compartir en Whatsapp' rel=\"noopener\"><span class='avia_hidden_link_text'>Compartir en Whatsapp<\/span><\/a><\/li><li class='av-share-link av-social-link-linkedin' ><a target=\"_blank\" aria-label=\"Compartir en LinkedIn\" href='https:\/\/linkedin.com\/shareArticle?mini=true&#038;title=Normas%20de%20Intervenci%C3%B3n%20de%20Zona%20T%C3%ADpica%20de%20Tortel%20conservan%20anfiteatro%20natural%20e%20identidad%20comunitaria&#038;url=https:\/\/radiorevelacionfm.cl\/?p=54908' aria-hidden='false' data-av_icon='\ue8fc' data-av_iconfont='entypo-fontello' title='' data-avia-related-tooltip='Compartir en LinkedIn' rel=\"noopener\"><span class='avia_hidden_link_text'>Compartir en LinkedIn<\/span><\/a><\/li><li class='av-share-link av-social-link-mail' ><a  aria-label=\"Compartir por correo\" href='mailto:?subject=Normas%20de%20Intervenci%C3%B3n%20de%20Zona%20T%C3%ADpica%20de%20Tortel%20conservan%20anfiteatro%20natural%20e%20identidad%20comunitaria&#038;body=https:\/\/radiorevelacionfm.cl\/?p=54908' aria-hidden='false' data-av_icon='\ue805' data-av_iconfont='entypo-fontello' title='' data-avia-related-tooltip='Compartir por correo'><span class='avia_hidden_link_text'>Compartir por correo<\/span><\/a><\/li><\/ul><\/div><\/div>\n<div  style='height:50px' class='hr hr-invisible   avia-builder-el-8  el_after_av_social_share  el_before_av_comments_list '><span class='hr-inner ' ><span class='hr-inner-style'><\/span><\/span><\/div>\n<div  class='av-buildercomment  av-blog-meta-html-info-disabled av-blog-meta-tag-disabled  '><\/div>\n","protected":false},"excerpt":{"rendered":"","protected":false},"author":1,"featured_media":54909,"comment_status":"closed","ping_status":"closed","sticky":false,"template":"","format":"standard","meta":{"footnotes":""},"categories":[39],"tags":[],"class_list":["post-54908","post","type-post","status-publish","format-standard","has-post-thumbnail","hentry","category-medio-ambiente"],"jetpack_featured_media_url":"https:\/\/radiorevelacionfm.cl\/wp-content\/uploads\/2025\/06\/caleta-tortel-1-1_optimized.jpeg","_links":{"self":[{"href":"https:\/\/radiorevelacionfm.cl\/index.php?rest_route=\/wp\/v2\/posts\/54908","targetHints":{"allow":["GET"]}}],"collection":[{"href":"https:\/\/radiorevelacionfm.cl\/index.php?rest_route=\/wp\/v2\/posts"}],"about":[{"href":"https:\/\/radiorevelacionfm.cl\/index.php?rest_route=\/wp\/v2\/types\/post"}],"author":[{"embeddable":true,"href":"https:\/\/radiorevelacionfm.cl\/index.php?rest_route=\/wp\/v2\/users\/1"}],"replies":[{"embeddable":true,"href":"https:\/\/radiorevelacionfm.cl\/index.php?rest_route=%2Fwp%2Fv2%2Fcomments&post=54908"}],"version-history":[{"count":2,"href":"https:\/\/radiorevelacionfm.cl\/index.php?rest_route=\/wp\/v2\/posts\/54908\/revisions"}],"predecessor-version":[{"id":54923,"href":"https:\/\/radiorevelacionfm.cl\/index.php?rest_route=\/wp\/v2\/posts\/54908\/revisions\/54923"}],"wp:featuredmedia":[{"embeddable":true,"href":"https:\/\/radiorevelacionfm.cl\/index.php?rest_route=\/wp\/v2\/media\/54909"}],"wp:attachment":[{"href":"https:\/\/radiorevelacionfm.cl\/index.php?rest_route=%2Fwp%2Fv2%2Fmedia&parent=54908"}],"wp:term":[{"taxonomy":"category","embeddable":true,"href":"https:\/\/radiorevelacionfm.cl\/index.php?rest_route=%2Fwp%2Fv2%2Fcategories&post=54908"},{"taxonomy":"post_tag","embeddable":true,"href":"https:\/\/radiorevelacionfm.cl\/index.php?rest_route=%2Fwp%2Fv2%2Ftags&post=54908"}],"curies":[{"name":"wp","href":"https:\/\/api.w.org\/{rel}","templated":true}]}}