{"id":54905,"date":"2025-06-05T19:45:39","date_gmt":"2025-06-05T22:45:39","guid":{"rendered":"https:\/\/radiorevelacionfm.cl\/?p=54905"},"modified":"2025-06-05T19:45:39","modified_gmt":"2025-06-05T22:45:39","slug":"carabineros-de-la-seccion-aerea-coyhaique-colabora-en-traslado-de-lesionado-tras-colision-de-alta-energia-en-ruta-ch-240","status":"publish","type":"post","link":"https:\/\/radiorevelacionfm.cl\/?p=54905","title":{"rendered":"Carabineros de la Secci\u00f3n A\u00e9rea Coyhaique colabora en traslado de lesionado tras colisi\u00f3n de alta energ\u00eda en ruta CH-240"},"content":{"rendered":"<div class=\"flex_column av_one_full  flex_column_div av-zero-column-padding first  avia-builder-el-0  el_before_av_one_full  avia-builder-el-first  \" style='border-radius:0px; '><div  class='avia-image-container  av-styling-    avia-builder-el-1  avia-builder-el-no-sibling  avia-align-center '  itemprop=\"image\" itemscope=\"itemscope\" itemtype=\"https:\/\/schema.org\/ImageObject\"  ><div class='avia-image-container-inner'><div class='avia-image-overlay-wrap'><img decoding=\"async\" class='wp-image-54906 avia-img-lazy-loading-not-54906 avia_image' src=\"https:\/\/radiorevelacionfm.cl\/wp-content\/uploads\/2025\/06\/Sin-titulo-19-1-1.jpg\" alt='' title='Sin t\u00edtulo-19 (1) (1)' height=\"600\" width=\"1058\"  itemprop=\"thumbnailUrl\" srcset=\"https:\/\/radiorevelacionfm.cl\/wp-content\/uploads\/2025\/06\/Sin-titulo-19-1-1.jpg 1058w, https:\/\/radiorevelacionfm.cl\/wp-content\/uploads\/2025\/06\/Sin-titulo-19-1-1-300x170.jpg 300w, https:\/\/radiorevelacionfm.cl\/wp-content\/uploads\/2025\/06\/Sin-titulo-19-1-1-1030x584.jpg 1030w, https:\/\/radiorevelacionfm.cl\/wp-content\/uploads\/2025\/06\/Sin-titulo-19-1-1-768x436.jpg 768w, https:\/\/radiorevelacionfm.cl\/wp-content\/uploads\/2025\/06\/Sin-titulo-19-1-1-705x400.jpg 705w, https:\/\/radiorevelacionfm.cl\/wp-content\/uploads\/2025\/06\/Sin-titulo-19-1-1-450x255.jpg 450w, https:\/\/radiorevelacionfm.cl\/wp-content\/uploads\/2025\/06\/Sin-titulo-19-1-1-600x340.jpg 600w\" sizes=\"(max-width: 1058px) 100vw, 1058px\" \/><\/div><\/div><\/div><\/div><div class=\"flex_column av_one_full  flex_column_div av-zero-column-padding first  avia-builder-el-2  el_after_av_one_full  el_before_av_one_full  column-top-margin\" style='border-radius:0px; '><section class=\"av_textblock_section \"  itemscope=\"itemscope\" itemtype=\"https:\/\/schema.org\/BlogPosting\" itemprop=\"blogPost\" ><div class='avia_textblock  '   itemprop=\"text\" ><p style=\"text-align: center;\"><strong><span style=\"font-size: 18pt;\">Carabineros de la Secci\u00f3n A\u00e9rea Coyhaique colabora en traslado de lesionado tras colisi\u00f3n de alta energ\u00eda en ruta CH-240<\/span><\/strong><\/p>\n<div id=\"gtx-trans\" style=\"position: absolute; left: -50px; top: 4.31534px;\">\n<div class=\"gtx-trans-icon\"><\/div>\n<\/div>\n<\/div><\/section><\/div><div class=\"flex_column av_one_full  flex_column_div av-zero-column-padding first  avia-builder-el-4  el_after_av_one_full  el_before_av_hr  column-top-margin\" style='border-radius:0px; '><section class=\"av_textblock_section \"  itemscope=\"itemscope\" itemtype=\"https:\/\/schema.org\/BlogPosting\" itemprop=\"blogPost\" ><div class='avia_textblock  '   itemprop=\"text\" ><p dir=\"ltr\" style=\"text-align: justify;\">\u00a0Tras lamentable accidente de tr\u00e1nsito entre un bus de pasajeros y un cami\u00f3n de alto tonelaje ocurrido en la ruta CH-240 a la altura del sector Los Torreones, Carabineros Ays\u00e9n a trav\u00e9s de la Secci\u00f3n A\u00e9rea se traslad\u00f3 en forma inmediata al lugar prestando colaboraci\u00f3n en la evacuaci\u00f3n y traslado de una persona que result\u00f3 grave tras la colisi\u00f3n de alta energ\u00eda que dej\u00f3 un saldo de una persona fallecida y m\u00e1s de una veintena de personas lesionadas, cuatro de ellos de gravedad.<\/p>\n<p dir=\"ltr\" style=\"text-align: justify;\">\u00a0\u00a0\u00a0La ocurrencia de este siniestro vial motiv\u00f3 la activaci\u00f3n del ABC de la emergencia, concurriendo unidades de Coyhaique y Puerto Ays\u00e9n al lugar, priorizando la atenci\u00f3n y estabilizaci\u00f3n de aquellas personas que presentaban mayor riesgo, siendo derivadas a los centros de salud, seg\u00fan la complejidad de cada caso, sector al que igualmente se traslad\u00f3 el Fiscal Jefe de Puerto Ays\u00e9n Pedro Poblete Viejo y el Servicio M\u00e9dico Legal.<\/p>\n<p dir=\"ltr\" style=\"text-align: justify;\">\u00a0\u00a0\u00a0El Jefe de la Secci\u00f3n A\u00e9rea de Carabineros Ays\u00e9n, Teniente Coronel Gerardo Gonz\u00e1lez L\u00f3pez, indic\u00f3 que pasado el mediod\u00eda, la Instituci\u00f3n recibi\u00f3 un requerimiento por parte del Samu de la regi\u00f3n de Ays\u00e9n con la finalidad de apoyar el traslado de personas lesionadas para una oportuna atenci\u00f3n especializada dada su gravedad.<\/p>\n<p dir=\"ltr\" style=\"text-align: justify;\">\u00a0\u00a0\u00a0\u00abActivamos el helic\u00f3ptero con que cuenta la Secci\u00f3n A\u00e9rea en Coyhaique y en diez minutos logramos salir y evacuar a una de las personas que lamentablemente se encuentra bastante grave para que le presten las primeras atenciones en el hospital\u00bb, indic\u00f3.<\/p>\n<p dir=\"ltr\" style=\"text-align: justify;\">\u00a0\u00a0\u00a0Tras arribar al lugar, la aeronave se pos\u00f3 al interior de un predio logrando junto al personal de salud embarcar al paciente siendo trasladado hasta el helipuerto del hospital regional de Coyhaique donde esperaba un equipo m\u00e9dico, siendo ingresado al recinto de salud para la toma de ex\u00e1menes y atenci\u00f3n m\u00e9dica de urgencia, en tanto que otros lesionados arribaron en ambulancia al centro asistencial.<\/p>\n<p dir=\"ltr\" style=\"text-align: justify;\">\u00a0\u00a0\u00a0Por instrucci\u00f3n de la Fiscal\u00eda se traslad\u00f3 al lugar la Secci\u00f3n Investigadora de Accidentes de Tr\u00e1nsito (SIAT) con la finalidad de efectuar peritajes de su especialidad y establecer la causalidad de esta emergencia.<\/p>\n<\/div><\/section><\/div><div  style='height:50px' class='hr hr-invisible   avia-builder-el-6  el_after_av_one_full  el_before_av_social_share '><span class='hr-inner ' ><span class='hr-inner-style'><\/span><\/span><\/div><\/p>\n<div  class='av-social-sharing-box  avia-builder-el-7  el_after_av_hr  el_before_av_hr  '><div class='av-share-box'><h5 class='av-share-link-description av-no-toc '>Compartir esta noticia<\/h5><ul class='av-share-box-list noLightbox'><li class='av-share-link av-social-link-facebook' ><a target=\"_blank\" aria-label=\"Compartir en Facebook\" href='https:\/\/www.facebook.com\/sharer.php?u=https:\/\/radiorevelacionfm.cl\/?p=54905&#038;t=Carabineros%20de%20la%20Secci%C3%B3n%20A%C3%A9rea%20Coyhaique%20colabora%20en%20traslado%20de%20lesionado%20tras%20colisi%C3%B3n%20de%20alta%20energ%C3%ADa%20en%20ruta%20CH-240' aria-hidden='false' data-av_icon='\ue8f3' data-av_iconfont='entypo-fontello' title='' data-avia-related-tooltip='Compartir en Facebook' rel=\"noopener\"><span class='avia_hidden_link_text'>Compartir en Facebook<\/span><\/a><\/li><li class='av-share-link av-social-link-twitter' ><a target=\"_blank\" aria-label=\"Compartir en Twitter\" href='https:\/\/twitter.com\/share?text=Carabineros%20de%20la%20Secci%C3%B3n%20A%C3%A9rea%20Coyhaique%20colabora%20en%20traslado%20de%20lesionado%20tras%20colisi%C3%B3n%20de%20alta%20energ%C3%ADa%20en%20ruta%20CH-240&#038;url=https:\/\/radiorevelacionfm.cl\/?p=54905' aria-hidden='false' data-av_icon='\ue8f1' data-av_iconfont='entypo-fontello' title='' data-avia-related-tooltip='Compartir en Twitter' rel=\"noopener\"><span class='avia_hidden_link_text'>Compartir en Twitter<\/span><\/a><\/li><li class='av-share-link av-social-link-whatsapp' ><a target=\"_blank\" aria-label=\"Compartir en Whatsapp\" href='https:\/\/api.whatsapp.com\/send?text=https:\/\/radiorevelacionfm.cl\/?p=54905' aria-hidden='false' data-av_icon='\uf232' data-av_iconfont='entypo-fontello' title='' data-avia-related-tooltip='Compartir en Whatsapp' rel=\"noopener\"><span class='avia_hidden_link_text'>Compartir en Whatsapp<\/span><\/a><\/li><li class='av-share-link av-social-link-linkedin' ><a target=\"_blank\" aria-label=\"Compartir en LinkedIn\" href='https:\/\/linkedin.com\/shareArticle?mini=true&#038;title=Carabineros%20de%20la%20Secci%C3%B3n%20A%C3%A9rea%20Coyhaique%20colabora%20en%20traslado%20de%20lesionado%20tras%20colisi%C3%B3n%20de%20alta%20energ%C3%ADa%20en%20ruta%20CH-240&#038;url=https:\/\/radiorevelacionfm.cl\/?p=54905' aria-hidden='false' data-av_icon='\ue8fc' data-av_iconfont='entypo-fontello' title='' data-avia-related-tooltip='Compartir en LinkedIn' rel=\"noopener\"><span class='avia_hidden_link_text'>Compartir en LinkedIn<\/span><\/a><\/li><li class='av-share-link av-social-link-mail' ><a  aria-label=\"Compartir por correo\" href='mailto:?subject=Carabineros%20de%20la%20Secci%C3%B3n%20A%C3%A9rea%20Coyhaique%20colabora%20en%20traslado%20de%20lesionado%20tras%20colisi%C3%B3n%20de%20alta%20energ%C3%ADa%20en%20ruta%20CH-240&#038;body=https:\/\/radiorevelacionfm.cl\/?p=54905' aria-hidden='false' data-av_icon='\ue805' data-av_iconfont='entypo-fontello' title='' data-avia-related-tooltip='Compartir por correo'><span class='avia_hidden_link_text'>Compartir por correo<\/span><\/a><\/li><\/ul><\/div><\/div>\n<div  style='height:50px' class='hr hr-invisible   avia-builder-el-8  el_after_av_social_share  el_before_av_comments_list '><span class='hr-inner ' ><span class='hr-inner-style'><\/span><\/span><\/div>\n<div  class='av-buildercomment  av-blog-meta-html-info-disabled av-blog-meta-tag-disabled  '><\/div>\n","protected":false},"excerpt":{"rendered":"","protected":false},"author":1,"featured_media":54906,"comment_status":"closed","ping_status":"closed","sticky":false,"template":"","format":"standard","meta":{"footnotes":""},"categories":[36],"tags":[],"class_list":["post-54905","post","type-post","status-publish","format-standard","has-post-thumbnail","hentry","category-policial"],"jetpack_featured_media_url":"https:\/\/radiorevelacionfm.cl\/wp-content\/uploads\/2025\/06\/Sin-titulo-19-1-1.jpg","_links":{"self":[{"href":"https:\/\/radiorevelacionfm.cl\/index.php?rest_route=\/wp\/v2\/posts\/54905","targetHints":{"allow":["GET"]}}],"collection":[{"href":"https:\/\/radiorevelacionfm.cl\/index.php?rest_route=\/wp\/v2\/posts"}],"about":[{"href":"https:\/\/radiorevelacionfm.cl\/index.php?rest_route=\/wp\/v2\/types\/post"}],"author":[{"embeddable":true,"href":"https:\/\/radiorevelacionfm.cl\/index.php?rest_route=\/wp\/v2\/users\/1"}],"replies":[{"embeddable":true,"href":"https:\/\/radiorevelacionfm.cl\/index.php?rest_route=%2Fwp%2Fv2%2Fcomments&post=54905"}],"version-history":[{"count":2,"href":"https:\/\/radiorevelacionfm.cl\/index.php?rest_route=\/wp\/v2\/posts\/54905\/revisions"}],"predecessor-version":[{"id":54911,"href":"https:\/\/radiorevelacionfm.cl\/index.php?rest_route=\/wp\/v2\/posts\/54905\/revisions\/54911"}],"wp:featuredmedia":[{"embeddable":true,"href":"https:\/\/radiorevelacionfm.cl\/index.php?rest_route=\/wp\/v2\/media\/54906"}],"wp:attachment":[{"href":"https:\/\/radiorevelacionfm.cl\/index.php?rest_route=%2Fwp%2Fv2%2Fmedia&parent=54905"}],"wp:term":[{"taxonomy":"category","embeddable":true,"href":"https:\/\/radiorevelacionfm.cl\/index.php?rest_route=%2Fwp%2Fv2%2Fcategories&post=54905"},{"taxonomy":"post_tag","embeddable":true,"href":"https:\/\/radiorevelacionfm.cl\/index.php?rest_route=%2Fwp%2Fv2%2Ftags&post=54905"}],"curies":[{"name":"wp","href":"https:\/\/api.w.org\/{rel}","templated":true}]}}