{"id":54901,"date":"2025-06-05T19:28:45","date_gmt":"2025-06-05T22:28:45","guid":{"rendered":"https:\/\/radiorevelacionfm.cl\/?p=54901"},"modified":"2025-06-05T19:28:45","modified_gmt":"2025-06-05T22:28:45","slug":"fiscalia-y-pdi-investigan-caso-de-explotacion-sexual-infantil-y-microtrafico-de-estupefacientes","status":"publish","type":"post","link":"https:\/\/radiorevelacionfm.cl\/?p=54901","title":{"rendered":"Fiscal\u00eda y PDI investigan caso de explotaci\u00f3n sexual infantil y microtr\u00e1fico de estupefacientes"},"content":{"rendered":"<div class=\"flex_column av_one_full  flex_column_div av-zero-column-padding first  avia-builder-el-0  el_before_av_one_full  avia-builder-el-first  \" style='border-radius:0px; '><div  class='avia-image-container  av-styling-    avia-builder-el-1  avia-builder-el-no-sibling  avia-align-center '  itemprop=\"image\" itemscope=\"itemscope\" itemtype=\"https:\/\/schema.org\/ImageObject\"  ><div class='avia-image-container-inner'><div class='avia-image-overlay-wrap'><img decoding=\"async\" class='wp-image-54902 avia-img-lazy-loading-not-54902 avia_image' src=\"https:\/\/radiorevelacionfm.cl\/wp-content\/uploads\/2025\/06\/img_5556-1_optimized.jpg\" alt='' title='img_5556-(1)_optimized' height=\"600\" width=\"1067\"  itemprop=\"thumbnailUrl\" srcset=\"https:\/\/radiorevelacionfm.cl\/wp-content\/uploads\/2025\/06\/img_5556-1_optimized.jpg 1067w, https:\/\/radiorevelacionfm.cl\/wp-content\/uploads\/2025\/06\/img_5556-1_optimized-300x169.jpg 300w, https:\/\/radiorevelacionfm.cl\/wp-content\/uploads\/2025\/06\/img_5556-1_optimized-1030x579.jpg 1030w, https:\/\/radiorevelacionfm.cl\/wp-content\/uploads\/2025\/06\/img_5556-1_optimized-768x432.jpg 768w, https:\/\/radiorevelacionfm.cl\/wp-content\/uploads\/2025\/06\/img_5556-1_optimized-705x396.jpg 705w, https:\/\/radiorevelacionfm.cl\/wp-content\/uploads\/2025\/06\/img_5556-1_optimized-450x253.jpg 450w, https:\/\/radiorevelacionfm.cl\/wp-content\/uploads\/2025\/06\/img_5556-1_optimized-600x337.jpg 600w\" sizes=\"(max-width: 1067px) 100vw, 1067px\" \/><\/div><\/div><\/div><\/div><div class=\"flex_column av_one_full  flex_column_div av-zero-column-padding first  avia-builder-el-2  el_after_av_one_full  el_before_av_one_full  column-top-margin\" style='border-radius:0px; '><section class=\"av_textblock_section \"  itemscope=\"itemscope\" itemtype=\"https:\/\/schema.org\/BlogPosting\" itemprop=\"blogPost\" ><div class='avia_textblock  '   itemprop=\"text\" ><p style=\"text-align: center;\"><span style=\"font-size: 18pt;\"><strong>Fiscal\u00eda y PDI investigan caso de explotaci\u00f3n sexual infantil y microtr\u00e1fico de estupefacientes<\/strong><\/span><\/p>\n<div id=\"gtx-trans\" style=\"position: absolute; left: -50px; top: 4.31534px;\">\n<div class=\"gtx-trans-icon\"><\/div>\n<\/div>\n<\/div><\/section><\/div><div class=\"flex_column av_one_full  flex_column_div av-zero-column-padding first  avia-builder-el-4  el_after_av_one_full  el_before_av_hr  column-top-margin\" style='border-radius:0px; '><section class=\"av_textblock_section \"  itemscope=\"itemscope\" itemtype=\"https:\/\/schema.org\/BlogPosting\" itemprop=\"blogPost\" ><div class='avia_textblock  '   itemprop=\"text\" ><p style=\"text-align: justify;\"><em>En esta investigaci\u00f3n en particular, precis\u00f3 el fiscal jefe (s) de Coyhaique, Luis Contreras, \u201cel uso o consumo de estupefacientes estaba destinado como una especie de pago a las personas que vendr\u00edan siendo v\u00edctimas de estas conductas\u201d. <\/em><\/p>\n<p style=\"text-align: justify;\">Un caso de explotaci\u00f3n sexual infantil y microtr\u00e1fico de estupefacientes fue detectado en Coyhaique, luego de diversas diligencias investigativas efectuadas por la Brigada Investigadora de Delitos Sexuales y la Brigada Antinarc\u00f3ticos y Contra el Crimen Organizado, donde la Fiscal\u00eda ha logrado formalizar -hasta ahora- a 3 imputados, dos mujeres y un hombre por su participaci\u00f3n en los delitos.\u00a0 As\u00ed lo confirmaron el Fiscal Jefe (s) de Coyhaique, Luis Contreras Alfaro y el jefe de la Brigada Investigadora de Delitos Sexuales (BRISEX) Coyhaique, comisario Fernando \u00c1lvarez Jeldes en di\u00e1logo con medios de comunicaci\u00f3n.<\/p>\n<p style=\"text-align: justify;\">Los involucrados corresponden a un hombre de 27 a\u00f1os, quien efectuaba labores de transporte informal de pasajeros y el cual fue formalizado por explotaci\u00f3n sexual infantil y microtr\u00e1fico de estupefacientes. A lo anterior, se a\u00f1ade su pareja de 39 a\u00f1os quien fue formalizada por microtr\u00e1fico de drogas y una segunda mujer de 25 a\u00f1os, quien fue formalizada por el delito de explotaci\u00f3n sexual infantil.<\/p>\n<p style=\"text-align: justify;\">El imputado de 27 a\u00f1os fue puesto en prisi\u00f3n preventiva, su pareja qued\u00f3 sometida a las medidas cautelares de firma mensual y arraigo nacional, es decir debe firmar mensualmente en la Fiscal\u00eda y no puede salir del pa\u00eds y la segunda mujer involucrada, de 25 a\u00f1os, fue tambi\u00e9n puesta en prisi\u00f3n preventiva en el Centro Penitenciario de Coyhaique mientras se desarrolla la investigaci\u00f3n, cuyo plazo fue fijado en 100 d\u00edas por el Juzgado de Garant\u00eda de Coyhaique.<\/p>\n<p style=\"text-align: justify;\">DILIGENCIAS<\/p>\n<p style=\"text-align: justify;\">Sobre esta investigaci\u00f3n, el fiscal jefe (s) de Coyhaique, Luis Contreras Alfaro, dijo que \u201cno es de com\u00fan ocurrencia en esta ciudad. Es uno de los primeros casos que tenemos con personas detenidas y formalizadas por explotaci\u00f3n sexual infantil, caso que se vincula tambi\u00e9n a microtr\u00e1fico de estupefacientes\u201d.<\/p>\n<p style=\"text-align: justify;\">El persecutor penal agreg\u00f3 que, en este caso, \u201cse desarrollaron una serie de diligencias, se mantuvo la investigaci\u00f3n durante varios meses hasta que finalmente se logr\u00f3 la detenci\u00f3n en flagrancia de una persona por el delito de microtr\u00e1fico y acto seguido se pidieron las \u00f3rdenes de detenci\u00f3n respectivas respecto de la persona vinculada a la explotaci\u00f3n sexual de ni\u00f1os, ni\u00f1as y adolescentes\u201d.<\/p>\n<p style=\"text-align: justify;\">En esta investigaci\u00f3n en particular, precis\u00f3 Contreras, \u201cel uso o consumo de estupefacientes estaba destinado como una especie de pago a las personas que vendr\u00edan siendo v\u00edctimas de estas conductas\u201d.<\/p>\n<p style=\"text-align: justify;\">AN\u00c1LISIS CRIMINAL<\/p>\n<p style=\"text-align: justify;\">Sobre esta investigaci\u00f3n que responde a un proceso investigativo multidisciplinario y de coordinaci\u00f3n interinstitucional e interagencial, el jefe de la Brigada Investigadora de Delitos Sexuales (BRISEX) Coyhaique, comisario Fernando \u00c1lvarez Jeldes, confirm\u00f3 que \u201cesto parte a ra\u00edz de una develaci\u00f3n a principios de este a\u00f1o, se est\u00e1 trabajando de manera colaborativa entre la Fiscal\u00eda, la Brigada Antinarc\u00f3ticos y Contra el Crimen Organizado y la Brigada Investigadora de Delitos Sexuales de la Polic\u00eda de Investigaciones\u201d.<\/p>\n<p style=\"text-align: justify;\">El oficial policial se\u00f1al\u00f3 que gracias al cruce de informaci\u00f3n y al an\u00e1lisis criminal, \u201cambos casos convergen en dos imputados en com\u00fan, donde se materializa la detenci\u00f3n de dos sujetos por su participaci\u00f3n directa en el delito de Explotaci\u00f3n Sexual de Menores\u201d.<\/p>\n<p style=\"text-align: justify;\">En cuanto a las diligencias investigativas que contin\u00faan en curso, el comisario \u00c1lvarez indic\u00f3 que \u201cestamos en una etapa crucial de la investigaci\u00f3n, entendiendo que ambos imputados se encuentran en prisi\u00f3n preventiva, estamos en una instancia de realizar an\u00e1lisis de informaci\u00f3n, revisi\u00f3n de elementos tecnol\u00f3gicos, incluso informaci\u00f3n para ver si nos puede llevar a otras v\u00edctimas u otros posibles imputados\u201d, recalcando que \u201csigue el proceso investigativo y, a ra\u00edz del an\u00e1lisis de lo que estamos haciendo, vamos a poder establecer la cantidad de cu\u00e1ntas v\u00edctimas y de cu\u00e1ntos imputados van a ser part\u00edcipes de esta investigaci\u00f3n\u201d.<\/p>\n<p style=\"text-align: justify;\">Adem\u00e1s, el oficial policial confirm\u00f3 que se est\u00e1n investigando m\u00e1s causas asociadas al mismo delito, a ra\u00edz de esta investigaci\u00f3n coordinada con el Ministerio P\u00fablico.<\/p>\n<p style=\"text-align: justify;\">FEN\u00d3MENO<\/p>\n<p style=\"text-align: justify;\">El fiscal Luis Contreras reflexion\u00f3 en torno a los diversos factores que se entremezclan en la explotaci\u00f3n sexual infantil. \u201cLo importante es tener en cuenta que en el fen\u00f3meno de la explotaci\u00f3n sexual infantil siempre se entremezclan situaciones de pobreza, de vulnerabilidad, de situaciones de negligencias parentales, cosas que est\u00e1n siempre en conjunto con situaciones como el tr\u00e1fico de drogas, consumo de drogas y adem\u00e1s el hecho de que los adolescentes normalmente se ven obnubilados por la existencia de tel\u00e9fonos celulares u otro tipo de recompensas frente a acciones que, en principio, por su edad, puede que no contemplen o no consideren como riesgosos. Sin embargo, efectivamente, todas esas conductas actualmente est\u00e1n sancionadas por la ley y hay que perseguirlas\u201d.<\/p>\n<p style=\"text-align: justify;\">Por lo anterior, llam\u00f3 a que las instituciones deben tener siempre \u201clos ojos abiertos frente a este tipo de situaciones que no son de com\u00fan ocurrencia, que puede que est\u00e9n soterradas dentro de esta sociedad, pero que efectivamente existen y se ha logrado en esta investigaci\u00f3n un buen resultado\u201d.<\/p>\n<p style=\"text-align: justify;\">Contreras recalc\u00f3 que, en indagatorias como esta, \u201cnunca se descarta la posibilidad de encontrar, ya sea m\u00e1s v\u00edctimas o m\u00e1s personas involucradas como autores\u201d.<\/p>\n<p style=\"text-align: justify;\">APOYO DE INSTITUCIONES<\/p>\n<p style=\"text-align: justify;\">En este caso se ha contado con el apoyo del Servicio de Protecci\u00f3n Especializada de la Ni\u00f1ez y la Adolescencia y el Programa Mi Abogado. Para la Fiscal\u00eda Regional de Ays\u00e9n, fortalecer la labor de coordinaci\u00f3n entre los organismos auxiliares de justicia y las instituciones que intervienen en la protecci\u00f3n de ni\u00f1as, ni\u00f1os y adolescentes que son v\u00edctimas de delitos de explotaci\u00f3n sexual es fundamental, atendida la naturaleza del fen\u00f3meno.<\/p>\n<p style=\"text-align: justify;\">Las diligencias investigativas de la Fiscal\u00eda y la PDI en este caso, que incluye diversas aristas, contin\u00faan en marcha. Asimismo, la Unidad de Atenci\u00f3n a V\u00edctimas y Testigos de la Fiscal\u00eda Regional tambi\u00e9n ha prestado colaboraci\u00f3n en esta causa a fin de brindar protecci\u00f3n a v\u00edctimas, adem\u00e1s de orientaci\u00f3n y apoyo.<\/p>\n<\/div><\/section><\/div><div  style='height:50px' class='hr hr-invisible   avia-builder-el-6  el_after_av_one_full  el_before_av_social_share '><span class='hr-inner ' ><span class='hr-inner-style'><\/span><\/span><\/div><\/p>\n<div  class='av-social-sharing-box  avia-builder-el-7  el_after_av_hr  el_before_av_hr  '><div class='av-share-box'><h5 class='av-share-link-description av-no-toc '>Compartir esta noticia<\/h5><ul class='av-share-box-list noLightbox'><li class='av-share-link av-social-link-facebook' ><a target=\"_blank\" aria-label=\"Compartir en Facebook\" href='https:\/\/www.facebook.com\/sharer.php?u=https:\/\/radiorevelacionfm.cl\/?p=54901&#038;t=Fiscal%C3%ADa%20y%20PDI%20investigan%20caso%20de%20explotaci%C3%B3n%20sexual%20infantil%20y%20microtr%C3%A1fico%20de%20estupefacientes' aria-hidden='false' data-av_icon='\ue8f3' data-av_iconfont='entypo-fontello' title='' data-avia-related-tooltip='Compartir en Facebook' rel=\"noopener\"><span class='avia_hidden_link_text'>Compartir en Facebook<\/span><\/a><\/li><li class='av-share-link av-social-link-twitter' ><a target=\"_blank\" aria-label=\"Compartir en Twitter\" href='https:\/\/twitter.com\/share?text=Fiscal%C3%ADa%20y%20PDI%20investigan%20caso%20de%20explotaci%C3%B3n%20sexual%20infantil%20y%20microtr%C3%A1fico%20de%20estupefacientes&#038;url=https:\/\/radiorevelacionfm.cl\/?p=54901' aria-hidden='false' data-av_icon='\ue8f1' data-av_iconfont='entypo-fontello' title='' data-avia-related-tooltip='Compartir en Twitter' rel=\"noopener\"><span class='avia_hidden_link_text'>Compartir en Twitter<\/span><\/a><\/li><li class='av-share-link av-social-link-whatsapp' ><a target=\"_blank\" aria-label=\"Compartir en Whatsapp\" href='https:\/\/api.whatsapp.com\/send?text=https:\/\/radiorevelacionfm.cl\/?p=54901' aria-hidden='false' data-av_icon='\uf232' data-av_iconfont='entypo-fontello' title='' data-avia-related-tooltip='Compartir en Whatsapp' rel=\"noopener\"><span class='avia_hidden_link_text'>Compartir en Whatsapp<\/span><\/a><\/li><li class='av-share-link av-social-link-linkedin' ><a target=\"_blank\" aria-label=\"Compartir en LinkedIn\" href='https:\/\/linkedin.com\/shareArticle?mini=true&#038;title=Fiscal%C3%ADa%20y%20PDI%20investigan%20caso%20de%20explotaci%C3%B3n%20sexual%20infantil%20y%20microtr%C3%A1fico%20de%20estupefacientes&#038;url=https:\/\/radiorevelacionfm.cl\/?p=54901' aria-hidden='false' data-av_icon='\ue8fc' data-av_iconfont='entypo-fontello' title='' data-avia-related-tooltip='Compartir en LinkedIn' rel=\"noopener\"><span class='avia_hidden_link_text'>Compartir en LinkedIn<\/span><\/a><\/li><li class='av-share-link av-social-link-mail' ><a  aria-label=\"Compartir por correo\" href='mailto:?subject=Fiscal%C3%ADa%20y%20PDI%20investigan%20caso%20de%20explotaci%C3%B3n%20sexual%20infantil%20y%20microtr%C3%A1fico%20de%20estupefacientes&#038;body=https:\/\/radiorevelacionfm.cl\/?p=54901' aria-hidden='false' data-av_icon='\ue805' data-av_iconfont='entypo-fontello' title='' data-avia-related-tooltip='Compartir por correo'><span class='avia_hidden_link_text'>Compartir por correo<\/span><\/a><\/li><\/ul><\/div><\/div>\n<div  style='height:50px' class='hr hr-invisible   avia-builder-el-8  el_after_av_social_share  el_before_av_comments_list '><span class='hr-inner ' ><span class='hr-inner-style'><\/span><\/span><\/div>\n<div  class='av-buildercomment  av-blog-meta-html-info-disabled av-blog-meta-tag-disabled  '><\/div>\n","protected":false},"excerpt":{"rendered":"","protected":false},"author":1,"featured_media":54902,"comment_status":"closed","ping_status":"closed","sticky":false,"template":"","format":"standard","meta":{"footnotes":""},"categories":[36],"tags":[],"class_list":["post-54901","post","type-post","status-publish","format-standard","has-post-thumbnail","hentry","category-policial"],"jetpack_featured_media_url":"https:\/\/radiorevelacionfm.cl\/wp-content\/uploads\/2025\/06\/img_5556-1_optimized.jpg","_links":{"self":[{"href":"https:\/\/radiorevelacionfm.cl\/index.php?rest_route=\/wp\/v2\/posts\/54901","targetHints":{"allow":["GET"]}}],"collection":[{"href":"https:\/\/radiorevelacionfm.cl\/index.php?rest_route=\/wp\/v2\/posts"}],"about":[{"href":"https:\/\/radiorevelacionfm.cl\/index.php?rest_route=\/wp\/v2\/types\/post"}],"author":[{"embeddable":true,"href":"https:\/\/radiorevelacionfm.cl\/index.php?rest_route=\/wp\/v2\/users\/1"}],"replies":[{"embeddable":true,"href":"https:\/\/radiorevelacionfm.cl\/index.php?rest_route=%2Fwp%2Fv2%2Fcomments&post=54901"}],"version-history":[{"count":2,"href":"https:\/\/radiorevelacionfm.cl\/index.php?rest_route=\/wp\/v2\/posts\/54901\/revisions"}],"predecessor-version":[{"id":54904,"href":"https:\/\/radiorevelacionfm.cl\/index.php?rest_route=\/wp\/v2\/posts\/54901\/revisions\/54904"}],"wp:featuredmedia":[{"embeddable":true,"href":"https:\/\/radiorevelacionfm.cl\/index.php?rest_route=\/wp\/v2\/media\/54902"}],"wp:attachment":[{"href":"https:\/\/radiorevelacionfm.cl\/index.php?rest_route=%2Fwp%2Fv2%2Fmedia&parent=54901"}],"wp:term":[{"taxonomy":"category","embeddable":true,"href":"https:\/\/radiorevelacionfm.cl\/index.php?rest_route=%2Fwp%2Fv2%2Fcategories&post=54901"},{"taxonomy":"post_tag","embeddable":true,"href":"https:\/\/radiorevelacionfm.cl\/index.php?rest_route=%2Fwp%2Fv2%2Ftags&post=54901"}],"curies":[{"name":"wp","href":"https:\/\/api.w.org\/{rel}","templated":true}]}}