{"id":54898,"date":"2025-06-06T11:56:13","date_gmt":"2025-06-06T14:56:13","guid":{"rendered":"https:\/\/radiorevelacionfm.cl\/?p=54898"},"modified":"2025-06-06T11:56:13","modified_gmt":"2025-06-06T14:56:13","slug":"autoridades-regionales-invitan-a-postular-a-la-octava-version-del-programa-mujeres-con-energia-de-edelaysen","status":"publish","type":"post","link":"https:\/\/radiorevelacionfm.cl\/?p=54898","title":{"rendered":"Autoridades regionales invitan a postular a la octava versi\u00f3n del programa \u201cMujeres con Energ\u00eda\u201d de Edelaysen"},"content":{"rendered":"<div class=\"flex_column av_one_full  flex_column_div av-zero-column-padding first  avia-builder-el-0  el_before_av_one_full  avia-builder-el-first  \" style='border-radius:0px; '><div  class='avia-image-container  av-styling-    avia-builder-el-1  avia-builder-el-no-sibling  avia-align-center '  itemprop=\"image\" itemscope=\"itemscope\" itemtype=\"https:\/\/schema.org\/ImageObject\"  ><div class='avia-image-container-inner'><div class='avia-image-overlay-wrap'><img decoding=\"async\" class='wp-image-54899 avia-img-lazy-loading-not-54899 avia_image' src=\"https:\/\/radiorevelacionfm.cl\/wp-content\/uploads\/2025\/06\/05.06.2025-Mujeres-con-Energia2-1-1.jpeg\" alt='' title='05.06.2025 Mujeres con Energ\u00eda2 (1) (1)' height=\"600\" width=\"800\"  itemprop=\"thumbnailUrl\" srcset=\"https:\/\/radiorevelacionfm.cl\/wp-content\/uploads\/2025\/06\/05.06.2025-Mujeres-con-Energia2-1-1.jpeg 800w, https:\/\/radiorevelacionfm.cl\/wp-content\/uploads\/2025\/06\/05.06.2025-Mujeres-con-Energia2-1-1-300x225.jpeg 300w, https:\/\/radiorevelacionfm.cl\/wp-content\/uploads\/2025\/06\/05.06.2025-Mujeres-con-Energia2-1-1-768x576.jpeg 768w, https:\/\/radiorevelacionfm.cl\/wp-content\/uploads\/2025\/06\/05.06.2025-Mujeres-con-Energia2-1-1-705x529.jpeg 705w, https:\/\/radiorevelacionfm.cl\/wp-content\/uploads\/2025\/06\/05.06.2025-Mujeres-con-Energia2-1-1-450x338.jpeg 450w, https:\/\/radiorevelacionfm.cl\/wp-content\/uploads\/2025\/06\/05.06.2025-Mujeres-con-Energia2-1-1-600x450.jpeg 600w\" sizes=\"(max-width: 800px) 100vw, 800px\" \/><\/div><\/div><\/div><\/div><div class=\"flex_column av_one_full  flex_column_div av-zero-column-padding first  avia-builder-el-2  el_after_av_one_full  el_before_av_one_full  column-top-margin\" style='border-radius:0px; '><section class=\"av_textblock_section \"  itemscope=\"itemscope\" itemtype=\"https:\/\/schema.org\/BlogPosting\" itemprop=\"blogPost\" ><div class='avia_textblock  '   itemprop=\"text\" ><p style=\"text-align: center;\"><span style=\"font-size: 18pt;\"><strong>Autoridades regionales invitan a postular a la octava versi\u00f3n del programa \u201cMujeres con Energ\u00eda\u201d de Edelaysen<\/strong><\/span><\/p>\n<div id=\"gtx-trans\" style=\"position: absolute; left: -50px; top: 4.31534px;\">\n<div class=\"gtx-trans-icon\"><\/div>\n<\/div>\n<\/div><\/section><\/div><div class=\"flex_column av_one_full  flex_column_div av-zero-column-padding first  avia-builder-el-4  el_after_av_one_full  el_before_av_hr  column-top-margin\" style='border-radius:0px; '><section class=\"av_textblock_section \"  itemscope=\"itemscope\" itemtype=\"https:\/\/schema.org\/BlogPosting\" itemprop=\"blogPost\" ><div class='avia_textblock  '   itemprop=\"text\" ><p style=\"text-align: justify;\"><em>El seremi de Energ\u00eda, la seremi de la Mujer y Equidad de G\u00e9nero y la el\u00e9ctrica realizaron un llamado a participar de esta iniciativa que entrega herramientas para potenciar emprendimientos liderados por mujeres.<\/em><\/p>\n<p style=\"text-align: justify;\">Desde las oficinas de la el\u00e9ctrica, se realiz\u00f3 un hito de lanzamiento del programa \u201cMujeres con Energ\u00eda\u201d, que cont\u00f3 con la participaci\u00f3n del seremi del \u00e1rea Tom\u00e1s Laibe, seremi de la Mujer y Equidad de G\u00e9nero, Isidora Gacit\u00faa y Nicole Figueroa, emprendedora de la comuna de Coyhaique quien fue ganadora de la versi\u00f3n anterior de esta academia de emprendimiento.<\/p>\n<p style=\"text-align: justify;\">Mar\u00eda de los \u00c1ngeles Gajardo, ejecutiva de Edelaysen destac\u00f3 que: \u201cEstamos muy contentos de participar y ser parte de este tipo de programas en post de la mujer, para ayudarlas a cumplir sus sue\u00f1os, estamos muy contentos de que puedan acceder a m\u00f3dulos gratuitos de formaci\u00f3n que las puedan ayudar a potenciar sus emprendimientos y tambi\u00e9n eventualmente acceder a financiamiento que las pueda ayudar a hacer crecer sus negocios\u201d.<\/p>\n<p style=\"text-align: justify;\">Durante el encuentro, la emprendedora local relat\u00f3 como su participaci\u00f3n en el programa permiti\u00f3 adquirir herramientas, ordenar sus ideas y dar un impulso concreto a su negocio. Su testimonio, cercano y sincero, fue clave para motivar a otras mujeres a sumarse a esta oportunidad de crecimiento personal y econ\u00f3mico.<\/p>\n<p style=\"text-align: justify;\">\u201cLa experiencia fue maravillosa, me permiti\u00f3 ampliar el rubro de lo que nosotros ya realizamos con mi esposo dentro de la empresa as\u00ed que ha sido s\u00faper buena experiencia. Nuestro emprendimiento ha evolucionado mucho, empezamos con pocas empresas donde realizamos asesor\u00edas ya que ese es nuestro principal foco y ahora tenemos muchas m\u00e1s empresas que podemos asesorar dentro de la regi\u00f3n en distintos rubros, donde la evoluci\u00f3n ha sido super favorable. El llamado es a que m\u00e1s personas puedan sumarse a este tipo de iniciativas y que puedan participar, poder seguir las clases ya que tienes las ayudas y gu\u00edas para poder realizar de manera adecuada las capacitaciones\u201d, aport\u00f3 Nicole Figueroa due\u00f1a del emprendimiento Dussan Prevenci\u00f3n Patagonia.<\/p>\n<p style=\"text-align: justify;\">\u201cMujeres con Energ\u00eda\u201d, es una iniciativa del Grupo Saesa que busca fortalecer negocios liderados por mujeres desde \u00d1uble hasta Ays\u00e9n. A trav\u00e9s de clases online, asesor\u00eda t\u00e9cnica personalizada y talleres pr\u00e1cticos, el programa entrega herramientas reales para potenciar los emprendimientos, fomentar el liderazgo femenino y generar redes entre las emprendedoras participantes.<\/p>\n<p style=\"text-align: justify;\">Por su parte el seremi de Energ\u00eda Tom\u00e1s Laibe destac\u00f3 qu\u00e9: \u201c(Quiero) Felicitar a Edelaysen por esta iniciativa que permite primero la vinculaci\u00f3n con la comunidad en algo que es tan relevante como la promoci\u00f3n del emprendimiento y por otro lado el empoderamiento de las mujeres que en la regi\u00f3n es tan necesario. Nosotros como Ministerio de Energ\u00eda, como una de nuestras l\u00edneas prioritarias es precisamente empujar la participaci\u00f3n de las mujeres en el rubro, tenemos una mesa llamada \u201cMesa de la Energ\u00eda m\u00e1s Mujer\u201d, que aborda distintas brechas y situaciones de la realidad de las mujeres en relaci\u00f3n con la energ\u00eda y por lo tanto creemos que este es un gran aporte en ese sentido\u201d.<\/p>\n<p style=\"text-align: justify;\">As\u00ed mismo, Isidora Gacit\u00faa, seremi de la Mujer y Equidad de G\u00e9nero destac\u00f3: \u201cAgradecemos a Edelaysen por tomar esta iniciativa de tener nuevamente el programa, que va en directo beneficio de las mujeres de la regi\u00f3n. La autonom\u00eda econ\u00f3mica es una de las autonom\u00edas fundamentales para poder erradicar la violencia de g\u00e9nero e ir acortando las brechas tambi\u00e9n en nuestra regi\u00f3n. Por lo tanto, los esfuerzos en esta materia deben ser de todos y todas. As\u00ed que muy contenta de participar y hacer la invitaci\u00f3n por supuesto a todas las mujeres que puedan participar porque hemos conocido hoy la experiencia de mujeres que ya han participado en este programa que las ha ayudado a fortalecer sus emprendimientos\u201d.<\/p>\n<p style=\"text-align: justify;\">En tal sentido desde la el\u00e9ctrica informaron que las postulaciones estar\u00e1n abiertas hasta el 8 de junio en la p\u00e1gina web\u00a0<a href=\"https:\/\/nam10.safelinks.protection.outlook.com\/?url=https%3A%2F%2Fweb.gruposaesa.cl%2Fweb%2Fguest%2Fmujeres-con-energia&amp;data=05%7C02%7Cmaria.marchant%40saesa.cl%7Cd88c8e8f4e904d1f957f08dda4554cd0%7C136d6ab55b55496f97cb2424247715ed%7C0%7C0%7C638847408481899625%7CUnknown%7CTWFpbGZsb3d8eyJFbXB0eU1hcGkiOnRydWUsIlYiOiIwLjAuMDAwMCIsIlAiOiJXaW4zMiIsIkFOIjoiTWFpbCIsIldUIjoyfQ%3D%3D%7C0%7C%7C%7C&amp;sdata=Ur6yKFqs3%2FJYnbEc5e0otZ5861o9eFBae0nD7VtZgPY%3D&amp;reserved=0\">https:\/\/web.gruposaesa.cl\/web\/guest\/mujeres-con-energia<\/a>\u00a0\u00a0donde el programa es completamente gratuito para quienes queden seleccionadas.<\/p>\n<p style=\"text-align: justify;\"><strong>\u00a0<\/strong><\/p>\n<p style=\"text-align: justify;\"><strong>\u00a0<\/strong><\/p>\n<\/div><\/section><\/div><div  style='height:50px' class='hr hr-invisible   avia-builder-el-6  el_after_av_one_full  el_before_av_social_share '><span class='hr-inner ' ><span class='hr-inner-style'><\/span><\/span><\/div><\/p>\n<div  class='av-social-sharing-box  avia-builder-el-7  el_after_av_hr  el_before_av_hr  '><div class='av-share-box'><h5 class='av-share-link-description av-no-toc '>Compartir esta noticia<\/h5><ul class='av-share-box-list noLightbox'><li class='av-share-link av-social-link-facebook' ><a target=\"_blank\" aria-label=\"Compartir en Facebook\" href='https:\/\/www.facebook.com\/sharer.php?u=https:\/\/radiorevelacionfm.cl\/?p=54898&#038;t=Autoridades%20regionales%20invitan%20a%20postular%20a%20la%20octava%20versi%C3%B3n%20del%20programa%20%E2%80%9CMujeres%20con%20Energ%C3%ADa%E2%80%9D%20de%20Edelaysen' aria-hidden='false' data-av_icon='\ue8f3' data-av_iconfont='entypo-fontello' title='' data-avia-related-tooltip='Compartir en Facebook' rel=\"noopener\"><span class='avia_hidden_link_text'>Compartir en Facebook<\/span><\/a><\/li><li class='av-share-link av-social-link-twitter' ><a target=\"_blank\" aria-label=\"Compartir en Twitter\" href='https:\/\/twitter.com\/share?text=Autoridades%20regionales%20invitan%20a%20postular%20a%20la%20octava%20versi%C3%B3n%20del%20programa%20%E2%80%9CMujeres%20con%20Energ%C3%ADa%E2%80%9D%20de%20Edelaysen&#038;url=https:\/\/radiorevelacionfm.cl\/?p=54898' aria-hidden='false' data-av_icon='\ue8f1' data-av_iconfont='entypo-fontello' title='' data-avia-related-tooltip='Compartir en Twitter' rel=\"noopener\"><span class='avia_hidden_link_text'>Compartir en Twitter<\/span><\/a><\/li><li class='av-share-link av-social-link-whatsapp' ><a target=\"_blank\" aria-label=\"Compartir en Whatsapp\" href='https:\/\/api.whatsapp.com\/send?text=https:\/\/radiorevelacionfm.cl\/?p=54898' aria-hidden='false' data-av_icon='\uf232' data-av_iconfont='entypo-fontello' title='' data-avia-related-tooltip='Compartir en Whatsapp' rel=\"noopener\"><span class='avia_hidden_link_text'>Compartir en Whatsapp<\/span><\/a><\/li><li class='av-share-link av-social-link-linkedin' ><a target=\"_blank\" aria-label=\"Compartir en LinkedIn\" href='https:\/\/linkedin.com\/shareArticle?mini=true&#038;title=Autoridades%20regionales%20invitan%20a%20postular%20a%20la%20octava%20versi%C3%B3n%20del%20programa%20%E2%80%9CMujeres%20con%20Energ%C3%ADa%E2%80%9D%20de%20Edelaysen&#038;url=https:\/\/radiorevelacionfm.cl\/?p=54898' aria-hidden='false' data-av_icon='\ue8fc' data-av_iconfont='entypo-fontello' title='' data-avia-related-tooltip='Compartir en LinkedIn' rel=\"noopener\"><span class='avia_hidden_link_text'>Compartir en LinkedIn<\/span><\/a><\/li><li class='av-share-link av-social-link-mail' ><a  aria-label=\"Compartir por correo\" href='mailto:?subject=Autoridades%20regionales%20invitan%20a%20postular%20a%20la%20octava%20versi%C3%B3n%20del%20programa%20%E2%80%9CMujeres%20con%20Energ%C3%ADa%E2%80%9D%20de%20Edelaysen&#038;body=https:\/\/radiorevelacionfm.cl\/?p=54898' aria-hidden='false' data-av_icon='\ue805' data-av_iconfont='entypo-fontello' title='' data-avia-related-tooltip='Compartir por correo'><span class='avia_hidden_link_text'>Compartir por correo<\/span><\/a><\/li><\/ul><\/div><\/div>\n<div  style='height:50px' class='hr hr-invisible   avia-builder-el-8  el_after_av_social_share  el_before_av_comments_list '><span class='hr-inner ' ><span class='hr-inner-style'><\/span><\/span><\/div>\n<div  class='av-buildercomment  av-blog-meta-html-info-disabled av-blog-meta-tag-disabled  '><\/div>\n","protected":false},"excerpt":{"rendered":"","protected":false},"author":1,"featured_media":54899,"comment_status":"closed","ping_status":"closed","sticky":false,"template":"","format":"standard","meta":{"footnotes":""},"categories":[38],"tags":[],"class_list":["post-54898","post","type-post","status-publish","format-standard","has-post-thumbnail","hentry","category-regional"],"jetpack_featured_media_url":"https:\/\/radiorevelacionfm.cl\/wp-content\/uploads\/2025\/06\/05.06.2025-Mujeres-con-Energia2-1-1.jpeg","_links":{"self":[{"href":"https:\/\/radiorevelacionfm.cl\/index.php?rest_route=\/wp\/v2\/posts\/54898","targetHints":{"allow":["GET"]}}],"collection":[{"href":"https:\/\/radiorevelacionfm.cl\/index.php?rest_route=\/wp\/v2\/posts"}],"about":[{"href":"https:\/\/radiorevelacionfm.cl\/index.php?rest_route=\/wp\/v2\/types\/post"}],"author":[{"embeddable":true,"href":"https:\/\/radiorevelacionfm.cl\/index.php?rest_route=\/wp\/v2\/users\/1"}],"replies":[{"embeddable":true,"href":"https:\/\/radiorevelacionfm.cl\/index.php?rest_route=%2Fwp%2Fv2%2Fcomments&post=54898"}],"version-history":[{"count":2,"href":"https:\/\/radiorevelacionfm.cl\/index.php?rest_route=\/wp\/v2\/posts\/54898\/revisions"}],"predecessor-version":[{"id":54916,"href":"https:\/\/radiorevelacionfm.cl\/index.php?rest_route=\/wp\/v2\/posts\/54898\/revisions\/54916"}],"wp:featuredmedia":[{"embeddable":true,"href":"https:\/\/radiorevelacionfm.cl\/index.php?rest_route=\/wp\/v2\/media\/54899"}],"wp:attachment":[{"href":"https:\/\/radiorevelacionfm.cl\/index.php?rest_route=%2Fwp%2Fv2%2Fmedia&parent=54898"}],"wp:term":[{"taxonomy":"category","embeddable":true,"href":"https:\/\/radiorevelacionfm.cl\/index.php?rest_route=%2Fwp%2Fv2%2Fcategories&post=54898"},{"taxonomy":"post_tag","embeddable":true,"href":"https:\/\/radiorevelacionfm.cl\/index.php?rest_route=%2Fwp%2Fv2%2Ftags&post=54898"}],"curies":[{"name":"wp","href":"https:\/\/api.w.org\/{rel}","templated":true}]}}