{"id":54895,"date":"2025-06-06T15:26:36","date_gmt":"2025-06-06T18:26:36","guid":{"rendered":"https:\/\/radiorevelacionfm.cl\/?p=54895"},"modified":"2025-06-06T15:26:36","modified_gmt":"2025-06-06T18:26:36","slug":"seguridad-movilidad-e-integracion-social-son-los-ejes-que-destaca-desarrollo-social-en-aysen-tras-cuenta-publica-presidencial","status":"publish","type":"post","link":"https:\/\/radiorevelacionfm.cl\/?p=54895","title":{"rendered":"\u00abSeguridad, movilidad e integraci\u00f3n social\u00bb son los ejes que destaca desarrollo social en Ays\u00e9n tras Cuenta P\u00fablica Presidencial"},"content":{"rendered":"<div class=\"flex_column av_one_full  flex_column_div av-zero-column-padding first  avia-builder-el-0  el_before_av_one_full  avia-builder-el-first  \" style='border-radius:0px; '><div  class='avia-image-container  av-styling-    avia-builder-el-1  avia-builder-el-no-sibling  avia-align-center '  itemprop=\"image\" itemscope=\"itemscope\" itemtype=\"https:\/\/schema.org\/ImageObject\"  ><div class='avia-image-container-inner'><div class='avia-image-overlay-wrap'><img decoding=\"async\" class='wp-image-54896 avia-img-lazy-loading-not-54896 avia_image' src=\"https:\/\/radiorevelacionfm.cl\/wp-content\/uploads\/2025\/06\/seremi-horizontal-1-1-1.jpeg\" alt='' title='seremi horizontal (1) (1) (1)' height=\"600\" width=\"800\"  itemprop=\"thumbnailUrl\" srcset=\"https:\/\/radiorevelacionfm.cl\/wp-content\/uploads\/2025\/06\/seremi-horizontal-1-1-1.jpeg 800w, https:\/\/radiorevelacionfm.cl\/wp-content\/uploads\/2025\/06\/seremi-horizontal-1-1-1-300x225.jpeg 300w, https:\/\/radiorevelacionfm.cl\/wp-content\/uploads\/2025\/06\/seremi-horizontal-1-1-1-768x576.jpeg 768w, https:\/\/radiorevelacionfm.cl\/wp-content\/uploads\/2025\/06\/seremi-horizontal-1-1-1-705x529.jpeg 705w, https:\/\/radiorevelacionfm.cl\/wp-content\/uploads\/2025\/06\/seremi-horizontal-1-1-1-450x338.jpeg 450w, https:\/\/radiorevelacionfm.cl\/wp-content\/uploads\/2025\/06\/seremi-horizontal-1-1-1-600x450.jpeg 600w\" sizes=\"(max-width: 800px) 100vw, 800px\" \/><\/div><\/div><\/div><\/div><div class=\"flex_column av_one_full  flex_column_div av-zero-column-padding first  avia-builder-el-2  el_after_av_one_full  el_before_av_one_full  column-top-margin\" style='border-radius:0px; '><section class=\"av_textblock_section \"  itemscope=\"itemscope\" itemtype=\"https:\/\/schema.org\/BlogPosting\" itemprop=\"blogPost\" ><div class='avia_textblock  '   itemprop=\"text\" ><p style=\"text-align: center;\"><strong><span style=\"font-size: 18pt;\">\u00abSeguridad, movilidad e integraci\u00f3n social\u00bb son los ejes que destaca desarrollo social en Ays\u00e9n tras Cuenta P\u00fablica Presidencial<\/span><\/strong><\/p>\n<div id=\"gtx-trans\" style=\"position: absolute; left: -50px; top: 4.31534px;\">\n<div class=\"gtx-trans-icon\"><\/div>\n<\/div>\n<\/div><\/section><\/div><div class=\"flex_column av_one_full  flex_column_div av-zero-column-padding first  avia-builder-el-4  el_after_av_one_full  el_before_av_hr  column-top-margin\" style='border-radius:0px; '><section class=\"av_textblock_section \"  itemscope=\"itemscope\" itemtype=\"https:\/\/schema.org\/BlogPosting\" itemprop=\"blogPost\" ><div class='avia_textblock  '   itemprop=\"text\" ><div class=\"v1elementToProof\" style=\"text-align: justify;\"><i>La seremi de la cartera Karina Acevedo relev\u00f3 los programas sociales en Ays\u00e9n y el amplio presupuesto para ejecutarlos este 2025 con un monto que supera los cinco mil millones de pesos.<\/i><\/div>\n<div class=\"v1elementToProof\" style=\"text-align: justify;\"><i>\u00a0<\/i><\/div>\n<div class=\"v1elementToProof\" style=\"text-align: justify;\">Tras la Cuenta P\u00fablica del Presidente Boric, la Seremi de Desarrollo Social en Ays\u00e9n Karina Acevedo Auad destac\u00f3 los principales logros de la cartera en el territorio, en donde fortalecer la seguridad social y garantizar un mayor bienestar, ha sido una de las metas del gobierno en estos 3 a\u00f1os de gesti\u00f3n.<\/div>\n<div class=\"v1elementToProof\" style=\"text-align: justify;\">Al respecto durante el a\u00f1o 2024 en la regi\u00f3n Ays\u00e9n se destaca el aumento de cobertura en diferentes programas sociales, como el de Habitabilidad, la Red Local de Apoyos y Cuidados, donde aumenta con 3 nuevas comunas -Ays\u00e9n, Tortel y Cochrane- sumadas a las de Guaitecas, Lago Verde, Coyhaique y R\u00edo Ib\u00e1\u00f1ez. Tambi\u00e9n se destaca la reciente inauguraci\u00f3n del Centro Comunitario de Cuidados en Puerto Ays\u00e9n que beneficiar\u00e1 a 120 personas en principio y al que se le sumar\u00e1 una pronta construcci\u00f3n en Coyhaique en el Barrio Quebrada La Cruz.<\/div>\n<div class=\"v1elementToProof\" style=\"text-align: justify;\"><\/div>\n<div class=\"v1elementToProof\" style=\"text-align: justify;\">Sobre la Seremi de Desarrollo Social y Familia Karina Acevedo relev\u00f3 \u00abEstamos cumpliendo los compromisos que nos mandat\u00f3 el presidente Boric para nuestra regi\u00f3n. Es muy importante los avances que hemos tenido en materia de Cuidados, logramos instalar no solo el concepto, sino que se entienda adem\u00e1s que esta labor no remunerada debe ser resguardada por el Estado. De ah\u00ed el aumento en la cobertura de la Red Local de Apoyos y Cuidados donde estamos en 7 comunas. En cuanto al registro de personas cuidadoras tambi\u00e9n experimentamos alza en la regi\u00f3n, partimos con 553 personas en el a\u00f1o 2023 y a la fecha llevamos ya tenemos a 1179 personas que se han inscrito en el complemento del Registro Social de Hogares\u00bb.<\/div>\n<div class=\"v1elementToProof\" style=\"text-align: justify;\"><\/div>\n<div class=\"v1elementToProof\" style=\"text-align: justify;\">Otro de los puntos abordados en la cuenta presidencial fueron las personas mayores, destacando el fortalecimiento de los Centros Diurnos, los Establecimientos de Larga Estad\u00eda y los Condominios de Viviendas Tuteladas, por lo que la seremi Acevedo destac\u00f3 \u00abAcercamos el Estado a las personas mayores con un fuerte compromiso en un envejecimiento activo, digno y saludable, por lo que seguimos fortaleciendo estos espacios. Tambi\u00e9n destacamos la cobertura del Programa V\u00ednculos que est\u00e1 presente en 8 comunas de la regi\u00f3n y que va en directo beneficios de adultos mayores que residen solos\u00bb.<\/div>\n<div class=\"v1elementToProof\" style=\"text-align: justify;\"><\/div>\n<div class=\"v1elementToProof\" style=\"text-align: justify;\">Uno de los beneficios exclusivos para Ays\u00e9n es el Subsidio de Calefacci\u00f3n que ha ido en alza permanente durante estos tres a\u00f1os de gesti\u00f3n del presidente Gabriel Boric, aumentando en cobertura y beneficiando a treinta y cinco mil familias con un bono de $100.000, con lo que el presupuesto 2025 es la cifra m\u00e1s alta en la historia de este beneficio, llegando a los tres mil quinientos noventa y nueve mil millones quinientos dos pesos.<\/div>\n<div class=\"v1elementToProof\" style=\"text-align: justify;\"><\/div>\n<div class=\"v1elementToProof\" style=\"text-align: justify;\">\u00a0Finalmente, Karina Acevedo Auad enfatiz\u00f3 que el Ministerio de Desarrollo Social y Familia en la regi\u00f3n de Ays\u00e9n seguir\u00e1 contribuyendo en promover la movilidad e integraci\u00f3n social, este 2025 con un presupuesto de cinco mil cuatrocientos sesenta y dos millones ochocientos veintis\u00e9is mil pesos, para seguir brindando en el territorio mayor protecci\u00f3n social a las personas y grupos vulnerables.<\/div>\n<div class=\"v1elementToProof\" style=\"text-align: justify;\"><\/div>\n<div class=\"v1elementToProof\" style=\"text-align: justify;\">\u00abLos desaf\u00edos en nuestro territorio son a diario y con cada uno de los programas sociales: j\u00f3venes, personas mayores, familias que buscan emprender, personas en situaci\u00f3n de calle, personas de los pueblos originarios, personas con discapacidad, personas que cuidan y termino con ni\u00f1ez porque estamos implementando la Ley de Garant\u00eda\u00a0de Protecci\u00f3n Integral, hoy podemos afirmar que las 10 comunas del territorio cuentan con Oficinas Locales de la Ni\u00f1ez y con esto Ays\u00e9n es una de las dos regiones del pa\u00eds que est\u00e1 con OLN en el 100% de sus comunas\u00bb. Cerr\u00f3 la autoridad.<\/div>\n<div class=\"v1elementToProof\" style=\"text-align: justify;\"><\/div>\n<\/div><\/section><\/div><div  style='height:50px' class='hr hr-invisible   avia-builder-el-6  el_after_av_one_full  el_before_av_social_share '><span class='hr-inner ' ><span class='hr-inner-style'><\/span><\/span><\/div><\/p>\n<div  class='av-social-sharing-box  avia-builder-el-7  el_after_av_hr  el_before_av_hr  '><div class='av-share-box'><h5 class='av-share-link-description av-no-toc '>Compartir esta noticia<\/h5><ul class='av-share-box-list noLightbox'><li class='av-share-link av-social-link-facebook' ><a target=\"_blank\" aria-label=\"Compartir en Facebook\" href='https:\/\/www.facebook.com\/sharer.php?u=https:\/\/radiorevelacionfm.cl\/?p=54895&#038;t=%C2%ABSeguridad%2C%20movilidad%20e%20integraci%C3%B3n%20social%C2%BB%20son%20los%20ejes%20que%20destaca%20desarrollo%20social%20en%20Ays%C3%A9n%20tras%20Cuenta%20P%C3%BAblica%20Presidencial' aria-hidden='false' data-av_icon='\ue8f3' data-av_iconfont='entypo-fontello' title='' data-avia-related-tooltip='Compartir en Facebook' rel=\"noopener\"><span class='avia_hidden_link_text'>Compartir en Facebook<\/span><\/a><\/li><li class='av-share-link av-social-link-twitter' ><a target=\"_blank\" aria-label=\"Compartir en Twitter\" href='https:\/\/twitter.com\/share?text=%C2%ABSeguridad%2C%20movilidad%20e%20integraci%C3%B3n%20social%C2%BB%20son%20los%20ejes%20que%20destaca%20desarrollo%20social%20en%20Ays%C3%A9n%20tras%20Cuenta%20P%C3%BAblica%20Presidencial&#038;url=https:\/\/radiorevelacionfm.cl\/?p=54895' aria-hidden='false' data-av_icon='\ue8f1' data-av_iconfont='entypo-fontello' title='' data-avia-related-tooltip='Compartir en Twitter' rel=\"noopener\"><span class='avia_hidden_link_text'>Compartir en Twitter<\/span><\/a><\/li><li class='av-share-link av-social-link-whatsapp' ><a target=\"_blank\" aria-label=\"Compartir en Whatsapp\" href='https:\/\/api.whatsapp.com\/send?text=https:\/\/radiorevelacionfm.cl\/?p=54895' aria-hidden='false' data-av_icon='\uf232' data-av_iconfont='entypo-fontello' title='' data-avia-related-tooltip='Compartir en Whatsapp' rel=\"noopener\"><span class='avia_hidden_link_text'>Compartir en Whatsapp<\/span><\/a><\/li><li class='av-share-link av-social-link-linkedin' ><a target=\"_blank\" aria-label=\"Compartir en LinkedIn\" href='https:\/\/linkedin.com\/shareArticle?mini=true&#038;title=%C2%ABSeguridad%2C%20movilidad%20e%20integraci%C3%B3n%20social%C2%BB%20son%20los%20ejes%20que%20destaca%20desarrollo%20social%20en%20Ays%C3%A9n%20tras%20Cuenta%20P%C3%BAblica%20Presidencial&#038;url=https:\/\/radiorevelacionfm.cl\/?p=54895' aria-hidden='false' data-av_icon='\ue8fc' data-av_iconfont='entypo-fontello' title='' data-avia-related-tooltip='Compartir en LinkedIn' rel=\"noopener\"><span class='avia_hidden_link_text'>Compartir en LinkedIn<\/span><\/a><\/li><li class='av-share-link av-social-link-mail' ><a  aria-label=\"Compartir por correo\" href='mailto:?subject=%C2%ABSeguridad%2C%20movilidad%20e%20integraci%C3%B3n%20social%C2%BB%20son%20los%20ejes%20que%20destaca%20desarrollo%20social%20en%20Ays%C3%A9n%20tras%20Cuenta%20P%C3%BAblica%20Presidencial&#038;body=https:\/\/radiorevelacionfm.cl\/?p=54895' aria-hidden='false' data-av_icon='\ue805' data-av_iconfont='entypo-fontello' title='' data-avia-related-tooltip='Compartir por correo'><span class='avia_hidden_link_text'>Compartir por correo<\/span><\/a><\/li><\/ul><\/div><\/div>\n<div  style='height:50px' class='hr hr-invisible   avia-builder-el-8  el_after_av_social_share  el_before_av_comments_list '><span class='hr-inner ' ><span class='hr-inner-style'><\/span><\/span><\/div>\n<div  class='av-buildercomment  av-blog-meta-html-info-disabled av-blog-meta-tag-disabled  '><\/div>\n","protected":false},"excerpt":{"rendered":"","protected":false},"author":1,"featured_media":54896,"comment_status":"closed","ping_status":"closed","sticky":false,"template":"","format":"standard","meta":{"footnotes":""},"categories":[35],"tags":[],"class_list":["post-54895","post","type-post","status-publish","format-standard","has-post-thumbnail","hentry","category-politica"],"jetpack_featured_media_url":"https:\/\/radiorevelacionfm.cl\/wp-content\/uploads\/2025\/06\/seremi-horizontal-1-1-1.jpeg","_links":{"self":[{"href":"https:\/\/radiorevelacionfm.cl\/index.php?rest_route=\/wp\/v2\/posts\/54895","targetHints":{"allow":["GET"]}}],"collection":[{"href":"https:\/\/radiorevelacionfm.cl\/index.php?rest_route=\/wp\/v2\/posts"}],"about":[{"href":"https:\/\/radiorevelacionfm.cl\/index.php?rest_route=\/wp\/v2\/types\/post"}],"author":[{"embeddable":true,"href":"https:\/\/radiorevelacionfm.cl\/index.php?rest_route=\/wp\/v2\/users\/1"}],"replies":[{"embeddable":true,"href":"https:\/\/radiorevelacionfm.cl\/index.php?rest_route=%2Fwp%2Fv2%2Fcomments&post=54895"}],"version-history":[{"count":2,"href":"https:\/\/radiorevelacionfm.cl\/index.php?rest_route=\/wp\/v2\/posts\/54895\/revisions"}],"predecessor-version":[{"id":54929,"href":"https:\/\/radiorevelacionfm.cl\/index.php?rest_route=\/wp\/v2\/posts\/54895\/revisions\/54929"}],"wp:featuredmedia":[{"embeddable":true,"href":"https:\/\/radiorevelacionfm.cl\/index.php?rest_route=\/wp\/v2\/media\/54896"}],"wp:attachment":[{"href":"https:\/\/radiorevelacionfm.cl\/index.php?rest_route=%2Fwp%2Fv2%2Fmedia&parent=54895"}],"wp:term":[{"taxonomy":"category","embeddable":true,"href":"https:\/\/radiorevelacionfm.cl\/index.php?rest_route=%2Fwp%2Fv2%2Fcategories&post=54895"},{"taxonomy":"post_tag","embeddable":true,"href":"https:\/\/radiorevelacionfm.cl\/index.php?rest_route=%2Fwp%2Fv2%2Ftags&post=54895"}],"curies":[{"name":"wp","href":"https:\/\/api.w.org\/{rel}","templated":true}]}}