{"id":54891,"date":"2025-06-05T21:18:01","date_gmt":"2025-06-06T00:18:01","guid":{"rendered":"https:\/\/radiorevelacionfm.cl\/?p=54891"},"modified":"2025-06-05T21:18:01","modified_gmt":"2025-06-06T00:18:01","slug":"funcionario-de-bienes-nacionales-es-destacado-por-sus-18-anos-de-servicio-en-la-unidad-de-catastro-de-la-propiedad-fiscal","status":"publish","type":"post","link":"https:\/\/radiorevelacionfm.cl\/?p=54891","title":{"rendered":"Funcionario de Bienes Nacionales es destacado por sus 18 a\u00f1os de servicio en la Unidad de Catastro de la propiedad fiscal"},"content":{"rendered":"<div class=\"flex_column av_one_full  flex_column_div av-zero-column-padding first  avia-builder-el-0  el_before_av_one_full  avia-builder-el-first  \" style='border-radius:0px; '><div  class='avia-image-container  av-styling-    avia-builder-el-1  avia-builder-el-no-sibling  avia-align-center '  itemprop=\"image\" itemscope=\"itemscope\" itemtype=\"https:\/\/schema.org\/ImageObject\"  ><div class='avia-image-container-inner'><div class='avia-image-overlay-wrap'><img decoding=\"async\" class='wp-image-54892 avia-img-lazy-loading-not-54892 avia_image' src=\"https:\/\/radiorevelacionfm.cl\/wp-content\/uploads\/2025\/06\/foto-4-2-1.jpg\" alt='' title='foto (4) (2) (1)' height=\"600\" width=\"600\"  itemprop=\"thumbnailUrl\" srcset=\"https:\/\/radiorevelacionfm.cl\/wp-content\/uploads\/2025\/06\/foto-4-2-1.jpg 600w, https:\/\/radiorevelacionfm.cl\/wp-content\/uploads\/2025\/06\/foto-4-2-1-300x300.jpg 300w, https:\/\/radiorevelacionfm.cl\/wp-content\/uploads\/2025\/06\/foto-4-2-1-80x80.jpg 80w, https:\/\/radiorevelacionfm.cl\/wp-content\/uploads\/2025\/06\/foto-4-2-1-36x36.jpg 36w, https:\/\/radiorevelacionfm.cl\/wp-content\/uploads\/2025\/06\/foto-4-2-1-180x180.jpg 180w, https:\/\/radiorevelacionfm.cl\/wp-content\/uploads\/2025\/06\/foto-4-2-1-120x120.jpg 120w, https:\/\/radiorevelacionfm.cl\/wp-content\/uploads\/2025\/06\/foto-4-2-1-450x450.jpg 450w, https:\/\/radiorevelacionfm.cl\/wp-content\/uploads\/2025\/06\/foto-4-2-1-100x100.jpg 100w\" sizes=\"(max-width: 600px) 100vw, 600px\" \/><\/div><\/div><\/div><\/div><div class=\"flex_column av_one_full  flex_column_div av-zero-column-padding first  avia-builder-el-2  el_after_av_one_full  el_before_av_one_full  column-top-margin\" style='border-radius:0px; '><section class=\"av_textblock_section \"  itemscope=\"itemscope\" itemtype=\"https:\/\/schema.org\/BlogPosting\" itemprop=\"blogPost\" ><div class='avia_textblock  '   itemprop=\"text\" ><p style=\"text-align: center;\"><span style=\"font-size: 18pt;\"><strong>Funcionario de Bienes Nacionales es destacado por sus 18 a\u00f1os de servicio en la Unidad de Catastro de la propiedad fiscal<\/strong><\/span><\/p>\n<div id=\"gtx-trans\" style=\"position: absolute; left: -50px; top: 4.31534px;\">\n<div class=\"gtx-trans-icon\"><\/div>\n<\/div>\n<\/div><\/section><\/div><div class=\"flex_column av_one_full  flex_column_div av-zero-column-padding first  avia-builder-el-4  el_after_av_one_full  el_before_av_hr  column-top-margin\" style='border-radius:0px; '><section class=\"av_textblock_section \"  itemscope=\"itemscope\" itemtype=\"https:\/\/schema.org\/BlogPosting\" itemprop=\"blogPost\" ><div class='avia_textblock  '   itemprop=\"text\" ><p style=\"text-align: justify;\">En abril de 1931, el Decreto con Fuerza de Ley N\u00b0 92 estableci\u00f3 que la fiscalizaci\u00f3n, supervigilancia y control sobre los bienes que forman el patrimonio del Estado sean de absoluta competencia del \u00a0Ministerio de Tierras y Colonizaci\u00f3n, hoy, Bienes Nacionales, instituci\u00f3n que hace poco cumpli\u00f3 94 a\u00f1os de historia administrando la propiedad fiscal del pa\u00eds.<\/p>\n<p style=\"text-align: justify;\">As\u00ed, en el marco del aniversario que se celebra cada 30 de mayo, una de las tradiciones de la instituci\u00f3n consiste en reconocer a funcionarias y funcionarios de las distintas oficinas del pa\u00eds, quienes cumplen a\u00f1os de trayectoria en el servicio p\u00fablico, como en el caso de la Seremi de la regi\u00f3n de Ays\u00e9n, donde se destac\u00f3 el trabajo del ingeniero geomensor, Mauro Echeverr\u00eda Huaquer, encargado de la Unidad de Catastro, a quien se le reconoci\u00f3 por sus 18 a\u00f1os como funcionario del ministerio en la regi\u00f3n.<\/p>\n<p style=\"text-align: justify;\">La seremi Irina Morend Valdebenito, relev\u00f3 los cambios que ha tenido en el tiempo la Unidad que lidera el profesional destacado. \u201cTodos los profesionales que han pasado por esta unidad han experimentado distintas etapas, ya que antiguamente se mensuraba con herramientas m\u00e1s r\u00fasticas y el d\u00eda de hoy se utiliza alta tecnolog\u00eda ya que es ah\u00ed donde se trabaja la medici\u00f3n de los terrenos para posteriormente incluirlos al catastro de la propiedad fiscal\u201d, expres\u00f3, a\u00f1adiendo que, \u201cel a\u00f1o pasado, en nuestro aniversario n\u00famero 93, reconocimos a exfuncionarios quienes nos contaban que en sus recorridos para hacer las mensuras se ausentaban por mucho tiempo, recorr\u00edan durante seis meses, valles, lagos, monta\u00f1as, a caballo, en bote y caminaban grandes extensiones para poder contar hoy en d\u00eda con proyectos importantes y principalmente la expansi\u00f3n territorial, y han dado m\u00e1s vida a la regi\u00f3n a trav\u00e9s de procesos de reforzar y consolidar su desarrollo territorial\u201d, cont\u00f3 la autoridad regional, para dar paso a las felicitaciones y reconocimiento otorgado al geomensor Echeverr\u00eda. \u201cEs as\u00ed que, hoy destacamos a nuestro jefe de Catastro quien lleva 18 a\u00f1os al servicio de la Seremi de Bienes Nacionales de Ays\u00e9n, adapt\u00e1ndose a las diferentes tecnolog\u00edas para seguir trabajando sus conocimientos como ingeniero geomensor, donde hoy ya no se utiliza la libreta taquim\u00e9trica, sino que, ahora se levanta la informaci\u00f3n y se registra a trav\u00e9s de drones, programas computacionales, im\u00e1genes georeferenciales, lo que va contribuyendo tambi\u00e9n al Sistema Nacional de Informaci\u00f3n Territorial, que tiene el Ministerio de Bienes Nacionales y se conoce como IDE, Infraestructura de Datos Espaciales\u201d, finaliz\u00f3.<\/p>\n<p style=\"text-align: justify;\">As\u00ed tambi\u00e9n, en estos 94 a\u00f1os de vida institucional, igualmente se relev\u00f3 el aporte transversal de Bienes Nacionales como administrador del patrimonio fiscal, pues con la disposici\u00f3n del suelo, se han levantado grandes proyectos sociales con inversi\u00f3n del Estado en \u00e1reas clave como Vivienda, Salud, Educaci\u00f3n, Deporte, Cultura, entre otras, posicionando a la Seremi de Bienes Nacionales como un actor necesario en la conversaci\u00f3n intersectorial, no solo por su importante aporte de activo a trav\u00e9s de los inmuebles fiscales, sino que tambi\u00e9n, por su mirada de gesti\u00f3n territorial. Precisamente, Mauricio Osorio Pefaur, quien hasta el a\u00f1o pasado lider\u00f3 el proyecto FIC de Rescate Patrimonial en la Seremi, relev\u00f3 que \u201cel Ministerio de Bienes Nacionales tiene una importancia capital en la consolidaci\u00f3n del poblamiento en el territorio de Ays\u00e9n, sus equipos fueron de los primeros que se desplegaron una vez se cre\u00f3 el territorio y la provincia de Ays\u00e9n a fines de los a\u00f1os 20, principios de los 30; se desplegaron para realizar la mensura de los primeros campos de aquellas personas que solicitaron que se hiciera este tr\u00e1mite, luego llevaron ese trabajo a las oficinas y generaron entonces los primeros expedienes que permitieron la entrega de t\u00edtulos provisorios y poco tiempo despu\u00e9s t\u00edtulos gratuitos y definitivos a muchos de los primeros pobladores, entonces este ministerio ha jugado un rol desde el inicio de la instalaci\u00f3n oficial y formal del Estado preponderante en la organizaci\u00f3n y estructuraci\u00f3n del territorio\u201d, cont\u00f3 el antrop\u00f3logo social y escritor.<\/p>\n<\/div><\/section><\/div><div  style='height:50px' class='hr hr-invisible   avia-builder-el-6  el_after_av_one_full  el_before_av_social_share '><span class='hr-inner ' ><span class='hr-inner-style'><\/span><\/span><\/div><\/p>\n<div  class='av-social-sharing-box  avia-builder-el-7  el_after_av_hr  el_before_av_hr  '><div class='av-share-box'><h5 class='av-share-link-description av-no-toc '>Compartir esta noticia<\/h5><ul class='av-share-box-list noLightbox'><li class='av-share-link av-social-link-facebook' ><a target=\"_blank\" aria-label=\"Compartir en Facebook\" href='https:\/\/www.facebook.com\/sharer.php?u=https:\/\/radiorevelacionfm.cl\/?p=54891&#038;t=Funcionario%20de%20Bienes%20Nacionales%20es%20destacado%20por%20sus%2018%20a%C3%B1os%20de%20servicio%20en%20la%20Unidad%20de%20Catastro%20de%20la%20propiedad%20fiscal' aria-hidden='false' data-av_icon='\ue8f3' data-av_iconfont='entypo-fontello' title='' data-avia-related-tooltip='Compartir en Facebook' rel=\"noopener\"><span class='avia_hidden_link_text'>Compartir en Facebook<\/span><\/a><\/li><li class='av-share-link av-social-link-twitter' ><a target=\"_blank\" aria-label=\"Compartir en Twitter\" href='https:\/\/twitter.com\/share?text=Funcionario%20de%20Bienes%20Nacionales%20es%20destacado%20por%20sus%2018%20a%C3%B1os%20de%20servicio%20en%20la%20Unidad%20de%20Catastro%20de%20la%20propiedad%20fiscal&#038;url=https:\/\/radiorevelacionfm.cl\/?p=54891' aria-hidden='false' data-av_icon='\ue8f1' data-av_iconfont='entypo-fontello' title='' data-avia-related-tooltip='Compartir en Twitter' rel=\"noopener\"><span class='avia_hidden_link_text'>Compartir en Twitter<\/span><\/a><\/li><li class='av-share-link av-social-link-whatsapp' ><a target=\"_blank\" aria-label=\"Compartir en Whatsapp\" href='https:\/\/api.whatsapp.com\/send?text=https:\/\/radiorevelacionfm.cl\/?p=54891' aria-hidden='false' data-av_icon='\uf232' data-av_iconfont='entypo-fontello' title='' data-avia-related-tooltip='Compartir en Whatsapp' rel=\"noopener\"><span class='avia_hidden_link_text'>Compartir en Whatsapp<\/span><\/a><\/li><li class='av-share-link av-social-link-linkedin' ><a target=\"_blank\" aria-label=\"Compartir en LinkedIn\" href='https:\/\/linkedin.com\/shareArticle?mini=true&#038;title=Funcionario%20de%20Bienes%20Nacionales%20es%20destacado%20por%20sus%2018%20a%C3%B1os%20de%20servicio%20en%20la%20Unidad%20de%20Catastro%20de%20la%20propiedad%20fiscal&#038;url=https:\/\/radiorevelacionfm.cl\/?p=54891' aria-hidden='false' data-av_icon='\ue8fc' data-av_iconfont='entypo-fontello' title='' data-avia-related-tooltip='Compartir en LinkedIn' rel=\"noopener\"><span class='avia_hidden_link_text'>Compartir en LinkedIn<\/span><\/a><\/li><li class='av-share-link av-social-link-mail' ><a  aria-label=\"Compartir por correo\" href='mailto:?subject=Funcionario%20de%20Bienes%20Nacionales%20es%20destacado%20por%20sus%2018%20a%C3%B1os%20de%20servicio%20en%20la%20Unidad%20de%20Catastro%20de%20la%20propiedad%20fiscal&#038;body=https:\/\/radiorevelacionfm.cl\/?p=54891' aria-hidden='false' data-av_icon='\ue805' data-av_iconfont='entypo-fontello' title='' data-avia-related-tooltip='Compartir por correo'><span class='avia_hidden_link_text'>Compartir por correo<\/span><\/a><\/li><\/ul><\/div><\/div>\n<div  style='height:50px' class='hr hr-invisible   avia-builder-el-8  el_after_av_social_share  el_before_av_comments_list '><span class='hr-inner ' ><span class='hr-inner-style'><\/span><\/span><\/div>\n<div  class='av-buildercomment  av-blog-meta-html-info-disabled av-blog-meta-tag-disabled  '><\/div>\n","protected":false},"excerpt":{"rendered":"","protected":false},"author":1,"featured_media":54892,"comment_status":"closed","ping_status":"closed","sticky":false,"template":"","format":"standard","meta":{"footnotes":""},"categories":[38],"tags":[],"class_list":["post-54891","post","type-post","status-publish","format-standard","has-post-thumbnail","hentry","category-regional"],"jetpack_featured_media_url":"https:\/\/radiorevelacionfm.cl\/wp-content\/uploads\/2025\/06\/foto-4-2-1.jpg","_links":{"self":[{"href":"https:\/\/radiorevelacionfm.cl\/index.php?rest_route=\/wp\/v2\/posts\/54891","targetHints":{"allow":["GET"]}}],"collection":[{"href":"https:\/\/radiorevelacionfm.cl\/index.php?rest_route=\/wp\/v2\/posts"}],"about":[{"href":"https:\/\/radiorevelacionfm.cl\/index.php?rest_route=\/wp\/v2\/types\/post"}],"author":[{"embeddable":true,"href":"https:\/\/radiorevelacionfm.cl\/index.php?rest_route=\/wp\/v2\/users\/1"}],"replies":[{"embeddable":true,"href":"https:\/\/radiorevelacionfm.cl\/index.php?rest_route=%2Fwp%2Fv2%2Fcomments&post=54891"}],"version-history":[{"count":2,"href":"https:\/\/radiorevelacionfm.cl\/index.php?rest_route=\/wp\/v2\/posts\/54891\/revisions"}],"predecessor-version":[{"id":54915,"href":"https:\/\/radiorevelacionfm.cl\/index.php?rest_route=\/wp\/v2\/posts\/54891\/revisions\/54915"}],"wp:featuredmedia":[{"embeddable":true,"href":"https:\/\/radiorevelacionfm.cl\/index.php?rest_route=\/wp\/v2\/media\/54892"}],"wp:attachment":[{"href":"https:\/\/radiorevelacionfm.cl\/index.php?rest_route=%2Fwp%2Fv2%2Fmedia&parent=54891"}],"wp:term":[{"taxonomy":"category","embeddable":true,"href":"https:\/\/radiorevelacionfm.cl\/index.php?rest_route=%2Fwp%2Fv2%2Fcategories&post=54891"},{"taxonomy":"post_tag","embeddable":true,"href":"https:\/\/radiorevelacionfm.cl\/index.php?rest_route=%2Fwp%2Fv2%2Ftags&post=54891"}],"curies":[{"name":"wp","href":"https:\/\/api.w.org\/{rel}","templated":true}]}}