{"id":54887,"date":"2025-06-05T18:16:37","date_gmt":"2025-06-05T21:16:37","guid":{"rendered":"https:\/\/radiorevelacionfm.cl\/?p=54887"},"modified":"2025-06-05T18:16:37","modified_gmt":"2025-06-05T21:16:37","slug":"injuv-realiza-activacion-regional-en-la-comuna-de-cisnes-para-promover-el-autocuidado-y-la-salud-mental-en-juventudes","status":"publish","type":"post","link":"https:\/\/radiorevelacionfm.cl\/?p=54887","title":{"rendered":"INJUV realiza activaci\u00f3n regional en la comuna de Cisnes para promover el autocuidado y la salud mental en juventudes"},"content":{"rendered":"<div class=\"flex_column av_one_full  flex_column_div av-zero-column-padding first  avia-builder-el-0  el_before_av_one_full  avia-builder-el-first  \" style='border-radius:0px; '><div  class='avia-image-container  av-styling-    avia-builder-el-1  avia-builder-el-no-sibling  avia-align-center '  itemprop=\"image\" itemscope=\"itemscope\" itemtype=\"https:\/\/schema.org\/ImageObject\"  ><div class='avia-image-container-inner'><div class='avia-image-overlay-wrap'><img decoding=\"async\" class='wp-image-54888 avia-img-lazy-loading-not-54888 avia_image' src=\"https:\/\/radiorevelacionfm.cl\/wp-content\/uploads\/2025\/06\/FOTO-9-3-1-1.jpg\" alt='' title='FOTO 9 (3) (1) (1)' height=\"600\" width=\"1067\"  itemprop=\"thumbnailUrl\" srcset=\"https:\/\/radiorevelacionfm.cl\/wp-content\/uploads\/2025\/06\/FOTO-9-3-1-1.jpg 1067w, https:\/\/radiorevelacionfm.cl\/wp-content\/uploads\/2025\/06\/FOTO-9-3-1-1-300x169.jpg 300w, https:\/\/radiorevelacionfm.cl\/wp-content\/uploads\/2025\/06\/FOTO-9-3-1-1-1030x579.jpg 1030w, https:\/\/radiorevelacionfm.cl\/wp-content\/uploads\/2025\/06\/FOTO-9-3-1-1-768x432.jpg 768w, https:\/\/radiorevelacionfm.cl\/wp-content\/uploads\/2025\/06\/FOTO-9-3-1-1-705x396.jpg 705w, https:\/\/radiorevelacionfm.cl\/wp-content\/uploads\/2025\/06\/FOTO-9-3-1-1-450x253.jpg 450w, https:\/\/radiorevelacionfm.cl\/wp-content\/uploads\/2025\/06\/FOTO-9-3-1-1-600x337.jpg 600w\" sizes=\"(max-width: 1067px) 100vw, 1067px\" \/><\/div><\/div><\/div><\/div><div class=\"flex_column av_one_full  flex_column_div av-zero-column-padding first  avia-builder-el-2  el_after_av_one_full  el_before_av_one_full  column-top-margin\" style='border-radius:0px; '><section class=\"av_textblock_section \"  itemscope=\"itemscope\" itemtype=\"https:\/\/schema.org\/BlogPosting\" itemprop=\"blogPost\" ><div class='avia_textblock  '   itemprop=\"text\" ><p style=\"text-align: center;\"><span style=\"font-size: 18pt;\"><strong>INJUV realiza activaci\u00f3n regional en <\/strong><strong>la comuna de <\/strong><strong>Cisnes para promover el autocuid<\/strong><strong>ado y la salud mental en juventudes<\/strong><\/span><\/p>\n<div id=\"gtx-trans\" style=\"position: absolute; left: -50px; top: 4.31534px;\">\n<div class=\"gtx-trans-icon\"><\/div>\n<\/div>\n<\/div><\/section><\/div><div class=\"flex_column av_one_full  flex_column_div av-zero-column-padding first  avia-builder-el-4  el_after_av_one_full  el_before_av_hr  column-top-margin\" style='border-radius:0px; '><section class=\"av_textblock_section \"  itemscope=\"itemscope\" itemtype=\"https:\/\/schema.org\/BlogPosting\" itemprop=\"blogPost\" ><div class='avia_textblock  '   itemprop=\"text\" ><p style=\"text-align: justify;\">Con el objetivo de promover el bienestar f\u00edsico y mental de las juventudes, el Instituto Nacional de la Juventud (INJUV) llev\u00f3 a cabo una activaci\u00f3n regional en el Liceo Arturo Prat Chac\u00f3n de la comuna de Cisnes, en el marco del programa Hablemos de Todo.<\/p>\n<p style=\"text-align: justify;\">La actividad estuvo dirigida a estudiantes de cuarto a\u00f1o medio y fue liderada por el psic\u00f3logo y diplomado en Mediaci\u00f3n Escolar, Francisco Flores Vargas, quien abord\u00f3 tem\u00e1ticas relacionadas con la ansiedad, entregando informaci\u00f3n actualizada y basada en evidencia cient\u00edfica. El prop\u00f3sito fue dotar a las y los j\u00f3venes de herramientas concretas para identificar, comprender y manejar esta problem\u00e1tica de salud mental cada vez m\u00e1s presente en su entorno.<\/p>\n<p style=\"text-align: justify;\">\u00ab<em>Desde INJUV Ays\u00e9n tenemos un compromiso profundo con el bienestar integral de las juventudes del territorio. Esta activaci\u00f3n en la comuna de Cisnes no es un hecho aislado, sino parte de una estrategia regional que busca acercar herramientas de autocuidado y salud mental a cada rinc\u00f3n de nuestra regi\u00f3n. Sabemos que la ansiedad es una realidad presente en la vida de muchas y muchos j\u00f3venes, y creemos firmemente que hablar de ello, informarse y contar con apoyo profesional puede marcar una diferencia enorme. Nuestra misi\u00f3n es estar donde las juventudes est\u00e1n, acompa\u00f1arlas, escucharlas y construir espacios seguros donde puedan desarrollarse con dignidad y bienestar<\/em>\u201d, sostuvo el Director Regional de INJUV Ays\u00e9n, Camilo Trivi\u00f1o Urtubia.<\/p>\n<p style=\"text-align: justify;\">En tanto, Evelyn Salgado Vel\u00e1squez, estudiante de cuarto a\u00f1o medio del Liceo Arturo Prat Chac\u00f3n, se\u00f1al\u00f3 que <em>\u201cme gust\u00f3 mucho la actividad, fue muy entretenida. En lo personal, la charla result\u00f3 s\u00faper bien, hicieron bastantes actividades que me gustaron. Es importante informarse sobre la ansiedad, ya que muchas veces no sabemos reconocerla ni c\u00f3mo actuar o disminuirla. Me gustar\u00eda mucho que el INJUV siguiera realizando este tipo de actividades en mi liceo<\/em>\u201d.<\/p>\n<p style=\"text-align: justify;\">Adem\u00e1s de las actividades presenciales, el programa Hablemos de Todo ofrece un servicio de chat en l\u00ednea gratuito y confidencial, atendido por profesionales de la salud mental. Este canal funciona de lunes a viernes entre las 10:00 y 21:00 horas, y los s\u00e1bados de 11:00 a 17:00 horas, proporcionando orientaci\u00f3n, contenci\u00f3n emocional y derivaci\u00f3n en caso de ser necesario.<\/p>\n<p style=\"text-align: justify;\">Durante este 2025, el programa enfocar\u00e1 su trabajo en tres tem\u00e1ticas priorizadas por las propias juventudes durante el Encuentro Territorial 2024: Ansiedad, Consumo de Alcohol y Drogas, e Interrupci\u00f3n Voluntaria del Embarazo. Estos temas ser\u00e1n el eje central del abordaje en la regi\u00f3n de Ays\u00e9n.<\/p>\n<p style=\"text-align: justify;\">Las y los j\u00f3venes interesados pueden obtener m\u00e1s informaci\u00f3n a trav\u00e9s del sitio web <a href=\"http:\/\/hablemosdetodo.injuv.gob.cl\">http:\/\/hablemosdetodo.injuv.gob.cl<\/a>, en redes sociales (@injuvaysen en Instagram, Twitter y Facebook) o de manera presencial en la Direcci\u00f3n Regional de INJUV Ays\u00e9n, ubicada en Manuel Rodr\u00edguez #239, Coyhaique, de lunes a viernes entre las 08:00 y 13:00 horas, y de 14:00 a 17:00 horas (viernes hasta las 16:00).<\/p>\n<\/div><\/section><\/div><div  style='height:50px' class='hr hr-invisible   avia-builder-el-6  el_after_av_one_full  el_before_av_social_share '><span class='hr-inner ' ><span class='hr-inner-style'><\/span><\/span><\/div><\/p>\n<div  class='av-social-sharing-box  avia-builder-el-7  el_after_av_hr  el_before_av_hr  '><div class='av-share-box'><h5 class='av-share-link-description av-no-toc '>Compartir esta noticia<\/h5><ul class='av-share-box-list noLightbox'><li class='av-share-link av-social-link-facebook' ><a target=\"_blank\" aria-label=\"Compartir en Facebook\" href='https:\/\/www.facebook.com\/sharer.php?u=https:\/\/radiorevelacionfm.cl\/?p=54887&#038;t=INJUV%20realiza%20activaci%C3%B3n%20regional%20en%20la%20comuna%20de%20Cisnes%20para%20promover%20el%20autocuidado%20y%20la%20salud%20mental%20en%20juventudes' aria-hidden='false' data-av_icon='\ue8f3' data-av_iconfont='entypo-fontello' title='' data-avia-related-tooltip='Compartir en Facebook' rel=\"noopener\"><span class='avia_hidden_link_text'>Compartir en Facebook<\/span><\/a><\/li><li class='av-share-link av-social-link-twitter' ><a target=\"_blank\" aria-label=\"Compartir en Twitter\" href='https:\/\/twitter.com\/share?text=INJUV%20realiza%20activaci%C3%B3n%20regional%20en%20la%20comuna%20de%20Cisnes%20para%20promover%20el%20autocuidado%20y%20la%20salud%20mental%20en%20juventudes&#038;url=https:\/\/radiorevelacionfm.cl\/?p=54887' aria-hidden='false' data-av_icon='\ue8f1' data-av_iconfont='entypo-fontello' title='' data-avia-related-tooltip='Compartir en Twitter' rel=\"noopener\"><span class='avia_hidden_link_text'>Compartir en Twitter<\/span><\/a><\/li><li class='av-share-link av-social-link-whatsapp' ><a target=\"_blank\" aria-label=\"Compartir en Whatsapp\" href='https:\/\/api.whatsapp.com\/send?text=https:\/\/radiorevelacionfm.cl\/?p=54887' aria-hidden='false' data-av_icon='\uf232' data-av_iconfont='entypo-fontello' title='' data-avia-related-tooltip='Compartir en Whatsapp' rel=\"noopener\"><span class='avia_hidden_link_text'>Compartir en Whatsapp<\/span><\/a><\/li><li class='av-share-link av-social-link-linkedin' ><a target=\"_blank\" aria-label=\"Compartir en LinkedIn\" href='https:\/\/linkedin.com\/shareArticle?mini=true&#038;title=INJUV%20realiza%20activaci%C3%B3n%20regional%20en%20la%20comuna%20de%20Cisnes%20para%20promover%20el%20autocuidado%20y%20la%20salud%20mental%20en%20juventudes&#038;url=https:\/\/radiorevelacionfm.cl\/?p=54887' aria-hidden='false' data-av_icon='\ue8fc' data-av_iconfont='entypo-fontello' title='' data-avia-related-tooltip='Compartir en LinkedIn' rel=\"noopener\"><span class='avia_hidden_link_text'>Compartir en LinkedIn<\/span><\/a><\/li><li class='av-share-link av-social-link-mail' ><a  aria-label=\"Compartir por correo\" href='mailto:?subject=INJUV%20realiza%20activaci%C3%B3n%20regional%20en%20la%20comuna%20de%20Cisnes%20para%20promover%20el%20autocuidado%20y%20la%20salud%20mental%20en%20juventudes&#038;body=https:\/\/radiorevelacionfm.cl\/?p=54887' aria-hidden='false' data-av_icon='\ue805' data-av_iconfont='entypo-fontello' title='' data-avia-related-tooltip='Compartir por correo'><span class='avia_hidden_link_text'>Compartir por correo<\/span><\/a><\/li><\/ul><\/div><\/div>\n<div  style='height:50px' class='hr hr-invisible   avia-builder-el-8  el_after_av_social_share  el_before_av_comments_list '><span class='hr-inner ' ><span class='hr-inner-style'><\/span><\/span><\/div>\n<div  class='av-buildercomment  av-blog-meta-html-info-disabled av-blog-meta-tag-disabled  '><\/div>\n","protected":false},"excerpt":{"rendered":"","protected":false},"author":1,"featured_media":54888,"comment_status":"closed","ping_status":"closed","sticky":false,"template":"","format":"standard","meta":{"footnotes":""},"categories":[49],"tags":[],"class_list":["post-54887","post","type-post","status-publish","format-standard","has-post-thumbnail","hentry","category-educacion"],"jetpack_featured_media_url":"https:\/\/radiorevelacionfm.cl\/wp-content\/uploads\/2025\/06\/FOTO-9-3-1-1.jpg","_links":{"self":[{"href":"https:\/\/radiorevelacionfm.cl\/index.php?rest_route=\/wp\/v2\/posts\/54887","targetHints":{"allow":["GET"]}}],"collection":[{"href":"https:\/\/radiorevelacionfm.cl\/index.php?rest_route=\/wp\/v2\/posts"}],"about":[{"href":"https:\/\/radiorevelacionfm.cl\/index.php?rest_route=\/wp\/v2\/types\/post"}],"author":[{"embeddable":true,"href":"https:\/\/radiorevelacionfm.cl\/index.php?rest_route=\/wp\/v2\/users\/1"}],"replies":[{"embeddable":true,"href":"https:\/\/radiorevelacionfm.cl\/index.php?rest_route=%2Fwp%2Fv2%2Fcomments&post=54887"}],"version-history":[{"count":2,"href":"https:\/\/radiorevelacionfm.cl\/index.php?rest_route=\/wp\/v2\/posts\/54887\/revisions"}],"predecessor-version":[{"id":54890,"href":"https:\/\/radiorevelacionfm.cl\/index.php?rest_route=\/wp\/v2\/posts\/54887\/revisions\/54890"}],"wp:featuredmedia":[{"embeddable":true,"href":"https:\/\/radiorevelacionfm.cl\/index.php?rest_route=\/wp\/v2\/media\/54888"}],"wp:attachment":[{"href":"https:\/\/radiorevelacionfm.cl\/index.php?rest_route=%2Fwp%2Fv2%2Fmedia&parent=54887"}],"wp:term":[{"taxonomy":"category","embeddable":true,"href":"https:\/\/radiorevelacionfm.cl\/index.php?rest_route=%2Fwp%2Fv2%2Fcategories&post=54887"},{"taxonomy":"post_tag","embeddable":true,"href":"https:\/\/radiorevelacionfm.cl\/index.php?rest_route=%2Fwp%2Fv2%2Ftags&post=54887"}],"curies":[{"name":"wp","href":"https:\/\/api.w.org\/{rel}","templated":true}]}}