{"id":54884,"date":"2025-06-05T21:01:47","date_gmt":"2025-06-06T00:01:47","guid":{"rendered":"https:\/\/radiorevelacionfm.cl\/?p=54884"},"modified":"2025-06-05T21:01:47","modified_gmt":"2025-06-06T00:01:47","slug":"seremi-de-ciencia-como-gobierno-reconocemos-la-importancia-de-la-ciencia-y-la-tecnologia-como-motores-del-desarrollo-sostenible","status":"publish","type":"post","link":"https:\/\/radiorevelacionfm.cl\/?p=54884","title":{"rendered":"Seremi de Ciencia: \u00abComo Gobierno reconocemos la importancia de la ciencia y la tecnolog\u00eda como motores del desarrollo sostenible\u00bb"},"content":{"rendered":"<div class=\"flex_column av_one_full  flex_column_div av-zero-column-padding first  avia-builder-el-0  el_before_av_one_full  avia-builder-el-first  \" style='border-radius:0px; '><div  class='avia-image-container  av-styling-    avia-builder-el-1  avia-builder-el-no-sibling  avia-align-center '  itemprop=\"image\" itemscope=\"itemscope\" itemtype=\"https:\/\/schema.org\/ImageObject\"  ><div class='avia-image-container-inner'><div class='avia-image-overlay-wrap'><img decoding=\"async\" class='wp-image-54885 avia-img-lazy-loading-not-54885 avia_image' src=\"https:\/\/radiorevelacionfm.cl\/wp-content\/uploads\/2025\/06\/VVallejos-1-2.jpg\" alt='' title='VVallejos (1) (2)' height=\"600\" width=\"905\"  itemprop=\"thumbnailUrl\" srcset=\"https:\/\/radiorevelacionfm.cl\/wp-content\/uploads\/2025\/06\/VVallejos-1-2.jpg 905w, https:\/\/radiorevelacionfm.cl\/wp-content\/uploads\/2025\/06\/VVallejos-1-2-300x199.jpg 300w, https:\/\/radiorevelacionfm.cl\/wp-content\/uploads\/2025\/06\/VVallejos-1-2-768x509.jpg 768w, https:\/\/radiorevelacionfm.cl\/wp-content\/uploads\/2025\/06\/VVallejos-1-2-705x467.jpg 705w, https:\/\/radiorevelacionfm.cl\/wp-content\/uploads\/2025\/06\/VVallejos-1-2-450x298.jpg 450w, https:\/\/radiorevelacionfm.cl\/wp-content\/uploads\/2025\/06\/VVallejos-1-2-600x398.jpg 600w\" sizes=\"(max-width: 905px) 100vw, 905px\" \/><\/div><\/div><\/div><\/div><div class=\"flex_column av_one_full  flex_column_div av-zero-column-padding first  avia-builder-el-2  el_after_av_one_full  el_before_av_one_full  column-top-margin\" style='border-radius:0px; '><section class=\"av_textblock_section \"  itemscope=\"itemscope\" itemtype=\"https:\/\/schema.org\/BlogPosting\" itemprop=\"blogPost\" ><div class='avia_textblock  '   itemprop=\"text\" ><p style=\"text-align: center;\"><span style=\"font-size: 18pt;\"><b>Seremi de Ciencia: \u00abComo Gobierno reconocemos la importancia de la ciencia y la tecnolog\u00eda como motores del desarrollo sostenible\u00bb<\/b><\/span><\/p>\n<div id=\"gtx-trans\" style=\"position: absolute; left: -50px; top: 4.31534px;\">\n<div class=\"gtx-trans-icon\"><\/div>\n<\/div>\n<\/div><\/section><\/div><div class=\"flex_column av_one_full  flex_column_div av-zero-column-padding first  avia-builder-el-4  el_after_av_one_full  el_before_av_hr  column-top-margin\" style='border-radius:0px; '><section class=\"av_textblock_section \"  itemscope=\"itemscope\" itemtype=\"https:\/\/schema.org\/BlogPosting\" itemprop=\"blogPost\" ><div class='avia_textblock  '   itemprop=\"text\" ><p class=\"v1MsoNormal\" style=\"text-align: justify;\"><i>En la cuarta y \u00faltima cuenta p\u00fablica de su mandato, el Presidente Boric destac\u00f3 la importancia de invertir en ciencia, tecnolog\u00eda, conocimiento e innovaci\u00f3n, todo ello orientado a los desaf\u00edos productivos y ambientales de nuestra econom\u00eda.<\/i><\/p>\n<p class=\"v1MsoNormal\" style=\"text-align: justify;\"><b>\u00a0<\/b>La construcci\u00f3n de dos nuevos centros de superc\u00f3mputo, el desarrollo de Latam GPT, el financiamiento estructural en investigaci\u00f3n para las universidades, y el incremento del presupuesto para investigaci\u00f3n Ant\u00e1rtica son algunos de los temas que se destacaron en la Cuenta P\u00fablica 2025 y que, en palabras de la seremi de Ciencia Ver\u00f3nica Vallejos, demuestran que \u00abcomo gobierno reconocemos la importancia de la ciencia y la tecnolog\u00eda como motores del desarrollo sostenible, por eso estamos trabajando arduamente para que nuestro pa\u00eds cuente con las capacidades, infraestructura y talentos que le permitan construir un futuro inclusivo y competitivo, equilibrando lo econ\u00f3mico con la protecci\u00f3n socioambiental\u00bb.<\/p>\n<p class=\"v1MsoNormal\" style=\"text-align: justify;\">Con una inversi\u00f3n total adjudicada de USD 14 millones, y en el marco del Programa de Desarrollo Productivo Sostenible, se adjudicaron este a\u00f1o los dos primeros centros nacionales de superc\u00f3mputo orientados al desarrollo de inteligencia artificial (IA). Esta acci\u00f3n busca fortalecer la infraestructura tecnol\u00f3gica del pa\u00eds, consolidar capacidades soberanas en IA y permitir que actores p\u00fablicos, privados y acad\u00e9micos accedan a recursos de alta computaci\u00f3n.<\/p>\n<p class=\"v1MsoNormal\" style=\"text-align: justify;\">Por su parte Latam GPT es el primer modelo de lenguaje de gran tama\u00f1o de Am\u00e9rica Latina y el Caribe. Est\u00e1 coordinado desde Chile por el Centro Nacional de Inteligencia Artificial, CENIA, y desarrollado de manera colaborativa con pa\u00edses de toda la regi\u00f3n para responder a las necesidades latinoamericanas, incorporando idioma, cultura y conocimiento del contexto local, asegurando as\u00ed un menor sesgo y mayor precisi\u00f3n.<\/p>\n<p class=\"v1MsoNormal\" style=\"text-align: justify;\">El Financiamiento Estructural I+D+i Universitario (FIU) destac\u00f3 el 2024, cumpliendo con el compromiso del mandatario con las instituciones de educaci\u00f3n superior, complementando el modelo de financiamiento por proyecto, pero orientando los recursos a necesidades territoriales, impulsando la creaci\u00f3n de conocimientos y tecnolog\u00edas aplicadas en todo Chile. \u00abLas universidades de Ays\u00e9n y Magallanes han sido beneficiadas con este fondo, que en su primera etapa les entreg\u00f3 $100 millones a cada una para la elaboraci\u00f3n del diagn\u00f3stico de sus capacidades y la identificaci\u00f3n de las brechas institucionales, y luego dise\u00f1ar un plan de desarrollo de la investigaci\u00f3n a largo plazo\u00bb, indic\u00f3 Vallejos.<\/p>\n<p class=\"v1MsoNormal\" style=\"text-align: justify;\">El compromiso del Gobierno con la Ant\u00e1rtica tambi\u00e9n estuvo presente en esta cuenta p\u00fablica. En este contexto se ha incrementado significativamente el financiamiento destinado a investigaci\u00f3n, infraestructura y soporte log\u00edstico, destin\u00e1ndose para este a\u00f1o al menos $10 mil 300 millones orientados espec\u00edficamente a la Ciencia Ant\u00e1rtica, garantizando as\u00ed capacidades sostenibles para la investigaci\u00f3n.<\/p>\n<p class=\"v1MsoNormal\" style=\"text-align: justify;\">\u00abLa Regi\u00f3n de Magallanes y de la Ant\u00e1rtica Chilena posee un laboratorio natural de inter\u00e9s internacional, la Ant\u00e1rtica, y reconocemos la importancia de estudiarla para entender fen\u00f3menos que nos afectan a todas y todos, como lo es el cambio clim\u00e1tico. Es por eso que este a\u00f1o logramos aumentar en m\u00e1s de 2 mil millones el presupuesto destinado para su investigaci\u00f3n, fondos con los que se financiar\u00e1n m\u00e1s proyectos, expediciones ant\u00e1rticas, se invertir\u00e1 en equipamiento y mejoraremos la conectividad digital. Queremos conocer mejor el continente blanco y lograr que el conocimiento que se genere en este territorio beneficie no solo a sus habitantes, sino que a la poblaci\u00f3n\u00a0mundial\u00bb, concluy\u00f3 la autoridad macrozonal.<\/p>\n<\/div><\/section><\/div><div  style='height:50px' class='hr hr-invisible   avia-builder-el-6  el_after_av_one_full  el_before_av_social_share '><span class='hr-inner ' ><span class='hr-inner-style'><\/span><\/span><\/div><\/p>\n<div  class='av-social-sharing-box  avia-builder-el-7  el_after_av_hr  el_before_av_hr  '><div class='av-share-box'><h5 class='av-share-link-description av-no-toc '>Compartir esta noticia<\/h5><ul class='av-share-box-list noLightbox'><li class='av-share-link av-social-link-facebook' ><a target=\"_blank\" aria-label=\"Compartir en Facebook\" href='https:\/\/www.facebook.com\/sharer.php?u=https:\/\/radiorevelacionfm.cl\/?p=54884&#038;t=Seremi%20de%20Ciencia%3A%20%C2%ABComo%20Gobierno%20reconocemos%20la%20importancia%20de%20la%20ciencia%20y%20la%20tecnolog%C3%ADa%20como%20motores%20del%20desarrollo%20sostenible%C2%BB' aria-hidden='false' data-av_icon='\ue8f3' data-av_iconfont='entypo-fontello' title='' data-avia-related-tooltip='Compartir en Facebook' rel=\"noopener\"><span class='avia_hidden_link_text'>Compartir en Facebook<\/span><\/a><\/li><li class='av-share-link av-social-link-twitter' ><a target=\"_blank\" aria-label=\"Compartir en Twitter\" href='https:\/\/twitter.com\/share?text=Seremi%20de%20Ciencia%3A%20%C2%ABComo%20Gobierno%20reconocemos%20la%20importancia%20de%20la%20ciencia%20y%20la%20tecnolog%C3%ADa%20como%20motores%20del%20desarrollo%20sostenible%C2%BB&#038;url=https:\/\/radiorevelacionfm.cl\/?p=54884' aria-hidden='false' data-av_icon='\ue8f1' data-av_iconfont='entypo-fontello' title='' data-avia-related-tooltip='Compartir en Twitter' rel=\"noopener\"><span class='avia_hidden_link_text'>Compartir en Twitter<\/span><\/a><\/li><li class='av-share-link av-social-link-whatsapp' ><a target=\"_blank\" aria-label=\"Compartir en Whatsapp\" href='https:\/\/api.whatsapp.com\/send?text=https:\/\/radiorevelacionfm.cl\/?p=54884' aria-hidden='false' data-av_icon='\uf232' data-av_iconfont='entypo-fontello' title='' data-avia-related-tooltip='Compartir en Whatsapp' rel=\"noopener\"><span class='avia_hidden_link_text'>Compartir en Whatsapp<\/span><\/a><\/li><li class='av-share-link av-social-link-linkedin' ><a target=\"_blank\" aria-label=\"Compartir en LinkedIn\" href='https:\/\/linkedin.com\/shareArticle?mini=true&#038;title=Seremi%20de%20Ciencia%3A%20%C2%ABComo%20Gobierno%20reconocemos%20la%20importancia%20de%20la%20ciencia%20y%20la%20tecnolog%C3%ADa%20como%20motores%20del%20desarrollo%20sostenible%C2%BB&#038;url=https:\/\/radiorevelacionfm.cl\/?p=54884' aria-hidden='false' data-av_icon='\ue8fc' data-av_iconfont='entypo-fontello' title='' data-avia-related-tooltip='Compartir en LinkedIn' rel=\"noopener\"><span class='avia_hidden_link_text'>Compartir en LinkedIn<\/span><\/a><\/li><li class='av-share-link av-social-link-mail' ><a  aria-label=\"Compartir por correo\" href='mailto:?subject=Seremi%20de%20Ciencia%3A%20%C2%ABComo%20Gobierno%20reconocemos%20la%20importancia%20de%20la%20ciencia%20y%20la%20tecnolog%C3%ADa%20como%20motores%20del%20desarrollo%20sostenible%C2%BB&#038;body=https:\/\/radiorevelacionfm.cl\/?p=54884' aria-hidden='false' data-av_icon='\ue805' data-av_iconfont='entypo-fontello' title='' data-avia-related-tooltip='Compartir por correo'><span class='avia_hidden_link_text'>Compartir por correo<\/span><\/a><\/li><\/ul><\/div><\/div>\n<div  style='height:50px' class='hr hr-invisible   avia-builder-el-8  el_after_av_social_share  el_before_av_comments_list '><span class='hr-inner ' ><span class='hr-inner-style'><\/span><\/span><\/div>\n<div  class='av-buildercomment  av-blog-meta-html-info-disabled av-blog-meta-tag-disabled  '><\/div>\n","protected":false},"excerpt":{"rendered":"","protected":false},"author":1,"featured_media":54885,"comment_status":"closed","ping_status":"closed","sticky":false,"template":"","format":"standard","meta":{"footnotes":""},"categories":[38],"tags":[],"class_list":["post-54884","post","type-post","status-publish","format-standard","has-post-thumbnail","hentry","category-regional"],"jetpack_featured_media_url":"https:\/\/radiorevelacionfm.cl\/wp-content\/uploads\/2025\/06\/VVallejos-1-2.jpg","_links":{"self":[{"href":"https:\/\/radiorevelacionfm.cl\/index.php?rest_route=\/wp\/v2\/posts\/54884","targetHints":{"allow":["GET"]}}],"collection":[{"href":"https:\/\/radiorevelacionfm.cl\/index.php?rest_route=\/wp\/v2\/posts"}],"about":[{"href":"https:\/\/radiorevelacionfm.cl\/index.php?rest_route=\/wp\/v2\/types\/post"}],"author":[{"embeddable":true,"href":"https:\/\/radiorevelacionfm.cl\/index.php?rest_route=\/wp\/v2\/users\/1"}],"replies":[{"embeddable":true,"href":"https:\/\/radiorevelacionfm.cl\/index.php?rest_route=%2Fwp%2Fv2%2Fcomments&post=54884"}],"version-history":[{"count":2,"href":"https:\/\/radiorevelacionfm.cl\/index.php?rest_route=\/wp\/v2\/posts\/54884\/revisions"}],"predecessor-version":[{"id":54914,"href":"https:\/\/radiorevelacionfm.cl\/index.php?rest_route=\/wp\/v2\/posts\/54884\/revisions\/54914"}],"wp:featuredmedia":[{"embeddable":true,"href":"https:\/\/radiorevelacionfm.cl\/index.php?rest_route=\/wp\/v2\/media\/54885"}],"wp:attachment":[{"href":"https:\/\/radiorevelacionfm.cl\/index.php?rest_route=%2Fwp%2Fv2%2Fmedia&parent=54884"}],"wp:term":[{"taxonomy":"category","embeddable":true,"href":"https:\/\/radiorevelacionfm.cl\/index.php?rest_route=%2Fwp%2Fv2%2Fcategories&post=54884"},{"taxonomy":"post_tag","embeddable":true,"href":"https:\/\/radiorevelacionfm.cl\/index.php?rest_route=%2Fwp%2Fv2%2Ftags&post=54884"}],"curies":[{"name":"wp","href":"https:\/\/api.w.org\/{rel}","templated":true}]}}