{"id":54881,"date":"2025-06-05T20:43:48","date_gmt":"2025-06-05T23:43:48","guid":{"rendered":"https:\/\/radiorevelacionfm.cl\/?p=54881"},"modified":"2025-06-05T20:43:48","modified_gmt":"2025-06-05T23:43:48","slug":"aysen-hiperpatagonico-y-corfo-impulsan-programa-para-fortalecer-a-productores-locales-y-mejorar-la-cadena-alimentaria-en-aysen","status":"publish","type":"post","link":"https:\/\/radiorevelacionfm.cl\/?p=54881","title":{"rendered":"Ays\u00e9n &#8211; HiperPatag\u00f3nico y Corfo impulsan programa para fortalecer a productores locales y mejorar la cadena alimentaria en Ays\u00e9n"},"content":{"rendered":"<div class=\"flex_column av_one_full  flex_column_div av-zero-column-padding first  avia-builder-el-0  el_before_av_one_full  avia-builder-el-first  \" style='border-radius:0px; '><div  class='avia-image-container  av-styling-    avia-builder-el-1  avia-builder-el-no-sibling  avia-align-center '  itemprop=\"image\" itemscope=\"itemscope\" itemtype=\"https:\/\/schema.org\/ImageObject\"  ><div class='avia-image-container-inner'><div class='avia-image-overlay-wrap'><img decoding=\"async\" class='wp-image-54882 avia-img-lazy-loading-not-54882 avia_image' src=\"https:\/\/radiorevelacionfm.cl\/wp-content\/uploads\/2025\/06\/gourmet-1-1.jpg\" alt='' title='gourmet (1) (1)' height=\"600\" width=\"731\"  itemprop=\"thumbnailUrl\" srcset=\"https:\/\/radiorevelacionfm.cl\/wp-content\/uploads\/2025\/06\/gourmet-1-1.jpg 731w, https:\/\/radiorevelacionfm.cl\/wp-content\/uploads\/2025\/06\/gourmet-1-1-300x246.jpg 300w, https:\/\/radiorevelacionfm.cl\/wp-content\/uploads\/2025\/06\/gourmet-1-1-705x579.jpg 705w, https:\/\/radiorevelacionfm.cl\/wp-content\/uploads\/2025\/06\/gourmet-1-1-450x369.jpg 450w, https:\/\/radiorevelacionfm.cl\/wp-content\/uploads\/2025\/06\/gourmet-1-1-600x492.jpg 600w\" sizes=\"(max-width: 731px) 100vw, 731px\" \/><\/div><\/div><\/div><\/div><div class=\"flex_column av_one_full  flex_column_div av-zero-column-padding first  avia-builder-el-2  el_after_av_one_full  el_before_av_one_full  column-top-margin\" style='border-radius:0px; '><section class=\"av_textblock_section \"  itemscope=\"itemscope\" itemtype=\"https:\/\/schema.org\/BlogPosting\" itemprop=\"blogPost\" ><div class='avia_textblock  '   itemprop=\"text\" ><p style=\"text-align: center;\"><span style=\"font-size: 18pt;\"><b>Ays\u00e9n &#8211; HiperPatag\u00f3nico y Corfo impulsan programa para fortalecer a productores locales y mejorar la cadena alimentaria en Ays\u00e9n<\/b><\/span><\/p>\n<div id=\"gtx-trans\" style=\"position: absolute; left: -50px; top: 4.31534px;\">\n<div class=\"gtx-trans-icon\"><\/div>\n<\/div>\n<\/div><\/section><\/div><div class=\"flex_column av_one_full  flex_column_div av-zero-column-padding first  avia-builder-el-4  el_after_av_one_full  el_before_av_hr  column-top-margin\" style='border-radius:0px; '><section class=\"av_textblock_section \"  itemscope=\"itemscope\" itemtype=\"https:\/\/schema.org\/BlogPosting\" itemprop=\"blogPost\" ><div class='avia_textblock  '   itemprop=\"text\" ><div>\n<p class=\"v1MsoNormal\" style=\"text-align: justify;\"><i><span lang=\"es-419\">Corfo Ays\u00e9n impulsa esta alianza p\u00fablico-privada que busca profesionalizar a proveedores regionales, promover la diversificaci\u00f3n productiva y fomentar el desarrollo sostenible mediante capacitaciones y asesor\u00edas.<\/span><\/i><i><\/i><\/p>\n<p class=\"v1MsoNormal\" style=\"text-align: justify;\">Con el objetivo de robustecer la cadena log\u00edstica alimentaria en la Regi\u00f3n de Ays\u00e9n y contribuir al desarrollo sostenible del territorio, el supermercado regional HiperPatag\u00f3nico, en alianza con Corfo Ays\u00e9n y la gesti\u00f3n t\u00e9cnica de FUDEA, est\u00e1 ejecutando el programa \u00abPlan de Mejoramiento Proveedores HiperPatag\u00f3nico\u00bb. La iniciativa, que se encuentra en su primer a\u00f1o de implementaci\u00f3n, beneficiar\u00e1 a 16 empresas locales mediante un proceso sistem\u00e1tico de diagn\u00f3stico, capacitaci\u00f3n y asesor\u00eda t\u00e9cnica especializada.<\/p>\n<p class=\"v1MsoNormal\" style=\"text-align: justify;\">\u00abPara nosotros como supermercado es una experiencia muy valiosa el trabajar junto con nuestros proveedores regionales para que ellos logren mejorar, logren planificar y logren proyectarse junto a nosotros. Es valioso porque mediante el apoyo de Corfo hay asesor\u00edas t\u00e9cnicas de profesionales que ayudan a hacer un trabajo que no es f\u00e1cil hacerlo uno solo. As\u00ed que encantados de ser parte de esta gesti\u00f3n y esperamos que en el futuro se pueda repetir\u00bb, expres\u00f3 Rodrigo Canales, gerente de HiperPatag\u00f3nico.<\/p>\n<p class=\"v1MsoNormal\" style=\"text-align: justify;\"><span lang=\"es-419\">Una de las participantes del programa, Patricia Gonz\u00e1lez, de Buen Punto, detall\u00f3 que la experiencia ha sido clave para enfrentar con mayor preparaci\u00f3n los desaf\u00edos del mercado, destacando el enfoque pr\u00e1ctico de las asesor\u00edas, especialmente en temas como inocuidad alimentaria, costos y productividad. \u00abEste es un trabajo muy serio, con herramientas reales que estamos aprovechando\u00bb, afirma, valorando tambi\u00e9n el impacto colectivo del proceso. \u00abVa a ser una semilla que germinar\u00e1 con fuerza y abrir\u00e1 camino, no solo para nosotros, sino tambi\u00e9n para otros emprendedores\u00bb, se\u00f1ala sobre esta iniciativa impulsada por HiperPatag\u00f3nico y Corfo.<\/span><\/p>\n<p class=\"v1MsoNormal\" style=\"text-align: justify;\">El programa fue dise\u00f1ado para abordar brechas espec\u00edficas en gesti\u00f3n empresarial y procesos productivos tanto de horticultores como de productores gourmet, varios de los cuales ya abastecen regularmente al supermercado y otros se preparan para hacerlo pr\u00f3ximamente. A partir de un diagn\u00f3stico t\u00e9cnico realizado por especialistas, se elabor\u00f3 un plan de trabajo personalizado para cada beneficiario.<\/p>\n<p class=\"v1MsoNormal\" style=\"text-align: justify;\"><b>PROCESO DE CAPACITACI\u00d3N<\/b><\/p>\n<p class=\"v1MsoNormal\" style=\"text-align: justify;\">Durante los primeros meses del a\u00f1o, se prioriz\u00f3 el trabajo con horticultores debido a que su temporada alta ocurre en verano. Las asesor\u00edas individuales abordaron mejoras en el manejo del compost y del sustrato, t\u00e9cnicas para registrar siembras y cosechas, y estrategias de diversificaci\u00f3n para ofrecer productos fuera de temporada. Asimismo, se realizar\u00e1n sesiones te\u00f3ricas sobre finanzas b\u00e1sicas, estructura de costos, fijaci\u00f3n de precios y evaluaci\u00f3n de rentabilidad por cultivo.<\/p>\n<p class=\"v1MsoNormal\" style=\"text-align: justify;\">En paralelo, los productores gourmet han avanzado en \u00e1reas clave como el modelo de negocios (canvas), la gesti\u00f3n de costos y los procesos productivos. Las asesor\u00edas han incluido la elaboraci\u00f3n de fichas t\u00e9cnicas, diagramas de flujo, procedimientos de sanitizaci\u00f3n y control de calidad, as\u00ed como en t\u00e9cnicas de conservaci\u00f3n de alimentos, microbiolog\u00eda, etiquetado nutricional y normativa vigente.<\/p>\n<p class=\"v1MsoNormal\" style=\"text-align: justify;\">\u00abDesde Corfo Ays\u00e9n, creemos firmemente en este tipo de alianzas p\u00fablico-privadas que nacen desde el territorio y responden a las necesidades concretas del ecosistema productivo regional. Este programa no solo mejora procesos, tambi\u00e9n ayuda a profesionalizar la oferta local, generando un impacto directo en la econom\u00eda y en el bienestar de la comunidad\u00bb, destac\u00f3 Humberto Mar\u00edn Leiva, director de Corfo Ays\u00e9n.<\/p>\n<p class=\"v1MsoNormal\" style=\"text-align: justify;\">El plan contempla tambi\u00e9n una fase de seguimiento y evaluaci\u00f3n en terreno para verificar la implementaci\u00f3n de los aprendizajes, que buscan ampliar su visi\u00f3n estrat\u00e9gica y adoptar soluciones m\u00e1s eficientes.<\/p>\n<p class=\"v1MsoNormal\" style=\"text-align: justify;\">A trav\u00e9s de este programa, HiperPatag\u00f3nico y sus aliados buscan no solo fortalecer la relaci\u00f3n entre productores y consumidores locales, sino tambi\u00e9n consolidar un modelo replicable de articulaci\u00f3n regional que contribuya a una Ays\u00e9n m\u00e1s resiliente, autosuficiente y comprometida con la producci\u00f3n sustentable.<\/p>\n<p class=\"v1MsoNormal\" style=\"text-align: justify;\">\n<\/div>\n<\/div><\/section><\/div><div  style='height:50px' class='hr hr-invisible   avia-builder-el-6  el_after_av_one_full  el_before_av_social_share '><span class='hr-inner ' ><span class='hr-inner-style'><\/span><\/span><\/div><\/p>\n<div  class='av-social-sharing-box  avia-builder-el-7  el_after_av_hr  el_before_av_hr  '><div class='av-share-box'><h5 class='av-share-link-description av-no-toc '>Compartir esta noticia<\/h5><ul class='av-share-box-list noLightbox'><li class='av-share-link av-social-link-facebook' ><a target=\"_blank\" aria-label=\"Compartir en Facebook\" href='https:\/\/www.facebook.com\/sharer.php?u=https:\/\/radiorevelacionfm.cl\/?p=54881&#038;t=Ays%C3%A9n%20%E2%80%93%20HiperPatag%C3%B3nico%20y%20Corfo%20impulsan%20programa%20para%20fortalecer%20a%20productores%20locales%20y%20mejorar%20la%20cadena%20alimentaria%20en%20Ays%C3%A9n' aria-hidden='false' data-av_icon='\ue8f3' data-av_iconfont='entypo-fontello' title='' data-avia-related-tooltip='Compartir en Facebook' rel=\"noopener\"><span class='avia_hidden_link_text'>Compartir en Facebook<\/span><\/a><\/li><li class='av-share-link av-social-link-twitter' ><a target=\"_blank\" aria-label=\"Compartir en Twitter\" href='https:\/\/twitter.com\/share?text=Ays%C3%A9n%20%E2%80%93%20HiperPatag%C3%B3nico%20y%20Corfo%20impulsan%20programa%20para%20fortalecer%20a%20productores%20locales%20y%20mejorar%20la%20cadena%20alimentaria%20en%20Ays%C3%A9n&#038;url=https:\/\/radiorevelacionfm.cl\/?p=54881' aria-hidden='false' data-av_icon='\ue8f1' data-av_iconfont='entypo-fontello' title='' data-avia-related-tooltip='Compartir en Twitter' rel=\"noopener\"><span class='avia_hidden_link_text'>Compartir en Twitter<\/span><\/a><\/li><li class='av-share-link av-social-link-whatsapp' ><a target=\"_blank\" aria-label=\"Compartir en Whatsapp\" href='https:\/\/api.whatsapp.com\/send?text=https:\/\/radiorevelacionfm.cl\/?p=54881' aria-hidden='false' data-av_icon='\uf232' data-av_iconfont='entypo-fontello' title='' data-avia-related-tooltip='Compartir en Whatsapp' rel=\"noopener\"><span class='avia_hidden_link_text'>Compartir en Whatsapp<\/span><\/a><\/li><li class='av-share-link av-social-link-linkedin' ><a target=\"_blank\" aria-label=\"Compartir en LinkedIn\" href='https:\/\/linkedin.com\/shareArticle?mini=true&#038;title=Ays%C3%A9n%20%E2%80%93%20HiperPatag%C3%B3nico%20y%20Corfo%20impulsan%20programa%20para%20fortalecer%20a%20productores%20locales%20y%20mejorar%20la%20cadena%20alimentaria%20en%20Ays%C3%A9n&#038;url=https:\/\/radiorevelacionfm.cl\/?p=54881' aria-hidden='false' data-av_icon='\ue8fc' data-av_iconfont='entypo-fontello' title='' data-avia-related-tooltip='Compartir en LinkedIn' rel=\"noopener\"><span class='avia_hidden_link_text'>Compartir en LinkedIn<\/span><\/a><\/li><li class='av-share-link av-social-link-mail' ><a  aria-label=\"Compartir por correo\" href='mailto:?subject=Ays%C3%A9n%20%E2%80%93%20HiperPatag%C3%B3nico%20y%20Corfo%20impulsan%20programa%20para%20fortalecer%20a%20productores%20locales%20y%20mejorar%20la%20cadena%20alimentaria%20en%20Ays%C3%A9n&#038;body=https:\/\/radiorevelacionfm.cl\/?p=54881' aria-hidden='false' data-av_icon='\ue805' data-av_iconfont='entypo-fontello' title='' data-avia-related-tooltip='Compartir por correo'><span class='avia_hidden_link_text'>Compartir por correo<\/span><\/a><\/li><\/ul><\/div><\/div>\n<div  style='height:50px' class='hr hr-invisible   avia-builder-el-8  el_after_av_social_share  el_before_av_comments_list '><span class='hr-inner ' ><span class='hr-inner-style'><\/span><\/span><\/div>\n<div  class='av-buildercomment  av-blog-meta-html-info-disabled av-blog-meta-tag-disabled  '><\/div>\n","protected":false},"excerpt":{"rendered":"","protected":false},"author":1,"featured_media":54882,"comment_status":"closed","ping_status":"closed","sticky":false,"template":"","format":"standard","meta":{"footnotes":""},"categories":[37],"tags":[],"class_list":["post-54881","post","type-post","status-publish","format-standard","has-post-thumbnail","hentry","category-economia"],"jetpack_featured_media_url":"https:\/\/radiorevelacionfm.cl\/wp-content\/uploads\/2025\/06\/gourmet-1-1.jpg","_links":{"self":[{"href":"https:\/\/radiorevelacionfm.cl\/index.php?rest_route=\/wp\/v2\/posts\/54881","targetHints":{"allow":["GET"]}}],"collection":[{"href":"https:\/\/radiorevelacionfm.cl\/index.php?rest_route=\/wp\/v2\/posts"}],"about":[{"href":"https:\/\/radiorevelacionfm.cl\/index.php?rest_route=\/wp\/v2\/types\/post"}],"author":[{"embeddable":true,"href":"https:\/\/radiorevelacionfm.cl\/index.php?rest_route=\/wp\/v2\/users\/1"}],"replies":[{"embeddable":true,"href":"https:\/\/radiorevelacionfm.cl\/index.php?rest_route=%2Fwp%2Fv2%2Fcomments&post=54881"}],"version-history":[{"count":2,"href":"https:\/\/radiorevelacionfm.cl\/index.php?rest_route=\/wp\/v2\/posts\/54881\/revisions"}],"predecessor-version":[{"id":54913,"href":"https:\/\/radiorevelacionfm.cl\/index.php?rest_route=\/wp\/v2\/posts\/54881\/revisions\/54913"}],"wp:featuredmedia":[{"embeddable":true,"href":"https:\/\/radiorevelacionfm.cl\/index.php?rest_route=\/wp\/v2\/media\/54882"}],"wp:attachment":[{"href":"https:\/\/radiorevelacionfm.cl\/index.php?rest_route=%2Fwp%2Fv2%2Fmedia&parent=54881"}],"wp:term":[{"taxonomy":"category","embeddable":true,"href":"https:\/\/radiorevelacionfm.cl\/index.php?rest_route=%2Fwp%2Fv2%2Fcategories&post=54881"},{"taxonomy":"post_tag","embeddable":true,"href":"https:\/\/radiorevelacionfm.cl\/index.php?rest_route=%2Fwp%2Fv2%2Ftags&post=54881"}],"curies":[{"name":"wp","href":"https:\/\/api.w.org\/{rel}","templated":true}]}}