{"id":54877,"date":"2025-06-05T17:41:48","date_gmt":"2025-06-05T20:41:48","guid":{"rendered":"https:\/\/radiorevelacionfm.cl\/?p=54877"},"modified":"2025-06-05T17:41:48","modified_gmt":"2025-06-05T20:41:48","slug":"fiscalia-solicito-diligencias-a-la-siat-de-carabineros-tras-fatal-accidente-vehicular-en-sector-los-torreones","status":"publish","type":"post","link":"https:\/\/radiorevelacionfm.cl\/?p=54877","title":{"rendered":"Fiscal\u00eda solicit\u00f3 diligencias a la SIAT de Carabineros tras fatal accidente vehicular en sector Los Torreones"},"content":{"rendered":"<div class=\"flex_column av_one_full  flex_column_div av-zero-column-padding first  avia-builder-el-0  el_before_av_one_full  avia-builder-el-first  \" style='border-radius:0px; '><div  class='avia-image-container  av-styling-    avia-builder-el-1  avia-builder-el-no-sibling  avia-align-center '  itemprop=\"image\" itemscope=\"itemscope\" itemtype=\"https:\/\/schema.org\/ImageObject\"  ><div class='avia-image-container-inner'><div class='avia-image-overlay-wrap'><img decoding=\"async\" class='wp-image-54878 avia-img-lazy-loading-not-54878 avia_image' src=\"https:\/\/radiorevelacionfm.cl\/wp-content\/uploads\/2025\/06\/fiscal-2-1.jpg\" alt='' title='fiscal (2) (1)' height=\"600\" width=\"1057\"  itemprop=\"thumbnailUrl\" srcset=\"https:\/\/radiorevelacionfm.cl\/wp-content\/uploads\/2025\/06\/fiscal-2-1.jpg 1057w, https:\/\/radiorevelacionfm.cl\/wp-content\/uploads\/2025\/06\/fiscal-2-1-300x170.jpg 300w, https:\/\/radiorevelacionfm.cl\/wp-content\/uploads\/2025\/06\/fiscal-2-1-1030x585.jpg 1030w, https:\/\/radiorevelacionfm.cl\/wp-content\/uploads\/2025\/06\/fiscal-2-1-768x436.jpg 768w, https:\/\/radiorevelacionfm.cl\/wp-content\/uploads\/2025\/06\/fiscal-2-1-705x400.jpg 705w, https:\/\/radiorevelacionfm.cl\/wp-content\/uploads\/2025\/06\/fiscal-2-1-450x255.jpg 450w, https:\/\/radiorevelacionfm.cl\/wp-content\/uploads\/2025\/06\/fiscal-2-1-600x341.jpg 600w\" sizes=\"(max-width: 1057px) 100vw, 1057px\" \/><\/div><\/div><\/div><\/div><div class=\"flex_column av_one_full  flex_column_div av-zero-column-padding first  avia-builder-el-2  el_after_av_one_full  el_before_av_one_full  column-top-margin\" style='border-radius:0px; '><section class=\"av_textblock_section \"  itemscope=\"itemscope\" itemtype=\"https:\/\/schema.org\/BlogPosting\" itemprop=\"blogPost\" ><div class='avia_textblock  '   itemprop=\"text\" ><p style=\"text-align: center;\"><span style=\"font-size: 18pt;\"><b>Fiscal\u00eda solicit\u00f3 diligencias a la SIAT de Carabineros tras fatal accidente vehicular en sector Los Torreones<\/b><\/span><\/p>\n<div id=\"gtx-trans\" style=\"position: absolute; left: -50px; top: 4.31534px;\">\n<div class=\"gtx-trans-icon\"><\/div>\n<\/div>\n<\/div><\/section><\/div><div class=\"flex_column av_one_full  flex_column_div av-zero-column-padding first  avia-builder-el-4  el_after_av_one_full  el_before_av_hr  column-top-margin\" style='border-radius:0px; '><section class=\"av_textblock_section \"  itemscope=\"itemscope\" itemtype=\"https:\/\/schema.org\/BlogPosting\" itemprop=\"blogPost\" ><div class='avia_textblock  '   itemprop=\"text\" ><p class=\"v1MsoNormal\" style=\"text-align: justify;\">\u201cEn el lugar est\u00e1 trabajando personal de Carabineros, Bomberos y de los servicios de salud\u201d, explic\u00f3 el fiscal jefe de Ays\u00e9n-Cisnes, Pedro Poblete.<\/p>\n<p class=\"v1MsoNormal\" style=\"text-align: justify;\">La Fiscal\u00eda Local de Ays\u00e9n-Cisnes coordina diversas diligencias como parte de una investigaci\u00f3n tras un grave accidente de tr\u00e1nsito ocurrido esta jornada en el sector de Los Torreones, comuna de Ays\u00e9n, el cual involucr\u00f3 a un bus de transporte de pasajeros y un cami\u00f3n de carga.<\/p>\n<p class=\"v1MsoNormal\" style=\"text-align: justify;\">Desde el lugar del accidente, el Fiscal Jefe de Ays\u00e9n-Cisnes, Pedro Poblete, inform\u00f3 que \u201cse est\u00e1 trabajando en un sitio del suceso en el sector de Los Torreones en la comuna de Ays\u00e9n por un accidente vehicular que involucr\u00f3 a un bus de transporte de pasajeros con un cami\u00f3n de transporte de carga\u201d.<\/p>\n<p class=\"v1MsoNormal\" style=\"text-align: justify;\">El persecutor penal agreg\u00f3 que \u201clamentablemente los ocupantes del bus, 24 personas, incluyendo el chofer, resultaron lesionados; falleci\u00f3 el conductor del veh\u00edculo de transporte y el conductor de veh\u00edculos de carga se encuentra tambi\u00e9n hospitalizado, siendo trasladados a distintos centros asistenciales de la regi\u00f3n de Ays\u00e9n y de Coyhaique\u201d.<\/p>\n<p class=\"v1MsoNormal\" style=\"text-align: justify;\">El fiscal Poblete agreg\u00f3 que \u201cen el lugar est\u00e1 trabajando personal de Carabineros, Bomberos y de los servicios de salud, como tambi\u00e9n personal especializado de la SIAT y del Servicio M\u00e9dico Legal\u00bb.<\/p>\n<p class=\"v1MsoNormal\" style=\"text-align: justify;\">La Fiscal\u00eda de Ays\u00e9n-Cisnes continuar\u00e1 coordinando las diligencias investigativas junto a las instituciones correspondientes, con el fin de esclarecer las causas y circunstancias de este lamentable accidente.<\/p>\n<\/div><\/section><\/div><div  style='height:50px' class='hr hr-invisible   avia-builder-el-6  el_after_av_one_full  el_before_av_social_share '><span class='hr-inner ' ><span class='hr-inner-style'><\/span><\/span><\/div><\/p>\n<div  class='av-social-sharing-box  avia-builder-el-7  el_after_av_hr  el_before_av_hr  '><div class='av-share-box'><h5 class='av-share-link-description av-no-toc '>Compartir esta noticia<\/h5><ul class='av-share-box-list noLightbox'><li class='av-share-link av-social-link-facebook' ><a target=\"_blank\" aria-label=\"Compartir en Facebook\" href='https:\/\/www.facebook.com\/sharer.php?u=https:\/\/radiorevelacionfm.cl\/?p=54877&#038;t=Fiscal%C3%ADa%20solicit%C3%B3%20diligencias%20a%20la%20SIAT%20de%20Carabineros%20tras%20fatal%20accidente%20vehicular%20en%20sector%20Los%20Torreones' aria-hidden='false' data-av_icon='\ue8f3' data-av_iconfont='entypo-fontello' title='' data-avia-related-tooltip='Compartir en Facebook' rel=\"noopener\"><span class='avia_hidden_link_text'>Compartir en Facebook<\/span><\/a><\/li><li class='av-share-link av-social-link-twitter' ><a target=\"_blank\" aria-label=\"Compartir en Twitter\" href='https:\/\/twitter.com\/share?text=Fiscal%C3%ADa%20solicit%C3%B3%20diligencias%20a%20la%20SIAT%20de%20Carabineros%20tras%20fatal%20accidente%20vehicular%20en%20sector%20Los%20Torreones&#038;url=https:\/\/radiorevelacionfm.cl\/?p=54877' aria-hidden='false' data-av_icon='\ue8f1' data-av_iconfont='entypo-fontello' title='' data-avia-related-tooltip='Compartir en Twitter' rel=\"noopener\"><span class='avia_hidden_link_text'>Compartir en Twitter<\/span><\/a><\/li><li class='av-share-link av-social-link-whatsapp' ><a target=\"_blank\" aria-label=\"Compartir en Whatsapp\" href='https:\/\/api.whatsapp.com\/send?text=https:\/\/radiorevelacionfm.cl\/?p=54877' aria-hidden='false' data-av_icon='\uf232' data-av_iconfont='entypo-fontello' title='' data-avia-related-tooltip='Compartir en Whatsapp' rel=\"noopener\"><span class='avia_hidden_link_text'>Compartir en Whatsapp<\/span><\/a><\/li><li class='av-share-link av-social-link-linkedin' ><a target=\"_blank\" aria-label=\"Compartir en LinkedIn\" href='https:\/\/linkedin.com\/shareArticle?mini=true&#038;title=Fiscal%C3%ADa%20solicit%C3%B3%20diligencias%20a%20la%20SIAT%20de%20Carabineros%20tras%20fatal%20accidente%20vehicular%20en%20sector%20Los%20Torreones&#038;url=https:\/\/radiorevelacionfm.cl\/?p=54877' aria-hidden='false' data-av_icon='\ue8fc' data-av_iconfont='entypo-fontello' title='' data-avia-related-tooltip='Compartir en LinkedIn' rel=\"noopener\"><span class='avia_hidden_link_text'>Compartir en LinkedIn<\/span><\/a><\/li><li class='av-share-link av-social-link-mail' ><a  aria-label=\"Compartir por correo\" href='mailto:?subject=Fiscal%C3%ADa%20solicit%C3%B3%20diligencias%20a%20la%20SIAT%20de%20Carabineros%20tras%20fatal%20accidente%20vehicular%20en%20sector%20Los%20Torreones&#038;body=https:\/\/radiorevelacionfm.cl\/?p=54877' aria-hidden='false' data-av_icon='\ue805' data-av_iconfont='entypo-fontello' title='' data-avia-related-tooltip='Compartir por correo'><span class='avia_hidden_link_text'>Compartir por correo<\/span><\/a><\/li><\/ul><\/div><\/div>\n<div  style='height:50px' class='hr hr-invisible   avia-builder-el-8  el_after_av_social_share  el_before_av_comments_list '><span class='hr-inner ' ><span class='hr-inner-style'><\/span><\/span><\/div>\n<div  class='av-buildercomment  av-blog-meta-html-info-disabled av-blog-meta-tag-disabled  '><\/div>\n","protected":false},"excerpt":{"rendered":"","protected":false},"author":1,"featured_media":54878,"comment_status":"closed","ping_status":"closed","sticky":false,"template":"","format":"standard","meta":{"footnotes":""},"categories":[36],"tags":[],"class_list":["post-54877","post","type-post","status-publish","format-standard","has-post-thumbnail","hentry","category-policial"],"jetpack_featured_media_url":"https:\/\/radiorevelacionfm.cl\/wp-content\/uploads\/2025\/06\/fiscal-2-1.jpg","_links":{"self":[{"href":"https:\/\/radiorevelacionfm.cl\/index.php?rest_route=\/wp\/v2\/posts\/54877","targetHints":{"allow":["GET"]}}],"collection":[{"href":"https:\/\/radiorevelacionfm.cl\/index.php?rest_route=\/wp\/v2\/posts"}],"about":[{"href":"https:\/\/radiorevelacionfm.cl\/index.php?rest_route=\/wp\/v2\/types\/post"}],"author":[{"embeddable":true,"href":"https:\/\/radiorevelacionfm.cl\/index.php?rest_route=\/wp\/v2\/users\/1"}],"replies":[{"embeddable":true,"href":"https:\/\/radiorevelacionfm.cl\/index.php?rest_route=%2Fwp%2Fv2%2Fcomments&post=54877"}],"version-history":[{"count":2,"href":"https:\/\/radiorevelacionfm.cl\/index.php?rest_route=\/wp\/v2\/posts\/54877\/revisions"}],"predecessor-version":[{"id":54880,"href":"https:\/\/radiorevelacionfm.cl\/index.php?rest_route=\/wp\/v2\/posts\/54877\/revisions\/54880"}],"wp:featuredmedia":[{"embeddable":true,"href":"https:\/\/radiorevelacionfm.cl\/index.php?rest_route=\/wp\/v2\/media\/54878"}],"wp:attachment":[{"href":"https:\/\/radiorevelacionfm.cl\/index.php?rest_route=%2Fwp%2Fv2%2Fmedia&parent=54877"}],"wp:term":[{"taxonomy":"category","embeddable":true,"href":"https:\/\/radiorevelacionfm.cl\/index.php?rest_route=%2Fwp%2Fv2%2Fcategories&post=54877"},{"taxonomy":"post_tag","embeddable":true,"href":"https:\/\/radiorevelacionfm.cl\/index.php?rest_route=%2Fwp%2Fv2%2Ftags&post=54877"}],"curies":[{"name":"wp","href":"https:\/\/api.w.org\/{rel}","templated":true}]}}