{"id":54870,"date":"2025-06-05T20:20:08","date_gmt":"2025-06-05T23:20:08","guid":{"rendered":"https:\/\/radiorevelacionfm.cl\/?p=54870"},"modified":"2025-06-05T20:20:08","modified_gmt":"2025-06-05T23:20:08","slug":"sernapesca-y-municipalidad-de-guaitecas-firman-convenio-de-colaboracion","status":"publish","type":"post","link":"https:\/\/radiorevelacionfm.cl\/?p=54870","title":{"rendered":"Sernapesca y Municipalidad de Guaitecas firman convenio de colaboraci\u00f3n"},"content":{"rendered":"<div class=\"flex_column av_one_full  flex_column_div av-zero-column-padding first  avia-builder-el-0  el_before_av_one_full  avia-builder-el-first  \" style='border-radius:0px; '><div  class='avia-image-container  av-styling-    avia-builder-el-1  avia-builder-el-no-sibling  avia-align-center '  itemprop=\"image\" itemscope=\"itemscope\" itemtype=\"https:\/\/schema.org\/ImageObject\"  ><div class='avia-image-container-inner'><div class='avia-image-overlay-wrap'><img decoding=\"async\" class='wp-image-54871 avia-img-lazy-loading-not-54871 avia_image' src=\"https:\/\/radiorevelacionfm.cl\/wp-content\/uploads\/2025\/06\/2-2025-06-05T120345.551-1-1.jpg\" alt='' title='2 - 2025-06-05T120345.551 (1) (1)' height=\"600\" width=\"800\"  itemprop=\"thumbnailUrl\" srcset=\"https:\/\/radiorevelacionfm.cl\/wp-content\/uploads\/2025\/06\/2-2025-06-05T120345.551-1-1.jpg 800w, https:\/\/radiorevelacionfm.cl\/wp-content\/uploads\/2025\/06\/2-2025-06-05T120345.551-1-1-300x225.jpg 300w, https:\/\/radiorevelacionfm.cl\/wp-content\/uploads\/2025\/06\/2-2025-06-05T120345.551-1-1-768x576.jpg 768w, https:\/\/radiorevelacionfm.cl\/wp-content\/uploads\/2025\/06\/2-2025-06-05T120345.551-1-1-705x529.jpg 705w, https:\/\/radiorevelacionfm.cl\/wp-content\/uploads\/2025\/06\/2-2025-06-05T120345.551-1-1-450x338.jpg 450w, https:\/\/radiorevelacionfm.cl\/wp-content\/uploads\/2025\/06\/2-2025-06-05T120345.551-1-1-600x450.jpg 600w\" sizes=\"(max-width: 800px) 100vw, 800px\" \/><\/div><\/div><\/div><\/div><div class=\"flex_column av_one_full  flex_column_div av-zero-column-padding first  avia-builder-el-2  el_after_av_one_full  el_before_av_one_full  column-top-margin\" style='border-radius:0px; '><section class=\"av_textblock_section \"  itemscope=\"itemscope\" itemtype=\"https:\/\/schema.org\/BlogPosting\" itemprop=\"blogPost\" ><div class='avia_textblock  '   itemprop=\"text\" ><p style=\"text-align: center;\"><span style=\"font-size: 18pt;\"><b>Sernapesca y Municipalidad de Guaitecas firman convenio de colaboraci\u00f3n<\/b><\/span><\/p>\n<div id=\"gtx-trans\" style=\"position: absolute; left: -50px; top: 4.31534px;\">\n<div class=\"gtx-trans-icon\"><\/div>\n<\/div>\n<\/div><\/section><\/div><div class=\"flex_column av_one_full  flex_column_div av-zero-column-padding first  avia-builder-el-4  el_after_av_one_full  el_before_av_hr  column-top-margin\" style='border-radius:0px; '><section class=\"av_textblock_section \"  itemscope=\"itemscope\" itemtype=\"https:\/\/schema.org\/BlogPosting\" itemprop=\"blogPost\" ><div class='avia_textblock  '   itemprop=\"text\" ><p class=\"v1MsoNormal\"><em>Entre la Ilustre Municipalidad de Guaitecas<b>\u00a0<\/b>y el Servicio Nacional de Pesca y Acuicultura (Sernapesca), de la regi\u00f3n de Ays\u00e9n, se concret\u00f3 la firma de un importante convenio de colaboraci\u00f3n.<\/em><\/p>\n<p class=\"v1MsoNormal\"><span lang=\"ES\">El acuerdo permitir\u00e1 avanzar en una serie de acciones para fortalecer la labor fiscalizadora de la instituci\u00f3n en la zona, comprometi\u00e9ndose la Municipalidad de\u00a0<\/span>Guaitecas<b>\u00a0<\/b><span lang=\"ES\">a apoyar las gestiones judiciales de Sernapesca, generar un canal de comunicaci\u00f3n expedito para informar de manera oportuna sobre eventos o contingencias como varamientos, varazones y pesca furtiva, as\u00ed como apoyar la presentaci\u00f3n de proyectos que vayan en beneficio de la labor fiscalizadora como las mejoras de infraestructura que se requieren en la oficina comunal de Melinka, entre otros. \u00a0<\/span><\/p>\n<p class=\"v1MsoNormal\"><span lang=\"ES\">\u00a0<\/span>Bans Puinao, alcalde de Guaitecas<b>\u00a0<\/b>coment\u00f3 acerca de lo importante de este acuerdo: \u00abEsto significa que desde ahora trabajaremos m\u00e1s unidos para cuidar mejor nuestros recursos marinos y mejorar la forma en la que compartimos informaci\u00f3n entre ambas instituciones. Agradecemos esta oportunidad que nos permitir\u00e1 avanzar juntos y con m\u00e1s compromiso, pensando siempre en el bienestar de nuestros vecinos y vecinas\u00bb.<\/p>\n<p class=\"v1MsoNormal\">Por su parte, mediante el convenio, Sernapesca se comprometen a entregar informaci\u00f3n sectorial oportuna con \u00e9nfasis en el territorio comunal al municipio; realizar capacitaciones al personal municipal con el fin de fortalecer sus conocimientos para la atenci\u00f3n ciudadana en materias de la Ley General de Pesca y Acuicultura; exponer al Concejo Municipal aspectos t\u00e9cnicos del Servicio con el objetivo de entregarles informaci\u00f3n actualizada sobre la normativa y desaf\u00edos del sector acu\u00edcola y pesquero en la zona.<\/p>\n<p class=\"v1MsoNormal\">Daniela Leiva, directora regional de Sernapesca en Ays\u00e9n, valor\u00f3 esta nueva alianza con el municipio: \u00abEstamos muy felices de concretar esta firma, que fortalece la relaci\u00f3n de colaboraci\u00f3n que mantenemos con esta municipalidad. Es especialmente relevante que, en una zona aislada como Melinka, trabajemos de manera coordinada y conjunta en beneficio del bien com\u00fan y de la ciudadan\u00eda. Este acuerdo nos permitir\u00e1 avanzar con mayor eficiencia en nuestras labores de fiscalizaci\u00f3n, protecci\u00f3n de los recursos marinos y apoyo a las comunidades locales\u00bb.<\/p>\n<p class=\"v1MsoNormal\"><span lang=\"ES\">El Convenio, adem\u00e1s, considera apoyo mutuo en actividades de atenci\u00f3n de usuarios en terreno y el dise\u00f1o de planes de trabajo en conjunto para beneficio de la comunidad de\u00a0<\/span>Guaitecas<span lang=\"ES\">.<\/span><\/p>\n<\/div><\/section><\/div><div  style='height:50px' class='hr hr-invisible   avia-builder-el-6  el_after_av_one_full  el_before_av_social_share '><span class='hr-inner ' ><span class='hr-inner-style'><\/span><\/span><\/div><\/p>\n<div  class='av-social-sharing-box  avia-builder-el-7  el_after_av_hr  el_before_av_hr  '><div class='av-share-box'><h5 class='av-share-link-description av-no-toc '>Compartir esta noticia<\/h5><ul class='av-share-box-list noLightbox'><li class='av-share-link av-social-link-facebook' ><a target=\"_blank\" aria-label=\"Compartir en Facebook\" href='https:\/\/www.facebook.com\/sharer.php?u=https:\/\/radiorevelacionfm.cl\/?p=54870&#038;t=Sernapesca%20y%20Municipalidad%20de%20Guaitecas%20firman%20convenio%20de%20colaboraci%C3%B3n' aria-hidden='false' data-av_icon='\ue8f3' data-av_iconfont='entypo-fontello' title='' data-avia-related-tooltip='Compartir en Facebook' rel=\"noopener\"><span class='avia_hidden_link_text'>Compartir en Facebook<\/span><\/a><\/li><li class='av-share-link av-social-link-twitter' ><a target=\"_blank\" aria-label=\"Compartir en Twitter\" href='https:\/\/twitter.com\/share?text=Sernapesca%20y%20Municipalidad%20de%20Guaitecas%20firman%20convenio%20de%20colaboraci%C3%B3n&#038;url=https:\/\/radiorevelacionfm.cl\/?p=54870' aria-hidden='false' data-av_icon='\ue8f1' data-av_iconfont='entypo-fontello' title='' data-avia-related-tooltip='Compartir en Twitter' rel=\"noopener\"><span class='avia_hidden_link_text'>Compartir en Twitter<\/span><\/a><\/li><li class='av-share-link av-social-link-whatsapp' ><a target=\"_blank\" aria-label=\"Compartir en Whatsapp\" href='https:\/\/api.whatsapp.com\/send?text=https:\/\/radiorevelacionfm.cl\/?p=54870' aria-hidden='false' data-av_icon='\uf232' data-av_iconfont='entypo-fontello' title='' data-avia-related-tooltip='Compartir en Whatsapp' rel=\"noopener\"><span class='avia_hidden_link_text'>Compartir en Whatsapp<\/span><\/a><\/li><li class='av-share-link av-social-link-linkedin' ><a target=\"_blank\" aria-label=\"Compartir en LinkedIn\" href='https:\/\/linkedin.com\/shareArticle?mini=true&#038;title=Sernapesca%20y%20Municipalidad%20de%20Guaitecas%20firman%20convenio%20de%20colaboraci%C3%B3n&#038;url=https:\/\/radiorevelacionfm.cl\/?p=54870' aria-hidden='false' data-av_icon='\ue8fc' data-av_iconfont='entypo-fontello' title='' data-avia-related-tooltip='Compartir en LinkedIn' rel=\"noopener\"><span class='avia_hidden_link_text'>Compartir en LinkedIn<\/span><\/a><\/li><li class='av-share-link av-social-link-mail' ><a  aria-label=\"Compartir por correo\" href='mailto:?subject=Sernapesca%20y%20Municipalidad%20de%20Guaitecas%20firman%20convenio%20de%20colaboraci%C3%B3n&#038;body=https:\/\/radiorevelacionfm.cl\/?p=54870' aria-hidden='false' data-av_icon='\ue805' data-av_iconfont='entypo-fontello' title='' data-avia-related-tooltip='Compartir por correo'><span class='avia_hidden_link_text'>Compartir por correo<\/span><\/a><\/li><\/ul><\/div><\/div>\n<div  style='height:50px' class='hr hr-invisible   avia-builder-el-8  el_after_av_social_share  el_before_av_comments_list '><span class='hr-inner ' ><span class='hr-inner-style'><\/span><\/span><\/div>\n<div  class='av-buildercomment  av-blog-meta-html-info-disabled av-blog-meta-tag-disabled  '><\/div>\n","protected":false},"excerpt":{"rendered":"","protected":false},"author":1,"featured_media":54871,"comment_status":"closed","ping_status":"closed","sticky":false,"template":"","format":"standard","meta":{"footnotes":""},"categories":[60],"tags":[],"class_list":["post-54870","post","type-post","status-publish","format-standard","has-post-thumbnail","hentry","category-pesca"],"jetpack_featured_media_url":"https:\/\/radiorevelacionfm.cl\/wp-content\/uploads\/2025\/06\/2-2025-06-05T120345.551-1-1.jpg","_links":{"self":[{"href":"https:\/\/radiorevelacionfm.cl\/index.php?rest_route=\/wp\/v2\/posts\/54870","targetHints":{"allow":["GET"]}}],"collection":[{"href":"https:\/\/radiorevelacionfm.cl\/index.php?rest_route=\/wp\/v2\/posts"}],"about":[{"href":"https:\/\/radiorevelacionfm.cl\/index.php?rest_route=\/wp\/v2\/types\/post"}],"author":[{"embeddable":true,"href":"https:\/\/radiorevelacionfm.cl\/index.php?rest_route=\/wp\/v2\/users\/1"}],"replies":[{"embeddable":true,"href":"https:\/\/radiorevelacionfm.cl\/index.php?rest_route=%2Fwp%2Fv2%2Fcomments&post=54870"}],"version-history":[{"count":2,"href":"https:\/\/radiorevelacionfm.cl\/index.php?rest_route=\/wp\/v2\/posts\/54870\/revisions"}],"predecessor-version":[{"id":54912,"href":"https:\/\/radiorevelacionfm.cl\/index.php?rest_route=\/wp\/v2\/posts\/54870\/revisions\/54912"}],"wp:featuredmedia":[{"embeddable":true,"href":"https:\/\/radiorevelacionfm.cl\/index.php?rest_route=\/wp\/v2\/media\/54871"}],"wp:attachment":[{"href":"https:\/\/radiorevelacionfm.cl\/index.php?rest_route=%2Fwp%2Fv2%2Fmedia&parent=54870"}],"wp:term":[{"taxonomy":"category","embeddable":true,"href":"https:\/\/radiorevelacionfm.cl\/index.php?rest_route=%2Fwp%2Fv2%2Fcategories&post=54870"},{"taxonomy":"post_tag","embeddable":true,"href":"https:\/\/radiorevelacionfm.cl\/index.php?rest_route=%2Fwp%2Fv2%2Ftags&post=54870"}],"curies":[{"name":"wp","href":"https:\/\/api.w.org\/{rel}","templated":true}]}}