{"id":54867,"date":"2025-06-05T18:34:29","date_gmt":"2025-06-05T21:34:29","guid":{"rendered":"https:\/\/radiorevelacionfm.cl\/?p=54867"},"modified":"2025-06-05T18:34:29","modified_gmt":"2025-06-05T21:34:29","slug":"seremi-de-agricultura-premia-a-ganadores-regionales-del-concurso-historias-de-nuestra-tierra","status":"publish","type":"post","link":"https:\/\/radiorevelacionfm.cl\/?p=54867","title":{"rendered":"Seremi de Agricultura premia a ganadores regionales del concurso Historias de Nuestra Tierra"},"content":{"rendered":"<div class=\"flex_column av_one_full  flex_column_div av-zero-column-padding first  avia-builder-el-0  el_before_av_one_full  avia-builder-el-first  \" style='border-radius:0px; '><div  class='avia-image-container  av-styling-    avia-builder-el-1  avia-builder-el-no-sibling  avia-align-center '  itemprop=\"image\" itemscope=\"itemscope\" itemtype=\"https:\/\/schema.org\/ImageObject\"  ><div class='avia-image-container-inner'><div class='avia-image-overlay-wrap'><img decoding=\"async\" class='wp-image-54868 avia-img-lazy-loading-not-54868 avia_image' src=\"https:\/\/radiorevelacionfm.cl\/wp-content\/uploads\/2025\/06\/aysEn_hnt-01-1_optimized.jpeg\" alt='' title='ays\u00c9n_hnt-01-(1)_optimized' height=\"600\" width=\"800\"  itemprop=\"thumbnailUrl\" srcset=\"https:\/\/radiorevelacionfm.cl\/wp-content\/uploads\/2025\/06\/aysEn_hnt-01-1_optimized.jpeg 800w, https:\/\/radiorevelacionfm.cl\/wp-content\/uploads\/2025\/06\/aysEn_hnt-01-1_optimized-300x225.jpeg 300w, https:\/\/radiorevelacionfm.cl\/wp-content\/uploads\/2025\/06\/aysEn_hnt-01-1_optimized-768x576.jpeg 768w, https:\/\/radiorevelacionfm.cl\/wp-content\/uploads\/2025\/06\/aysEn_hnt-01-1_optimized-705x529.jpeg 705w, https:\/\/radiorevelacionfm.cl\/wp-content\/uploads\/2025\/06\/aysEn_hnt-01-1_optimized-450x338.jpeg 450w, https:\/\/radiorevelacionfm.cl\/wp-content\/uploads\/2025\/06\/aysEn_hnt-01-1_optimized-600x450.jpeg 600w\" sizes=\"(max-width: 800px) 100vw, 800px\" \/><\/div><\/div><\/div><\/div><div class=\"flex_column av_one_full  flex_column_div av-zero-column-padding first  avia-builder-el-2  el_after_av_one_full  el_before_av_one_full  column-top-margin\" style='border-radius:0px; '><section class=\"av_textblock_section \"  itemscope=\"itemscope\" itemtype=\"https:\/\/schema.org\/BlogPosting\" itemprop=\"blogPost\" ><div class='avia_textblock  '   itemprop=\"text\" ><p style=\"text-align: center;\"><span style=\"font-size: 18pt;\"><b>Seremi de Agricultura premia a ganadores regionales del concurso Historias de Nuestra Tierra<\/b><\/span><\/p>\n<div id=\"gtx-trans\" style=\"position: absolute; left: -50px; top: 4.31534px;\">\n<div class=\"gtx-trans-icon\"><\/div>\n<\/div>\n<\/div><\/section><\/div><div class=\"flex_column av_one_full  flex_column_div av-zero-column-padding first  avia-builder-el-4  el_after_av_one_full  el_before_av_hr  column-top-margin\" style='border-radius:0px; '><section class=\"av_textblock_section \"  itemscope=\"itemscope\" itemtype=\"https:\/\/schema.org\/BlogPosting\" itemprop=\"blogPost\" ><div class='avia_textblock  '   itemprop=\"text\" ><p style=\"text-align: justify;\"><i>Un total de 9 postulantes, entre estudiantes y adultos, fueron reconocidos por la Fundaci\u00f3n de Comunicaciones, Capacitaci\u00f3n y Cultura del Agro (FUCOA) del Ministerio de Agricultura respecto al concurso 2024.<\/i><\/p>\n<div class=\"v1elementToProof\" style=\"text-align: justify;\">En el 2024 se desarroll\u00f3 la 32\u00ba versi\u00f3n del concurso Historias de Nuestra Tierra, una iniciativa literaria \u00fanica que impulsa el Ministerio de Agricultura a trav\u00e9s de FUCOA. Un total de 10 obras de la regi\u00f3n de Ays\u00e9n fueron reconocidas por el certamen y el seremi de Agricultura, Eugenio Ruiz Espinoza, se reuni\u00f3 en terreno con las y los galardonados para su premiaci\u00f3n y convoc\u00f3 a participar en su nueva versi\u00f3n para el a\u00f1o en curso.<\/div>\n<div class=\"v1elementToProof\" style=\"text-align: justify;\">Relevar las tradiciones, costumbres, mitos y leyendas de la cultura rural del pa\u00eds por medio de las categor\u00edas de cuentos, poemas y dibujos, materializados en el tradicional ejemplar literario que publica cada a\u00f1o FUCOA, es el objetivo de la iniciativa que en 2024 reuni\u00f3 4.661 obras en todo el territorio nacional.<\/div>\n<div class=\"v1elementToProof\" style=\"text-align: justify;\">\u00abEste a\u00f1o adem\u00e1s pudimos premiar Jos\u00e9, un profesor que fue reconocido en el tercer lugar nacional de los mejores cuentos que postularon al certamen. Tambi\u00e9n valoramos enormemente que hay escuelas rurales y colegios de nuestra regi\u00f3n que implementaron el ejercicio de escribir memorias del campo para que cursos completos postulen al concurso. Son las personas quienes perpet\u00faan el legado cultural que existe en los territorios rurales de la Patagonia y esperamos que se sigan sumando m\u00e1s interesados para participar en este 2025\u00bb, destac\u00f3 el seremi Eugenio Ruiz tras visitar la Escuela Rural R\u00edo Blanco y el Liceo Bicentenario San Jos\u00e9 U.R.<\/div>\n<div style=\"text-align: justify;\"><\/div>\n<div class=\"v1elementToProof\" style=\"text-align: justify;\"><b>Ganadoras y ganadores regionales<\/b><\/div>\n<div class=\"v1elementToProof\" style=\"text-align: justify;\">De acuerdo con la\u00a0<u><a id=\"v1OWA8da5167d-3a60-2736-36c2-807c5904a700\" class=\"v1OWAAutoLink\" href=\"https:\/\/fucoa.cl\/publicaciones\/antologia_2024\/\" target=\"_blank\" rel=\"noopener noreferrer\">Antolog\u00eda<\/a><\/u>\u00a0que re\u00fane a las y los ganadores de la convocatoria 2024, en Ays\u00e9n se destac\u00f3 a:<\/div>\n<div class=\"v1elementToProof\" style=\"text-align: justify;\"><i>Ram\u00f3n Miranda Araya<\/i>, primer y segundo lugar regional en la categor\u00eda cuento menor de 14 a\u00f1os con las obras \u00abEl canto de los ventisqueros\u00bb y \u00abGuardianes de la Patagonia\u00bb.<\/div>\n<div class=\"v1elementToProof\" style=\"text-align: justify;\"><i>Kazandra Haymar,\u00a0<\/i>tercer lugar regional en la categor\u00eda cuento menor de 14 a\u00f1os con la obra \u00abLa historia de la Patagonia rural\u00bb.<\/div>\n<div class=\"v1elementToProof\" style=\"text-align: justify;\"><i>Mois\u00e9s Araneda Galarce,\u00a0<\/i>primer lugar regional en la categor\u00eda poes\u00eda con la obra \u00abD\u00e9cimas del hambre\u00bb.<\/div>\n<div class=\"v1elementToProof\" style=\"text-align: justify;\"><i>Idania Y\u00e1\u00f1ez \u00c1vilez,\u00a0<\/i>segundo lugar regional en la categor\u00eda poes\u00eda con la obra \u00abAtardeceres del lago General Carrera\u00bb.<\/div>\n<div class=\"v1elementToProof\" style=\"text-align: justify;\"><i>Erik Varas Manr\u00edquez,\u00a0<\/i>tercer lugar regional en la categor\u00eda poes\u00eda con la obra \u00abMar\u00eda\u00bb.<\/div>\n<div class=\"v1elementToProof\" style=\"text-align: justify;\"><i>Jos\u00e9 Mu\u00f1oz Ser\u00f3n,\u00a0<\/i>tercer lugar nacional y primer lugar regional en la categor\u00eda cuento mayor de 14 a\u00f1os con la obra \u00abHuellas en el Paso de los Chanchos\u00bb.<\/div>\n<div class=\"v1elementToProof\" style=\"text-align: justify;\"><i>Victoria Foster Muci,<\/i>\u00a0segundo lugar regional en la categor\u00eda cuento mayor de 14 a\u00f1os con la obra \u00abClara Morales\u00bb.<\/div>\n<div class=\"v1elementToProof\" style=\"text-align: justify;\"><i>Mar\u00eda Quintana S\u00e1nchez,<\/i>\u00a0tercer lugar regional en la categor\u00eda cuento mayor de 14 a\u00f1os con la obra \u00abUn hombre extraordinario\u00bb.<\/div>\n<div class=\"v1elementToProof\" style=\"text-align: justify;\"><i>Isa\u00edas Klocker Runin,\u00a0<\/i>premio especial paisaje en la categor\u00eda dibujo educaci\u00f3n b\u00e1sica con la obra \u00abLa minga de Puerto Cisnes\u00bb.<\/div>\n<div style=\"text-align: justify;\"><\/div>\n<div class=\"v1elementToProof\" style=\"text-align: justify;\"><b>Convocatoria 2025<\/b><\/div>\n<div class=\"v1elementToProof\" style=\"text-align: justify;\">Tras el encuentro con los ganadores y las visitas a establecimientos educacionales de los j\u00f3venes premiados en la regi\u00f3n, el seremi extendi\u00f3 el llamado vigente para participar en las categor\u00edas de Cuento (todo p\u00fablico), Poema (todo p\u00fablico) y Dibujo (estudiantes de ense\u00f1anza media y b\u00e1sica) para concursar por los premios nacionales y regionales. Los cuentos y poemas seleccionados son ilustrados por destacados artistas.<\/div>\n<div class=\"v1elementToProof\" style=\"text-align: justify;\">Los adultos ganadores del certamen reciben premios de hasta medio mill\u00f3n de pesos, mientras que para ni\u00f1as, ni\u00f1os y j\u00f3venes los premios var\u00edan entre\u00a0<i>notebooks, tablets,\u00a0<\/i>bicicletas y sets de escritura.<\/div>\n<div class=\"v1elementToProof\" style=\"text-align: justify;\">Para la categor\u00eda de Cuento y Poes\u00eda existe el premio especial Pueblos Originarios, destinado a quien sea autor del cuento y poema que mejor represente los pueblos originarios de Chile. De igual manera, existe el premio especial Mujer Rural y el premio especial Talento Joven, destinado a las autoras o autores que mejor representen a la mujer rural chilena, y quien mejor destaque entre los participantes de hasta 15 a\u00f1os, respectivamente.<\/div>\n<div class=\"v1elementToProof\" style=\"text-align: justify;\">Dentro de las novedades para este este a\u00f1o se encuentra el nuevo premio especial Cocina Tradicional y Gastronom\u00eda Chilena, que se otorgar\u00e1 en todas las categor\u00edas del concurso. Este reconocimiento tiene como objetivo destacar el valor cultural de las preparaciones ancestrales y los platos t\u00edpicos de Chile, que reflejan la identidad y singularidad de las diversas zonas del pa\u00eds.<\/div>\n<div class=\"v1elementToProof\" style=\"text-align: justify;\">Adem\u00e1s, se suma el premio Participaci\u00f3n Educativa con el objetivo de beneficiar a establecimientos educacionales y docentes. En esta ocasi\u00f3n, se premiar\u00e1 a un colegio y un profesor adicional, con el fin de reconocer y destacar el esfuerzo de m\u00e1s comunidades educacionales en la categor\u00eda de cuento.<\/div>\n<div class=\"v1elementToProof\" style=\"text-align: justify;\">Recuerda que puedes participar hasta el 27 de junio enviando el formulario disponible en\u00a0<u><a id=\"v1OWA615287a3-5b52-00c8-3130-264add97ce77\" class=\"v1OWAAutoLink\" href=\"https:\/\/historiasdenuestratierra.cl\/\" target=\"_blank\" rel=\"noopener noreferrer\">www.historiasdenuestratierra.cl<\/a><\/u>, sitio donde adem\u00e1s podr\u00e1s ver todas las antolog\u00edas publicadas a la fecha<b>.<\/b><\/div>\n<\/div><\/section><\/div><div  style='height:50px' class='hr hr-invisible   avia-builder-el-6  el_after_av_one_full  el_before_av_social_share '><span class='hr-inner ' ><span class='hr-inner-style'><\/span><\/span><\/div><\/p>\n<div  class='av-social-sharing-box  avia-builder-el-7  el_after_av_hr  el_before_av_hr  '><div class='av-share-box'><h5 class='av-share-link-description av-no-toc '>Compartir esta noticia<\/h5><ul class='av-share-box-list noLightbox'><li class='av-share-link av-social-link-facebook' ><a target=\"_blank\" aria-label=\"Compartir en Facebook\" href='https:\/\/www.facebook.com\/sharer.php?u=https:\/\/radiorevelacionfm.cl\/?p=54867&#038;t=Seremi%20de%20Agricultura%20premia%20a%20ganadores%20regionales%20del%20concurso%20Historias%20de%20Nuestra%20Tierra' aria-hidden='false' data-av_icon='\ue8f3' data-av_iconfont='entypo-fontello' title='' data-avia-related-tooltip='Compartir en Facebook' rel=\"noopener\"><span class='avia_hidden_link_text'>Compartir en Facebook<\/span><\/a><\/li><li class='av-share-link av-social-link-twitter' ><a target=\"_blank\" aria-label=\"Compartir en Twitter\" href='https:\/\/twitter.com\/share?text=Seremi%20de%20Agricultura%20premia%20a%20ganadores%20regionales%20del%20concurso%20Historias%20de%20Nuestra%20Tierra&#038;url=https:\/\/radiorevelacionfm.cl\/?p=54867' aria-hidden='false' data-av_icon='\ue8f1' data-av_iconfont='entypo-fontello' title='' data-avia-related-tooltip='Compartir en Twitter' rel=\"noopener\"><span class='avia_hidden_link_text'>Compartir en Twitter<\/span><\/a><\/li><li class='av-share-link av-social-link-whatsapp' ><a target=\"_blank\" aria-label=\"Compartir en Whatsapp\" href='https:\/\/api.whatsapp.com\/send?text=https:\/\/radiorevelacionfm.cl\/?p=54867' aria-hidden='false' data-av_icon='\uf232' data-av_iconfont='entypo-fontello' title='' data-avia-related-tooltip='Compartir en Whatsapp' rel=\"noopener\"><span class='avia_hidden_link_text'>Compartir en Whatsapp<\/span><\/a><\/li><li class='av-share-link av-social-link-linkedin' ><a target=\"_blank\" aria-label=\"Compartir en LinkedIn\" href='https:\/\/linkedin.com\/shareArticle?mini=true&#038;title=Seremi%20de%20Agricultura%20premia%20a%20ganadores%20regionales%20del%20concurso%20Historias%20de%20Nuestra%20Tierra&#038;url=https:\/\/radiorevelacionfm.cl\/?p=54867' aria-hidden='false' data-av_icon='\ue8fc' data-av_iconfont='entypo-fontello' title='' data-avia-related-tooltip='Compartir en LinkedIn' rel=\"noopener\"><span class='avia_hidden_link_text'>Compartir en LinkedIn<\/span><\/a><\/li><li class='av-share-link av-social-link-mail' ><a  aria-label=\"Compartir por correo\" href='mailto:?subject=Seremi%20de%20Agricultura%20premia%20a%20ganadores%20regionales%20del%20concurso%20Historias%20de%20Nuestra%20Tierra&#038;body=https:\/\/radiorevelacionfm.cl\/?p=54867' aria-hidden='false' data-av_icon='\ue805' data-av_iconfont='entypo-fontello' title='' data-avia-related-tooltip='Compartir por correo'><span class='avia_hidden_link_text'>Compartir por correo<\/span><\/a><\/li><\/ul><\/div><\/div>\n<div  style='height:50px' class='hr hr-invisible   avia-builder-el-8  el_after_av_social_share  el_before_av_comments_list '><span class='hr-inner ' ><span class='hr-inner-style'><\/span><\/span><\/div>\n<div  class='av-buildercomment  av-blog-meta-html-info-disabled av-blog-meta-tag-disabled  '><\/div>\n","protected":false},"excerpt":{"rendered":"","protected":false},"author":1,"featured_media":54868,"comment_status":"closed","ping_status":"closed","sticky":false,"template":"","format":"standard","meta":{"footnotes":""},"categories":[58],"tags":[],"class_list":["post-54867","post","type-post","status-publish","format-standard","has-post-thumbnail","hentry","category-agricultura"],"jetpack_featured_media_url":"https:\/\/radiorevelacionfm.cl\/wp-content\/uploads\/2025\/06\/aysEn_hnt-01-1_optimized.jpeg","_links":{"self":[{"href":"https:\/\/radiorevelacionfm.cl\/index.php?rest_route=\/wp\/v2\/posts\/54867","targetHints":{"allow":["GET"]}}],"collection":[{"href":"https:\/\/radiorevelacionfm.cl\/index.php?rest_route=\/wp\/v2\/posts"}],"about":[{"href":"https:\/\/radiorevelacionfm.cl\/index.php?rest_route=\/wp\/v2\/types\/post"}],"author":[{"embeddable":true,"href":"https:\/\/radiorevelacionfm.cl\/index.php?rest_route=\/wp\/v2\/users\/1"}],"replies":[{"embeddable":true,"href":"https:\/\/radiorevelacionfm.cl\/index.php?rest_route=%2Fwp%2Fv2%2Fcomments&post=54867"}],"version-history":[{"count":2,"href":"https:\/\/radiorevelacionfm.cl\/index.php?rest_route=\/wp\/v2\/posts\/54867\/revisions"}],"predecessor-version":[{"id":54894,"href":"https:\/\/radiorevelacionfm.cl\/index.php?rest_route=\/wp\/v2\/posts\/54867\/revisions\/54894"}],"wp:featuredmedia":[{"embeddable":true,"href":"https:\/\/radiorevelacionfm.cl\/index.php?rest_route=\/wp\/v2\/media\/54868"}],"wp:attachment":[{"href":"https:\/\/radiorevelacionfm.cl\/index.php?rest_route=%2Fwp%2Fv2%2Fmedia&parent=54867"}],"wp:term":[{"taxonomy":"category","embeddable":true,"href":"https:\/\/radiorevelacionfm.cl\/index.php?rest_route=%2Fwp%2Fv2%2Fcategories&post=54867"},{"taxonomy":"post_tag","embeddable":true,"href":"https:\/\/radiorevelacionfm.cl\/index.php?rest_route=%2Fwp%2Fv2%2Ftags&post=54867"}],"curies":[{"name":"wp","href":"https:\/\/api.w.org\/{rel}","templated":true}]}}