{"id":5486,"date":"2021-06-21T14:28:40","date_gmt":"2021-06-21T17:28:40","guid":{"rendered":"https:\/\/radiorevelacionfm.cl\/?p=5486"},"modified":"2021-06-21T14:28:40","modified_gmt":"2021-06-21T17:28:40","slug":"desde-el-2-de-julio-las-pymes-podran-acceder-al-bono-de-1-millon-de-pesos","status":"publish","type":"post","link":"https:\/\/radiorevelacionfm.cl\/?p=5486","title":{"rendered":"Desde el 2 de julio las Pymes podr\u00e1n acceder al bono de 1 mill\u00f3n de pesos"},"content":{"rendered":"<div class=\"flex_column av_one_full  flex_column_div av-zero-column-padding first  avia-builder-el-0  el_before_av_one_full  avia-builder-el-first  \" style='border-radius:0px; '><div  class='avia-image-container  av-styling-    avia-builder-el-1  avia-builder-el-no-sibling  avia-align-center '  itemprop=\"image\" itemscope=\"itemscope\" itemtype=\"https:\/\/schema.org\/ImageObject\"  ><div class='avia-image-container-inner'><div class='avia-image-overlay-wrap'><img decoding=\"async\" class='wp-image-5487 avia-img-lazy-loading-not-5487 avia_image' src=\"https:\/\/radiorevelacionfm.cl\/wp-content\/uploads\/2021\/06\/GOBIERNO-DESPLEGADO-EN-CHILE-CHICO-2-2-1.jpg\" alt='' title='GOBIERNO DESPLEGADO EN CHILE CHICO (2) (2) (1)' height=\"600\" width=\"1449\"  itemprop=\"thumbnailUrl\" srcset=\"https:\/\/radiorevelacionfm.cl\/wp-content\/uploads\/2021\/06\/GOBIERNO-DESPLEGADO-EN-CHILE-CHICO-2-2-1.jpg 1449w, https:\/\/radiorevelacionfm.cl\/wp-content\/uploads\/2021\/06\/GOBIERNO-DESPLEGADO-EN-CHILE-CHICO-2-2-1-300x124.jpg 300w, https:\/\/radiorevelacionfm.cl\/wp-content\/uploads\/2021\/06\/GOBIERNO-DESPLEGADO-EN-CHILE-CHICO-2-2-1-1030x427.jpg 1030w, https:\/\/radiorevelacionfm.cl\/wp-content\/uploads\/2021\/06\/GOBIERNO-DESPLEGADO-EN-CHILE-CHICO-2-2-1-768x318.jpg 768w, https:\/\/radiorevelacionfm.cl\/wp-content\/uploads\/2021\/06\/GOBIERNO-DESPLEGADO-EN-CHILE-CHICO-2-2-1-705x292.jpg 705w, https:\/\/radiorevelacionfm.cl\/wp-content\/uploads\/2021\/06\/GOBIERNO-DESPLEGADO-EN-CHILE-CHICO-2-2-1-600x248.jpg 600w\" sizes=\"(max-width: 1449px) 100vw, 1449px\" \/><\/div><\/div><\/div><\/div><div class=\"flex_column av_one_full  flex_column_div av-zero-column-padding first  avia-builder-el-2  el_after_av_one_full  el_before_av_one_full  column-top-margin\" style='border-radius:0px; '><section class=\"av_textblock_section \"  itemscope=\"itemscope\" itemtype=\"https:\/\/schema.org\/BlogPosting\" itemprop=\"blogPost\" ><div class='avia_textblock  '   itemprop=\"text\" ><p style=\"text-align: center;\"><span style=\"font-size: 18pt;\"><b><span lang=\"ES\">Desde el 2 de julio las Pymes podr\u00e1n acceder al bono de 1 mill\u00f3n de pesos<\/span><\/b><\/span><\/p>\n<div id=\"gtx-trans\" style=\"position: absolute; left: -50px; top: 4.31534px;\">\n<div class=\"gtx-trans-icon\"><\/div>\n<\/div>\n<\/div><\/section><\/div><div class=\"flex_column av_one_full  flex_column_div av-zero-column-padding first  avia-builder-el-4  el_after_av_one_full  el_before_av_hr  column-top-margin\" style='border-radius:0px; '><section class=\"av_textblock_section \"  itemscope=\"itemscope\" itemtype=\"https:\/\/schema.org\/BlogPosting\" itemprop=\"blogPost\" ><div class='avia_textblock  '   itemprop=\"text\" ><p style=\"text-align: justify;\">Desde que se lanz\u00f3 el paquete de alivio para el comercio, las peque\u00f1as y medianas empresas y emprendimientos que tributan en primera categor\u00eda realizado desde Intendencia Regional, tanto \u00a0Seremis y Directores de Servicio de las carteras de Econom\u00eda y otras autoridades de Gobierno han desarrollado un sinn\u00famero de actividades en terreno, visitando locatarios, realizando videoconferencias con gremios y representantes de diversos rubros productivos e informando a la comunidad a trav\u00e9s de entrevistas con diversos medios de comunicaci\u00f3n todo con el fin de que est\u00e9n informados de qu\u00e9 se entregar\u00e1 y el mecanismo de entrega \u00a0de esta pol\u00edtica de ayuda en el marco de los efectos econ\u00f3micos y productivos que ha dejado la pandemia.<\/p>\n<p style=\"text-align: justify;\">La idea, seg\u00fan el l\u00edder de la cartera econ\u00f3mica regional, Carlos Pacheco, es \u201cque ninguna Pyme, comercio y diversos rubros productivos que paguen impuestos en primera categor\u00eda quede fuera de esta ayuda. Estamos hablando de potenciales 8.000 emprendedores y comerciantes de\u00a0 toda la regi\u00f3n, es por eso que en estas semanas estamos desplegados en terreno conversando directamente con la gente, visitando sus negocios y entregando claridad a cerca de este Bono Pyme y otros beneficios que se entregar\u00e1n a partir de este 2 de julio por medio de la habilitaci\u00f3n de un banner en la p\u00e1gina de internet del Servicio de Impuestos Internos\u201d.<\/p>\n<p style=\"text-align: justify;\">Por otro lado tanto el Seremi de Econom\u00eda, La Seremi de Gobierno, la Seremi del Ministerio de la Mujer y Equidad de G\u00e9nero, as\u00ed como Gobernadores de las 4 provincias y los directores de los servicios del gabinete econ\u00f3mico han estado desplegados en comunas y reunido con diversos gremios, representantes de pymes y sus respectivos usuarios ligados al turismo, a la gastronom\u00eda, peluquer\u00edas, gimnasios, entre otros rubros para ir directamente con esta informaci\u00f3n a los principales beneficiarios con esta iniciativa.<\/p>\n<p style=\"text-align: justify;\"><strong>Chile Chico<\/strong><\/p>\n<p style=\"text-align: justify;\">El Seremi de Econom\u00eda Carlos Pacheco y la Directora de Sercotec Cinthya Pantanalli se trasladaron a Chile Chico para realizar diversas acciones de difusi\u00f3n y entrega de informaci\u00f3n sobre la pr\u00f3xima entrega del Bono Pyme en la Provincia, quienes junto a la Gobernadora de la Provincia General Carrera Vanessa V\u00e1zquez realizaron actividades en terreno.<\/p>\n<p style=\"text-align: justify;\">En este sector geogr\u00e1fico de Ays\u00e9n se estima que cerca de 800 emprendedores, comercio y peque\u00f1as empresas podr\u00edan recibir los beneficios ya anunciados por el Gobierno.<\/p>\n<p style=\"text-align: justify;\">Las actividades incluyeron \u00a0una reuni\u00f3n virtual que convoc\u00f3 a m\u00e1s de 70 representantes de Pymes, comercio, peluquer\u00edas, restoranes, hospedajes y otros rubros productivos de la provincia, adem\u00e1s se realizaron transmisiones de facebook live con una propietaria de sal\u00f3n de belleza que se interioriz\u00f3 sobre esta medida directamente de parte de las autoridades y varios contactos con la prensa local que colabor\u00f3 en la difusi\u00f3n masiva de esta iniciativa.<\/p>\n<p style=\"text-align: justify;\"><strong>Bono Pyme<\/strong><\/p>\n<p style=\"text-align: justify;\">El Bono de Alivio a MYPEs es una inyecci\u00f3n de recursos frescos con cargo fiscal, por una sola vez que ascendente a la suma de $1.000.000, para las personas naturales y jur\u00eddicas que hayan informado inicio de actividades en primera categor\u00eda ante el Servicio de Impuestos Internos al 31 de marzo de 2020, est\u00e9n o no exentas del pago del Impuesto al Valor Agregado, y que cumplan con los siguientes requisitos:<\/p>\n<p style=\"text-align: justify;\">Ingresos anuales por ventas y servicios del giro sean superiores a 0,01 e inferiores a 25.000 unidades de fomento en el a\u00f1o calendario 2020. Al efecto, se considerar\u00e1 el valor de la unidad de fomento al 31 de diciembre de 2020.<\/p>\n<p style=\"text-align: justify;\">Que hayan obtenido ingresos por ventas y servicios del giro por al menos dos meses, continuos o discontinuos, durante el a\u00f1o calendario 2020 o 2021, o que hayan tenido contratado, a lo menos, un trabajador durante el a\u00f1o calendario 2020, seg\u00fan la informaci\u00f3n presentada al Servicio de Impuestos Internos en la Declaraci\u00f3n Jurada N\u00b0 1.887.<\/p>\n<p style=\"text-align: justify;\"><strong>La plataforma para a este beneficio estar\u00e1 disponible desde el 2 de julio en la \u00a0p\u00e1gina de impuestos internos\u00a0<a href=\"http:\/\/www.sii.cl\/\" data-saferedirecturl=\"https:\/\/www.google.com\/url?q=http:\/\/www.sii.cl&amp;source=gmail&amp;ust=1624380344734000&amp;usg=AFQjCNGXsTcPjB9HjtJcXXTy_1zZyUnTnQ\">www.sii.cl<\/a><\/strong>, donde se podr\u00e1 acceder a trav\u00e9s de la clave tributaria o clave \u00fanica y cuyos datos ya est\u00e1n ingresados en el SII. Por lo tanto no es necesario postular, sino que s\u00f3lo inscribirse e incluir datos como n\u00famero de cuenta bancaria para depositar el monto indicado como base o en modalidad variable como es el caso de una mujer, quien recibir\u00e1 un 20% m\u00e1s con tope de 2 millones de pesos.<\/p>\n<\/div><\/section><\/div><div  style='height:50px' class='hr hr-invisible   avia-builder-el-6  el_after_av_one_full  el_before_av_social_share '><span class='hr-inner ' ><span class='hr-inner-style'><\/span><\/span><\/div><\/p>\n<div  class='av-social-sharing-box  avia-builder-el-7  el_after_av_hr  el_before_av_hr  '><div class='av-share-box'><h5 class='av-share-link-description av-no-toc '>Compartir esta noticia<\/h5><ul class='av-share-box-list noLightbox'><li class='av-share-link av-social-link-facebook' ><a target=\"_blank\" aria-label=\"Compartir en Facebook\" href='https:\/\/www.facebook.com\/sharer.php?u=https:\/\/radiorevelacionfm.cl\/?p=5486&#038;t=Desde%20el%202%20de%20julio%20las%20Pymes%20podr%C3%A1n%20acceder%20al%20bono%20de%201%20mill%C3%B3n%20de%20pesos' aria-hidden='false' data-av_icon='\ue8f3' data-av_iconfont='entypo-fontello' title='' data-avia-related-tooltip='Compartir en Facebook' rel=\"noopener\"><span class='avia_hidden_link_text'>Compartir en Facebook<\/span><\/a><\/li><li class='av-share-link av-social-link-twitter' ><a target=\"_blank\" aria-label=\"Compartir en Twitter\" href='https:\/\/twitter.com\/share?text=Desde%20el%202%20de%20julio%20las%20Pymes%20podr%C3%A1n%20acceder%20al%20bono%20de%201%20mill%C3%B3n%20de%20pesos&#038;url=https:\/\/radiorevelacionfm.cl\/?p=5486' aria-hidden='false' data-av_icon='\ue8f1' data-av_iconfont='entypo-fontello' title='' data-avia-related-tooltip='Compartir en Twitter' rel=\"noopener\"><span class='avia_hidden_link_text'>Compartir en Twitter<\/span><\/a><\/li><li class='av-share-link av-social-link-whatsapp' ><a target=\"_blank\" aria-label=\"Compartir en Whatsapp\" href='https:\/\/api.whatsapp.com\/send?text=https:\/\/radiorevelacionfm.cl\/?p=5486' aria-hidden='false' data-av_icon='\uf232' data-av_iconfont='entypo-fontello' title='' data-avia-related-tooltip='Compartir en Whatsapp' rel=\"noopener\"><span class='avia_hidden_link_text'>Compartir en Whatsapp<\/span><\/a><\/li><li class='av-share-link av-social-link-linkedin' ><a target=\"_blank\" aria-label=\"Compartir en LinkedIn\" href='https:\/\/linkedin.com\/shareArticle?mini=true&#038;title=Desde%20el%202%20de%20julio%20las%20Pymes%20podr%C3%A1n%20acceder%20al%20bono%20de%201%20mill%C3%B3n%20de%20pesos&#038;url=https:\/\/radiorevelacionfm.cl\/?p=5486' aria-hidden='false' data-av_icon='\ue8fc' data-av_iconfont='entypo-fontello' title='' data-avia-related-tooltip='Compartir en LinkedIn' rel=\"noopener\"><span class='avia_hidden_link_text'>Compartir en LinkedIn<\/span><\/a><\/li><li class='av-share-link av-social-link-mail' ><a  aria-label=\"Compartir por correo\" href='mailto:?subject=Desde%20el%202%20de%20julio%20las%20Pymes%20podr%C3%A1n%20acceder%20al%20bono%20de%201%20mill%C3%B3n%20de%20pesos&#038;body=https:\/\/radiorevelacionfm.cl\/?p=5486' aria-hidden='false' data-av_icon='\ue805' data-av_iconfont='entypo-fontello' title='' data-avia-related-tooltip='Compartir por correo'><span class='avia_hidden_link_text'>Compartir por correo<\/span><\/a><\/li><\/ul><\/div><\/div>\n<div  style='height:50px' class='hr hr-invisible   avia-builder-el-8  el_after_av_social_share  el_before_av_comments_list '><span class='hr-inner ' ><span class='hr-inner-style'><\/span><\/span><\/div>\n<div  class='av-buildercomment  av-blog-meta-html-info-disabled av-blog-meta-tag-disabled  '><\/div>\n","protected":false},"excerpt":{"rendered":"","protected":false},"author":1,"featured_media":5487,"comment_status":"open","ping_status":"open","sticky":false,"template":"","format":"standard","meta":{"footnotes":""},"categories":[37],"tags":[],"class_list":["post-5486","post","type-post","status-publish","format-standard","has-post-thumbnail","hentry","category-economia"],"jetpack_featured_media_url":"https:\/\/radiorevelacionfm.cl\/wp-content\/uploads\/2021\/06\/GOBIERNO-DESPLEGADO-EN-CHILE-CHICO-2-2-1.jpg","_links":{"self":[{"href":"https:\/\/radiorevelacionfm.cl\/index.php?rest_route=\/wp\/v2\/posts\/5486","targetHints":{"allow":["GET"]}}],"collection":[{"href":"https:\/\/radiorevelacionfm.cl\/index.php?rest_route=\/wp\/v2\/posts"}],"about":[{"href":"https:\/\/radiorevelacionfm.cl\/index.php?rest_route=\/wp\/v2\/types\/post"}],"author":[{"embeddable":true,"href":"https:\/\/radiorevelacionfm.cl\/index.php?rest_route=\/wp\/v2\/users\/1"}],"replies":[{"embeddable":true,"href":"https:\/\/radiorevelacionfm.cl\/index.php?rest_route=%2Fwp%2Fv2%2Fcomments&post=5486"}],"version-history":[{"count":1,"href":"https:\/\/radiorevelacionfm.cl\/index.php?rest_route=\/wp\/v2\/posts\/5486\/revisions"}],"predecessor-version":[{"id":5488,"href":"https:\/\/radiorevelacionfm.cl\/index.php?rest_route=\/wp\/v2\/posts\/5486\/revisions\/5488"}],"wp:featuredmedia":[{"embeddable":true,"href":"https:\/\/radiorevelacionfm.cl\/index.php?rest_route=\/wp\/v2\/media\/5487"}],"wp:attachment":[{"href":"https:\/\/radiorevelacionfm.cl\/index.php?rest_route=%2Fwp%2Fv2%2Fmedia&parent=5486"}],"wp:term":[{"taxonomy":"category","embeddable":true,"href":"https:\/\/radiorevelacionfm.cl\/index.php?rest_route=%2Fwp%2Fv2%2Fcategories&post=5486"},{"taxonomy":"post_tag","embeddable":true,"href":"https:\/\/radiorevelacionfm.cl\/index.php?rest_route=%2Fwp%2Fv2%2Ftags&post=5486"}],"curies":[{"name":"wp","href":"https:\/\/api.w.org\/{rel}","templated":true}]}}