{"id":54857,"date":"2025-06-05T11:54:10","date_gmt":"2025-06-05T14:54:10","guid":{"rendered":"https:\/\/radiorevelacionfm.cl\/?p=54857"},"modified":"2025-06-05T11:54:10","modified_gmt":"2025-06-05T14:54:10","slug":"entregan-terreno-para-la-construccion-de-espacio-deportivo-en-la-comuna-de-cochrane","status":"publish","type":"post","link":"https:\/\/radiorevelacionfm.cl\/?p=54857","title":{"rendered":"Entregan terreno para la construcci\u00f3n de espacio deportivo en la comuna de Cochrane"},"content":{"rendered":"<div class=\"flex_column av_one_full  flex_column_div av-zero-column-padding first  avia-builder-el-0  el_before_av_one_full  avia-builder-el-first  \" style='border-radius:0px; '><div  class='avia-image-container  av-styling-    avia-builder-el-1  avia-builder-el-no-sibling  avia-align-center '  itemprop=\"image\" itemscope=\"itemscope\" itemtype=\"https:\/\/schema.org\/ImageObject\"  ><div class='avia-image-container-inner'><div class='avia-image-overlay-wrap'><img decoding=\"async\" class='wp-image-54858 avia-img-lazy-loading-not-54858 avia_image' src=\"https:\/\/radiorevelacionfm.cl\/wp-content\/uploads\/2025\/06\/multicancha-1_optimized.jpg\" alt='' title='multicancha-(1)_optimized' height=\"600\" width=\"800\"  itemprop=\"thumbnailUrl\" srcset=\"https:\/\/radiorevelacionfm.cl\/wp-content\/uploads\/2025\/06\/multicancha-1_optimized.jpg 800w, https:\/\/radiorevelacionfm.cl\/wp-content\/uploads\/2025\/06\/multicancha-1_optimized-300x225.jpg 300w, https:\/\/radiorevelacionfm.cl\/wp-content\/uploads\/2025\/06\/multicancha-1_optimized-768x576.jpg 768w, https:\/\/radiorevelacionfm.cl\/wp-content\/uploads\/2025\/06\/multicancha-1_optimized-705x529.jpg 705w, https:\/\/radiorevelacionfm.cl\/wp-content\/uploads\/2025\/06\/multicancha-1_optimized-450x338.jpg 450w, https:\/\/radiorevelacionfm.cl\/wp-content\/uploads\/2025\/06\/multicancha-1_optimized-600x450.jpg 600w\" sizes=\"(max-width: 800px) 100vw, 800px\" \/><\/div><\/div><\/div><\/div><div class=\"flex_column av_one_full  flex_column_div av-zero-column-padding first  avia-builder-el-2  el_after_av_one_full  el_before_av_one_full  column-top-margin\" style='border-radius:0px; '><section class=\"av_textblock_section \"  itemscope=\"itemscope\" itemtype=\"https:\/\/schema.org\/BlogPosting\" itemprop=\"blogPost\" ><div class='avia_textblock  '   itemprop=\"text\" ><h1 style=\"text-align: center;\"><span style=\"font-size: 18pt;\"><b>Entregan terreno para la construcci\u00f3n de espacio deportivo en la comuna de Cochrane<\/b><\/span><\/h1>\n<div id=\"gtx-trans\" style=\"position: absolute; left: -50px; top: 4.31534px;\">\n<div class=\"gtx-trans-icon\"><\/div>\n<\/div>\n<\/div><\/section><\/div><div class=\"flex_column av_one_full  flex_column_div av-zero-column-padding first  avia-builder-el-4  el_after_av_one_full  el_before_av_hr  column-top-margin\" style='border-radius:0px; '><section class=\"av_textblock_section \"  itemscope=\"itemscope\" itemtype=\"https:\/\/schema.org\/BlogPosting\" itemprop=\"blogPost\" ><div class='avia_textblock  '   itemprop=\"text\" ><p style=\"text-align: justify;\"><i>La inversi\u00f3n de $105 millones provenientes de la Subsecretar\u00eda de Desarrollo Regional y Administrativo (Subdere) permitir\u00e1 contar con este espacio que tendr\u00e1 m\u00e1quinas de ejercicios y circuitos de calistenia, adem\u00e1s de un juego infantil de escalda y se realizar\u00e1 el mejoramiento de suelos y espacios.<br \/>\n<\/i>Durante los \u00faltimos d\u00edas se llev\u00f3 a cabo la entrega de un terreno financiado por la Subsecretar\u00eda de Desarrollo Regional y Administrativo (Subdere) en la comuna de Cochrane y que permitir\u00e1 la recuperaci\u00f3n y construcci\u00f3n de un espacio que ser\u00e1 destinado a la pr\u00e1ctica deportiva.<br \/>\nEl encargado de la Unidad Regional Subdere (URS) de Ays\u00e9n, Rodolfo Elgueta, destac\u00f3 que \u2018\u2019la recuperaci\u00f3n de estos espacios para la pr\u00e1ctica de deporte y la realizaci\u00f3n de actividad f\u00edsica son muy importantes para la comunidad, ya que, por un lado, permite llevar una vida saludable y adem\u00e1s es un punto de encuentro para toda la comunidad\u2019\u2019.<br \/>\nPor su parte, el alcalde de Cochrane, Patricio Ulloa, se\u00f1al\u00f3 que \u2018\u2019agradecer a la Subdere por financiar este tipo de obras que van en directo beneficio obviamente de la comunidad, de los ni\u00f1os, de los j\u00f3venes, de los adultos y eso es lo que finalmente persiguen las comunidades, de mejorar la infraestructura urbana y sobre todo en el \u00e1mbito deportivo. Lo otro tambi\u00e9n, ac\u00e1 est\u00e1 la empresa comal, empresa local que hay que resaltarlo, donde ha tenido buenos resultados en el \u00e1mbito de la de la ejecuci\u00f3n\u2019\u2019.<br \/>\nEl proyecto considera la construcci\u00f3n de este espacio deportivo con m\u00e1quinas para realizar ejercicios y la incorporaci\u00f3n de circuitos de calistenia, junto con la instalaci\u00f3n de un juego infantil de escalada y se llevar\u00e1 a cabo el mejoramiento de suelos y espacios.<br \/>\nEste espacio cuenta con sus instalaciones y suelo desgastados por el clima y por el paso del tiempo, donde no son utilizados por la poblaci\u00f3n debido al riesgo debido a su estado deteriorado.<\/p>\n<\/div><\/section><\/div><div  style='height:50px' class='hr hr-invisible   avia-builder-el-6  el_after_av_one_full  el_before_av_social_share '><span class='hr-inner ' ><span class='hr-inner-style'><\/span><\/span><\/div><\/p>\n<div  class='av-social-sharing-box  avia-builder-el-7  el_after_av_hr  el_before_av_hr  '><div class='av-share-box'><h5 class='av-share-link-description av-no-toc '>Compartir esta noticia<\/h5><ul class='av-share-box-list noLightbox'><li class='av-share-link av-social-link-facebook' ><a target=\"_blank\" aria-label=\"Compartir en Facebook\" href='https:\/\/www.facebook.com\/sharer.php?u=https:\/\/radiorevelacionfm.cl\/?p=54857&#038;t=Entregan%20terreno%20para%20la%20construcci%C3%B3n%20de%20espacio%20deportivo%20en%20la%20comuna%20de%20Cochrane' aria-hidden='false' data-av_icon='\ue8f3' data-av_iconfont='entypo-fontello' title='' data-avia-related-tooltip='Compartir en Facebook' rel=\"noopener\"><span class='avia_hidden_link_text'>Compartir en Facebook<\/span><\/a><\/li><li class='av-share-link av-social-link-twitter' ><a target=\"_blank\" aria-label=\"Compartir en Twitter\" href='https:\/\/twitter.com\/share?text=Entregan%20terreno%20para%20la%20construcci%C3%B3n%20de%20espacio%20deportivo%20en%20la%20comuna%20de%20Cochrane&#038;url=https:\/\/radiorevelacionfm.cl\/?p=54857' aria-hidden='false' data-av_icon='\ue8f1' data-av_iconfont='entypo-fontello' title='' data-avia-related-tooltip='Compartir en Twitter' rel=\"noopener\"><span class='avia_hidden_link_text'>Compartir en Twitter<\/span><\/a><\/li><li class='av-share-link av-social-link-whatsapp' ><a target=\"_blank\" aria-label=\"Compartir en Whatsapp\" href='https:\/\/api.whatsapp.com\/send?text=https:\/\/radiorevelacionfm.cl\/?p=54857' aria-hidden='false' data-av_icon='\uf232' data-av_iconfont='entypo-fontello' title='' data-avia-related-tooltip='Compartir en Whatsapp' rel=\"noopener\"><span class='avia_hidden_link_text'>Compartir en Whatsapp<\/span><\/a><\/li><li class='av-share-link av-social-link-linkedin' ><a target=\"_blank\" aria-label=\"Compartir en LinkedIn\" href='https:\/\/linkedin.com\/shareArticle?mini=true&#038;title=Entregan%20terreno%20para%20la%20construcci%C3%B3n%20de%20espacio%20deportivo%20en%20la%20comuna%20de%20Cochrane&#038;url=https:\/\/radiorevelacionfm.cl\/?p=54857' aria-hidden='false' data-av_icon='\ue8fc' data-av_iconfont='entypo-fontello' title='' data-avia-related-tooltip='Compartir en LinkedIn' rel=\"noopener\"><span class='avia_hidden_link_text'>Compartir en LinkedIn<\/span><\/a><\/li><li class='av-share-link av-social-link-mail' ><a  aria-label=\"Compartir por correo\" href='mailto:?subject=Entregan%20terreno%20para%20la%20construcci%C3%B3n%20de%20espacio%20deportivo%20en%20la%20comuna%20de%20Cochrane&#038;body=https:\/\/radiorevelacionfm.cl\/?p=54857' aria-hidden='false' data-av_icon='\ue805' data-av_iconfont='entypo-fontello' title='' data-avia-related-tooltip='Compartir por correo'><span class='avia_hidden_link_text'>Compartir por correo<\/span><\/a><\/li><\/ul><\/div><\/div>\n<div  style='height:50px' class='hr hr-invisible   avia-builder-el-8  el_after_av_social_share  el_before_av_comments_list '><span class='hr-inner ' ><span class='hr-inner-style'><\/span><\/span><\/div>\n<div  class='av-buildercomment  av-blog-meta-html-info-disabled av-blog-meta-tag-disabled  '><\/div>\n","protected":false},"excerpt":{"rendered":"","protected":false},"author":1,"featured_media":54858,"comment_status":"closed","ping_status":"closed","sticky":false,"template":"","format":"standard","meta":{"footnotes":""},"categories":[40],"tags":[],"class_list":["post-54857","post","type-post","status-publish","format-standard","has-post-thumbnail","hentry","category-deportes"],"jetpack_featured_media_url":"https:\/\/radiorevelacionfm.cl\/wp-content\/uploads\/2025\/06\/multicancha-1_optimized.jpg","_links":{"self":[{"href":"https:\/\/radiorevelacionfm.cl\/index.php?rest_route=\/wp\/v2\/posts\/54857","targetHints":{"allow":["GET"]}}],"collection":[{"href":"https:\/\/radiorevelacionfm.cl\/index.php?rest_route=\/wp\/v2\/posts"}],"about":[{"href":"https:\/\/radiorevelacionfm.cl\/index.php?rest_route=\/wp\/v2\/types\/post"}],"author":[{"embeddable":true,"href":"https:\/\/radiorevelacionfm.cl\/index.php?rest_route=\/wp\/v2\/users\/1"}],"replies":[{"embeddable":true,"href":"https:\/\/radiorevelacionfm.cl\/index.php?rest_route=%2Fwp%2Fv2%2Fcomments&post=54857"}],"version-history":[{"count":2,"href":"https:\/\/radiorevelacionfm.cl\/index.php?rest_route=\/wp\/v2\/posts\/54857\/revisions"}],"predecessor-version":[{"id":54866,"href":"https:\/\/radiorevelacionfm.cl\/index.php?rest_route=\/wp\/v2\/posts\/54857\/revisions\/54866"}],"wp:featuredmedia":[{"embeddable":true,"href":"https:\/\/radiorevelacionfm.cl\/index.php?rest_route=\/wp\/v2\/media\/54858"}],"wp:attachment":[{"href":"https:\/\/radiorevelacionfm.cl\/index.php?rest_route=%2Fwp%2Fv2%2Fmedia&parent=54857"}],"wp:term":[{"taxonomy":"category","embeddable":true,"href":"https:\/\/radiorevelacionfm.cl\/index.php?rest_route=%2Fwp%2Fv2%2Fcategories&post=54857"},{"taxonomy":"post_tag","embeddable":true,"href":"https:\/\/radiorevelacionfm.cl\/index.php?rest_route=%2Fwp%2Fv2%2Ftags&post=54857"}],"curies":[{"name":"wp","href":"https:\/\/api.w.org\/{rel}","templated":true}]}}