{"id":54854,"date":"2025-06-04T20:59:53","date_gmt":"2025-06-04T23:59:53","guid":{"rendered":"https:\/\/radiorevelacionfm.cl\/?p=54854"},"modified":"2025-06-04T20:59:53","modified_gmt":"2025-06-04T23:59:53","slug":"proyecto-que-crea-un-marco-regulatorio-para-ferias-libres-avanza-en-el-congreso-e-incluye-indicaciones-del-diputado-calisto","status":"publish","type":"post","link":"https:\/\/radiorevelacionfm.cl\/?p=54854","title":{"rendered":"Proyecto que crea un marco regulatorio para ferias libres avanza en el Congreso e incluye indicaciones del Diputado Calisto"},"content":{"rendered":"<div class=\"flex_column av_one_full  flex_column_div av-zero-column-padding first  avia-builder-el-0  el_before_av_one_full  avia-builder-el-first  \" style='border-radius:0px; '><div  class='avia-image-container  av-styling-    avia-builder-el-1  avia-builder-el-no-sibling  avia-align-center '  itemprop=\"image\" itemscope=\"itemscope\" itemtype=\"https:\/\/schema.org\/ImageObject\"  ><div class='avia-image-container-inner'><div class='avia-image-overlay-wrap'><img decoding=\"async\" class='wp-image-54855 avia-img-lazy-loading-not-54855 avia_image' src=\"https:\/\/radiorevelacionfm.cl\/wp-content\/uploads\/2025\/06\/FOTO-CALISTO-ARCHIVO-3-1-1.jpeg\" alt='' title='FOTO CALISTO ARCHIVO (3) (1) (1)' height=\"600\" width=\"900\"  itemprop=\"thumbnailUrl\" srcset=\"https:\/\/radiorevelacionfm.cl\/wp-content\/uploads\/2025\/06\/FOTO-CALISTO-ARCHIVO-3-1-1.jpeg 900w, https:\/\/radiorevelacionfm.cl\/wp-content\/uploads\/2025\/06\/FOTO-CALISTO-ARCHIVO-3-1-1-300x200.jpeg 300w, https:\/\/radiorevelacionfm.cl\/wp-content\/uploads\/2025\/06\/FOTO-CALISTO-ARCHIVO-3-1-1-768x512.jpeg 768w, https:\/\/radiorevelacionfm.cl\/wp-content\/uploads\/2025\/06\/FOTO-CALISTO-ARCHIVO-3-1-1-705x470.jpeg 705w, https:\/\/radiorevelacionfm.cl\/wp-content\/uploads\/2025\/06\/FOTO-CALISTO-ARCHIVO-3-1-1-450x300.jpeg 450w, https:\/\/radiorevelacionfm.cl\/wp-content\/uploads\/2025\/06\/FOTO-CALISTO-ARCHIVO-3-1-1-600x400.jpeg 600w\" sizes=\"(max-width: 900px) 100vw, 900px\" \/><\/div><\/div><\/div><\/div><div class=\"flex_column av_one_full  flex_column_div av-zero-column-padding first  avia-builder-el-2  el_after_av_one_full  el_before_av_one_full  column-top-margin\" style='border-radius:0px; '><section class=\"av_textblock_section \"  itemscope=\"itemscope\" itemtype=\"https:\/\/schema.org\/BlogPosting\" itemprop=\"blogPost\" ><div class='avia_textblock  '   itemprop=\"text\" ><p style=\"text-align: center;\"><span style=\"font-size: 18pt;\"><b><span lang=\"ES-TRAD\">Proyecto que crea un marco regulatorio para ferias libres avanza en el Congreso e incluye indicaciones del Diputado Calisto<\/span><\/b><\/span><\/p>\n<div id=\"gtx-trans\" style=\"position: absolute; left: -50px; top: 4.31534px;\">\n<div class=\"gtx-trans-icon\"><\/div>\n<\/div>\n<\/div><\/section><\/div><div class=\"flex_column av_one_full  flex_column_div av-zero-column-padding first  avia-builder-el-4  el_after_av_one_full  el_before_av_hr  column-top-margin\" style='border-radius:0px; '><section class=\"av_textblock_section \"  itemscope=\"itemscope\" itemtype=\"https:\/\/schema.org\/BlogPosting\" itemprop=\"blogPost\" ><div class='avia_textblock  '   itemprop=\"text\" ><p style=\"font-weight: 400; text-align: justify;\"><em>Con el voto a favor del diputado Miguel \u00c1ngel Calisto, e incluyendo algunas indicaciones de su autor\u00eda, este mi\u00e9rcoles la C\u00e1mara de Diputados aprob\u00f3 el proyecto que\u00a0 establece un nuevo marco jur\u00eddico para las Ferias Libres, iniciativa que pas\u00f3 a su segundo tr\u00e1mite constitucional en el Senado.<\/em><\/p>\n<p style=\"font-weight: 400; text-align: justify;\">Seg\u00fan el diputado Calisto en su intervenci\u00f3n en la sala de la C\u00e1mara de Diputados, \u201ceste proyecto es bueno porque le da un marco regulatorio a las ferias libres en nuestro pa\u00eds. En primer lugar, crea un registro nacional de feriantes para tener la identificaci\u00f3n de qui\u00e9nes son los que participan en organizaciones de feria y separar las papas del caldo, separar aquellos que son parte de organizaciones de feria versus los que llegan de manera ilegal, irregular, y que llegan a vender muchas veces sin necesitarlo\u201d.<\/p>\n<p style=\"font-weight: 400; text-align: justify;\">\u201cEste proyecto permite que existan consultas no vinculantes con los sectores, con las juntas de vecinos que est\u00e1n en el entorno que creo que es importante como insumo tambi\u00e9n para los municipios para ver c\u00f3mo funcionan las ferias. Tambi\u00e9n permite este mecanismo de gobernanza. Tambi\u00e9n garantiza que los feriantes mayores de 65 a\u00f1os podr\u00e1n ceder su permiso a un familiar hasta un segundo grado de consanguinidad garantizando la continuidad del trabajo\u201d, indic\u00f3.<\/p>\n<p style=\"font-weight: 400; text-align: justify;\">Calisto agreg\u00f3 que \u201ca m\u00ed me toc\u00f3 conversar con varias organizaciones de ferias en Coyhaique, en Puerto Ays\u00e9n y en otras comunas de mi regi\u00f3n. Un tema que generaba harta duda ten\u00eda que ver con los porcentajes de venta de productos alimenticios de origen vegetal. Hay regiones como la m\u00eda en la cual la producci\u00f3n se termina en la \u00e9poca de invierno, o sea, por lo menos 8 meses no hay producci\u00f3n\u201d.<\/p>\n<p style=\"font-weight: 400; text-align: justify;\">Entre las indicaciones presentadas por el legislador que se aprobaron est\u00e1 la que establece que se considerar\u00e1 como ferias tambi\u00e9n a las que ofrecen menos de 50% de alimentos, medida que se hace cargo de las distintas realidades regionales. Otra de las indicaciones es la que tiene relaci\u00f3n con las ferias que est\u00e1n emplazadas en bienes fiscales v\u00eda comodato.\u00a0 Una vez terminados esos contratos por comodatos de bienes fiscales o municipales, tendr\u00e1n prioridad para ser constituidas como ferias en otro lugar.<\/p>\n<p style=\"font-weight: 400; text-align: justify;\"><strong>Cr\u00edticas al proyecto que establece pago de impuestos a los feriantes<\/strong><\/p>\n<p style=\"font-weight: 400; text-align: justify;\">Con respecto al proyecto que establece el pago de impuestos a los feriantes, que se discuti\u00f3 hace algunas semanas en el Congreso, Calisto se\u00f1al\u00f3 que \u201cel anterior proyecto de ferias busca un mecanismo para garantizar que los feriantes paguen impuestos. Ese fue el proyecto que impuls\u00f3 el gobierno del presidente Boric y que se empuj\u00f3 ac\u00e1 y que incluso obliga a los municipios a entregar las n\u00f3minas de los que pagan patentes al servicio de impuestos internos\u201d.<\/p>\n<p style=\"font-weight: 400; text-align: justify;\">Finalmente, el legislador se\u00f1al\u00f3 que \u201cesta iniciativa est\u00e1 llena de letra chica y creo que ese proyecto va a ser muy nefasto para las ferias en general. Por eso nosotros lo votamos en contra, porque puede ser muy da\u00f1ino para las organizaciones de ferias libres.<\/p>\n<\/div><\/section><\/div><div  style='height:50px' class='hr hr-invisible   avia-builder-el-6  el_after_av_one_full  el_before_av_social_share '><span class='hr-inner ' ><span class='hr-inner-style'><\/span><\/span><\/div><\/p>\n<div  class='av-social-sharing-box  avia-builder-el-7  el_after_av_hr  el_before_av_hr  '><div class='av-share-box'><h5 class='av-share-link-description av-no-toc '>Compartir esta noticia<\/h5><ul class='av-share-box-list noLightbox'><li class='av-share-link av-social-link-facebook' ><a target=\"_blank\" aria-label=\"Compartir en Facebook\" href='https:\/\/www.facebook.com\/sharer.php?u=https:\/\/radiorevelacionfm.cl\/?p=54854&#038;t=Proyecto%20que%20crea%20un%20marco%20regulatorio%20para%20ferias%20libres%20avanza%20en%20el%20Congreso%20e%20incluye%20indicaciones%20del%20Diputado%20Calisto' aria-hidden='false' data-av_icon='\ue8f3' data-av_iconfont='entypo-fontello' title='' data-avia-related-tooltip='Compartir en Facebook' rel=\"noopener\"><span class='avia_hidden_link_text'>Compartir en Facebook<\/span><\/a><\/li><li class='av-share-link av-social-link-twitter' ><a target=\"_blank\" aria-label=\"Compartir en Twitter\" href='https:\/\/twitter.com\/share?text=Proyecto%20que%20crea%20un%20marco%20regulatorio%20para%20ferias%20libres%20avanza%20en%20el%20Congreso%20e%20incluye%20indicaciones%20del%20Diputado%20Calisto&#038;url=https:\/\/radiorevelacionfm.cl\/?p=54854' aria-hidden='false' data-av_icon='\ue8f1' data-av_iconfont='entypo-fontello' title='' data-avia-related-tooltip='Compartir en Twitter' rel=\"noopener\"><span class='avia_hidden_link_text'>Compartir en Twitter<\/span><\/a><\/li><li class='av-share-link av-social-link-whatsapp' ><a target=\"_blank\" aria-label=\"Compartir en Whatsapp\" href='https:\/\/api.whatsapp.com\/send?text=https:\/\/radiorevelacionfm.cl\/?p=54854' aria-hidden='false' data-av_icon='\uf232' data-av_iconfont='entypo-fontello' title='' data-avia-related-tooltip='Compartir en Whatsapp' rel=\"noopener\"><span class='avia_hidden_link_text'>Compartir en Whatsapp<\/span><\/a><\/li><li class='av-share-link av-social-link-linkedin' ><a target=\"_blank\" aria-label=\"Compartir en LinkedIn\" href='https:\/\/linkedin.com\/shareArticle?mini=true&#038;title=Proyecto%20que%20crea%20un%20marco%20regulatorio%20para%20ferias%20libres%20avanza%20en%20el%20Congreso%20e%20incluye%20indicaciones%20del%20Diputado%20Calisto&#038;url=https:\/\/radiorevelacionfm.cl\/?p=54854' aria-hidden='false' data-av_icon='\ue8fc' data-av_iconfont='entypo-fontello' title='' data-avia-related-tooltip='Compartir en LinkedIn' rel=\"noopener\"><span class='avia_hidden_link_text'>Compartir en LinkedIn<\/span><\/a><\/li><li class='av-share-link av-social-link-mail' ><a  aria-label=\"Compartir por correo\" href='mailto:?subject=Proyecto%20que%20crea%20un%20marco%20regulatorio%20para%20ferias%20libres%20avanza%20en%20el%20Congreso%20e%20incluye%20indicaciones%20del%20Diputado%20Calisto&#038;body=https:\/\/radiorevelacionfm.cl\/?p=54854' aria-hidden='false' data-av_icon='\ue805' data-av_iconfont='entypo-fontello' title='' data-avia-related-tooltip='Compartir por correo'><span class='avia_hidden_link_text'>Compartir por correo<\/span><\/a><\/li><\/ul><\/div><\/div>\n<div  style='height:50px' class='hr hr-invisible   avia-builder-el-8  el_after_av_social_share  el_before_av_comments_list '><span class='hr-inner ' ><span class='hr-inner-style'><\/span><\/span><\/div>\n<div  class='av-buildercomment  av-blog-meta-html-info-disabled av-blog-meta-tag-disabled  '><\/div>\n","protected":false},"excerpt":{"rendered":"","protected":false},"author":1,"featured_media":54855,"comment_status":"closed","ping_status":"closed","sticky":false,"template":"","format":"standard","meta":{"footnotes":""},"categories":[35],"tags":[],"class_list":["post-54854","post","type-post","status-publish","format-standard","has-post-thumbnail","hentry","category-politica"],"jetpack_featured_media_url":"https:\/\/radiorevelacionfm.cl\/wp-content\/uploads\/2025\/06\/FOTO-CALISTO-ARCHIVO-3-1-1.jpeg","_links":{"self":[{"href":"https:\/\/radiorevelacionfm.cl\/index.php?rest_route=\/wp\/v2\/posts\/54854","targetHints":{"allow":["GET"]}}],"collection":[{"href":"https:\/\/radiorevelacionfm.cl\/index.php?rest_route=\/wp\/v2\/posts"}],"about":[{"href":"https:\/\/radiorevelacionfm.cl\/index.php?rest_route=\/wp\/v2\/types\/post"}],"author":[{"embeddable":true,"href":"https:\/\/radiorevelacionfm.cl\/index.php?rest_route=\/wp\/v2\/users\/1"}],"replies":[{"embeddable":true,"href":"https:\/\/radiorevelacionfm.cl\/index.php?rest_route=%2Fwp%2Fv2%2Fcomments&post=54854"}],"version-history":[{"count":2,"href":"https:\/\/radiorevelacionfm.cl\/index.php?rest_route=\/wp\/v2\/posts\/54854\/revisions"}],"predecessor-version":[{"id":54864,"href":"https:\/\/radiorevelacionfm.cl\/index.php?rest_route=\/wp\/v2\/posts\/54854\/revisions\/54864"}],"wp:featuredmedia":[{"embeddable":true,"href":"https:\/\/radiorevelacionfm.cl\/index.php?rest_route=\/wp\/v2\/media\/54855"}],"wp:attachment":[{"href":"https:\/\/radiorevelacionfm.cl\/index.php?rest_route=%2Fwp%2Fv2%2Fmedia&parent=54854"}],"wp:term":[{"taxonomy":"category","embeddable":true,"href":"https:\/\/radiorevelacionfm.cl\/index.php?rest_route=%2Fwp%2Fv2%2Fcategories&post=54854"},{"taxonomy":"post_tag","embeddable":true,"href":"https:\/\/radiorevelacionfm.cl\/index.php?rest_route=%2Fwp%2Fv2%2Ftags&post=54854"}],"curies":[{"name":"wp","href":"https:\/\/api.w.org\/{rel}","templated":true}]}}