{"id":54846,"date":"2025-06-05T09:38:23","date_gmt":"2025-06-05T12:38:23","guid":{"rendered":"https:\/\/radiorevelacionfm.cl\/?p=54846"},"modified":"2025-06-05T09:38:23","modified_gmt":"2025-06-05T12:38:23","slug":"se-acaba-el-tiempo-ultimos-dias-para-que-parvulos-de-la-region-de-aysen-concursen-por-un-viaje-a-la-nasa","status":"publish","type":"post","link":"https:\/\/radiorevelacionfm.cl\/?p=54846","title":{"rendered":"Se acaba el tiempo: \u00daltimos d\u00edas para que p\u00e1rvulos de la Regi\u00f3n de Ays\u00e9n concursen por un viaje a la NASA"},"content":{"rendered":"<div class=\"flex_column av_one_full  flex_column_div av-zero-column-padding first  avia-builder-el-0  el_before_av_one_full  avia-builder-el-first  \" style='border-radius:0px; '><div  class='avia-image-container  av-styling-    avia-builder-el-1  avia-builder-el-no-sibling  avia-align-center '  itemprop=\"image\" itemscope=\"itemscope\" itemtype=\"https:\/\/schema.org\/ImageObject\"  ><div class='avia-image-container-inner'><div class='avia-image-overlay-wrap'><img decoding=\"async\" class='wp-image-54847 avia-img-lazy-loading-not-54847 avia_image' src=\"https:\/\/radiorevelacionfm.cl\/wp-content\/uploads\/2025\/06\/foto-CP-1-1.jpg\" alt='' title='foto CP (1) (1)' height=\"600\" width=\"960\"  itemprop=\"thumbnailUrl\" srcset=\"https:\/\/radiorevelacionfm.cl\/wp-content\/uploads\/2025\/06\/foto-CP-1-1.jpg 960w, https:\/\/radiorevelacionfm.cl\/wp-content\/uploads\/2025\/06\/foto-CP-1-1-300x188.jpg 300w, https:\/\/radiorevelacionfm.cl\/wp-content\/uploads\/2025\/06\/foto-CP-1-1-768x480.jpg 768w, https:\/\/radiorevelacionfm.cl\/wp-content\/uploads\/2025\/06\/foto-CP-1-1-705x441.jpg 705w, https:\/\/radiorevelacionfm.cl\/wp-content\/uploads\/2025\/06\/foto-CP-1-1-450x281.jpg 450w, https:\/\/radiorevelacionfm.cl\/wp-content\/uploads\/2025\/06\/foto-CP-1-1-600x375.jpg 600w\" sizes=\"(max-width: 960px) 100vw, 960px\" \/><\/div><\/div><\/div><\/div><div class=\"flex_column av_one_full  flex_column_div av-zero-column-padding first  avia-builder-el-2  el_after_av_one_full  el_before_av_one_full  column-top-margin\" style='border-radius:0px; '><section class=\"av_textblock_section \"  itemscope=\"itemscope\" itemtype=\"https:\/\/schema.org\/BlogPosting\" itemprop=\"blogPost\" ><div class='avia_textblock  '   itemprop=\"text\" ><p style=\"text-align: center;\"><span style=\"font-size: 18pt;\"><strong>Se acaba el tiempo: \u00daltimos d\u00edas para que p\u00e1rvulos de la Regi\u00f3n de Ays\u00e9n concursen por un viaje a la NASA<\/strong><\/span><\/p>\n<div id=\"gtx-trans\" style=\"position: absolute; left: -50px; top: 4.31534px;\">\n<div class=\"gtx-trans-icon\"><\/div>\n<\/div>\n<\/div><\/section><\/div><div class=\"flex_column av_one_full  flex_column_div av-zero-column-padding first  avia-builder-el-4  el_after_av_one_full  el_before_av_hr  column-top-margin\" style='border-radius:0px; '><section class=\"av_textblock_section \"  itemscope=\"itemscope\" itemtype=\"https:\/\/schema.org\/BlogPosting\" itemprop=\"blogPost\" ><div class='avia_textblock  '   itemprop=\"text\" ><p style=\"text-align: justify;\"><em>S\u00f3lo hasta el 30 de junio pueden postular en www.hazquedespeguen.cl para visitar el Centro Espacial Kennedy en Estados Unidos, junto a un apoderado y con todos los gastos pagados. Educadoras y t\u00e9cnicos en p\u00e1rvulos tambi\u00e9n pueden ser parte del viaje.\u00a0<\/em><\/p>\n<p style=\"text-align: justify;\">Comienza la cuenta regresiva. En menos de un mes vence el plazo para que ni\u00f1as y ni\u00f1os que asisten a educaci\u00f3n parvularia sean inscritos para ganar un viaje al Centro Espacial Kennedy de la NASA con todos los gastos pagados y vivan una gran experiencia en Estados Unidos junto a su apoderado.<\/p>\n<p style=\"text-align: justify;\">En la Regi\u00f3n de Ays\u00e9n, ya son 202 ni\u00f1as y ni\u00f1os que han sido inscritos para participar, pero a\u00fan hay tiempo para que m\u00e1s familias completen el formulario disponible en <a href=\"http:\/\/www.hazquedespeguen.cl\/\">www.hazquedespeguen.cl<\/a><\/p>\n<p style=\"text-align: justify;\">\u201cHaz que Despeguen\u201d es una campa\u00f1a de Fundaci\u00f3n Educacional Oportunidad que busca reconocer el esfuerzo de las familias por incentivar que las ni\u00f1as y ni\u00f1os vayan al jard\u00edn y a la escuela de manera regular, ya que es un h\u00e1bito clave para su aprendizaje y desarrollo integral.<\/p>\n<p style=\"text-align: justify;\"><strong>\u00bfQui\u00e9nes pueden participar?<\/strong><\/p>\n<p style=\"text-align: justify;\">Ni\u00f1as y ni\u00f1os que est\u00e9n matriculados en prek\u00ednder o k\u00ednder en establecimientos p\u00fablicos o subvencionados del pa\u00eds.<\/p>\n<p style=\"text-align: justify;\"><strong>\u00bfCu\u00e1l es el premio?<\/strong><\/p>\n<p style=\"text-align: justify;\">\u00a0Un viaje a la NASA en Estados Unidos, con todos los gastos pagados, para una ni\u00f1a o ni\u00f1o y su apoderado o apoderada.<\/p>\n<p style=\"text-align: justify;\"><strong>\u00bfC\u00f3mo participar?<\/strong><\/p>\n<p style=\"text-align: justify;\">Inscribi\u00e9ndose hasta el <strong>30 de junio<\/strong> en la web oficial <a href=\"https:\/\/www.hazquedespeguen.cl\/\"><strong>www.hazquedespeguen.cl<\/strong><\/a><\/p>\n<p style=\"text-align: justify;\"><strong>EDUCADORAS Y T\u00c9CNICOS EN P\u00c1RVULOS TAMBI\u00c9N PUEDEN GANAR<\/strong><\/p>\n<p style=\"text-align: justify;\">\u201cHaz que Despeguen\u201d incorpora, adem\u00e1s, un viaje a la NASA para duplas educativas de aula que sean parte de establecimientos p\u00fablicos o particulares subvencionados. Actualmente, en la regi\u00f3n, ya son 8 las duplas inscritas.<\/p>\n<p style=\"text-align: justify;\">Para ser parte del concurso, tambi\u00e9n deben inscribirse, hasta el 30 de junio,\u00a0en <strong><u>www.hazquedespeguen.cl<\/u><\/strong> en el formulario dedicado para su categor\u00eda.<\/p>\n<\/div><\/section><\/div><div  style='height:50px' class='hr hr-invisible   avia-builder-el-6  el_after_av_one_full  el_before_av_social_share '><span class='hr-inner ' ><span class='hr-inner-style'><\/span><\/span><\/div><\/p>\n<div  class='av-social-sharing-box  avia-builder-el-7  el_after_av_hr  el_before_av_hr  '><div class='av-share-box'><h5 class='av-share-link-description av-no-toc '>Compartir esta noticia<\/h5><ul class='av-share-box-list noLightbox'><li class='av-share-link av-social-link-facebook' ><a target=\"_blank\" aria-label=\"Compartir en Facebook\" href='https:\/\/www.facebook.com\/sharer.php?u=https:\/\/radiorevelacionfm.cl\/?p=54846&#038;t=Se%20acaba%20el%20tiempo%3A%20%C3%9Altimos%20d%C3%ADas%20para%20que%20p%C3%A1rvulos%20de%20la%20Regi%C3%B3n%20de%20Ays%C3%A9n%20concursen%20por%20un%20viaje%20a%20la%20NASA' aria-hidden='false' data-av_icon='\ue8f3' data-av_iconfont='entypo-fontello' title='' data-avia-related-tooltip='Compartir en Facebook' rel=\"noopener\"><span class='avia_hidden_link_text'>Compartir en Facebook<\/span><\/a><\/li><li class='av-share-link av-social-link-twitter' ><a target=\"_blank\" aria-label=\"Compartir en Twitter\" href='https:\/\/twitter.com\/share?text=Se%20acaba%20el%20tiempo%3A%20%C3%9Altimos%20d%C3%ADas%20para%20que%20p%C3%A1rvulos%20de%20la%20Regi%C3%B3n%20de%20Ays%C3%A9n%20concursen%20por%20un%20viaje%20a%20la%20NASA&#038;url=https:\/\/radiorevelacionfm.cl\/?p=54846' aria-hidden='false' data-av_icon='\ue8f1' data-av_iconfont='entypo-fontello' title='' data-avia-related-tooltip='Compartir en Twitter' rel=\"noopener\"><span class='avia_hidden_link_text'>Compartir en Twitter<\/span><\/a><\/li><li class='av-share-link av-social-link-whatsapp' ><a target=\"_blank\" aria-label=\"Compartir en Whatsapp\" href='https:\/\/api.whatsapp.com\/send?text=https:\/\/radiorevelacionfm.cl\/?p=54846' aria-hidden='false' data-av_icon='\uf232' data-av_iconfont='entypo-fontello' title='' data-avia-related-tooltip='Compartir en Whatsapp' rel=\"noopener\"><span class='avia_hidden_link_text'>Compartir en Whatsapp<\/span><\/a><\/li><li class='av-share-link av-social-link-linkedin' ><a target=\"_blank\" aria-label=\"Compartir en LinkedIn\" href='https:\/\/linkedin.com\/shareArticle?mini=true&#038;title=Se%20acaba%20el%20tiempo%3A%20%C3%9Altimos%20d%C3%ADas%20para%20que%20p%C3%A1rvulos%20de%20la%20Regi%C3%B3n%20de%20Ays%C3%A9n%20concursen%20por%20un%20viaje%20a%20la%20NASA&#038;url=https:\/\/radiorevelacionfm.cl\/?p=54846' aria-hidden='false' data-av_icon='\ue8fc' data-av_iconfont='entypo-fontello' title='' data-avia-related-tooltip='Compartir en LinkedIn' rel=\"noopener\"><span class='avia_hidden_link_text'>Compartir en LinkedIn<\/span><\/a><\/li><li class='av-share-link av-social-link-mail' ><a  aria-label=\"Compartir por correo\" href='mailto:?subject=Se%20acaba%20el%20tiempo%3A%20%C3%9Altimos%20d%C3%ADas%20para%20que%20p%C3%A1rvulos%20de%20la%20Regi%C3%B3n%20de%20Ays%C3%A9n%20concursen%20por%20un%20viaje%20a%20la%20NASA&#038;body=https:\/\/radiorevelacionfm.cl\/?p=54846' aria-hidden='false' data-av_icon='\ue805' data-av_iconfont='entypo-fontello' title='' data-avia-related-tooltip='Compartir por correo'><span class='avia_hidden_link_text'>Compartir por correo<\/span><\/a><\/li><\/ul><\/div><\/div>\n<div  style='height:50px' class='hr hr-invisible   avia-builder-el-8  el_after_av_social_share  el_before_av_comments_list '><span class='hr-inner ' ><span class='hr-inner-style'><\/span><\/span><\/div>\n<div  class='av-buildercomment  av-blog-meta-html-info-disabled av-blog-meta-tag-disabled  '><\/div>\n","protected":false},"excerpt":{"rendered":"","protected":false},"author":1,"featured_media":54847,"comment_status":"closed","ping_status":"closed","sticky":false,"template":"","format":"standard","meta":{"footnotes":""},"categories":[49],"tags":[],"class_list":["post-54846","post","type-post","status-publish","format-standard","has-post-thumbnail","hentry","category-educacion"],"jetpack_featured_media_url":"https:\/\/radiorevelacionfm.cl\/wp-content\/uploads\/2025\/06\/foto-CP-1-1.jpg","_links":{"self":[{"href":"https:\/\/radiorevelacionfm.cl\/index.php?rest_route=\/wp\/v2\/posts\/54846","targetHints":{"allow":["GET"]}}],"collection":[{"href":"https:\/\/radiorevelacionfm.cl\/index.php?rest_route=\/wp\/v2\/posts"}],"about":[{"href":"https:\/\/radiorevelacionfm.cl\/index.php?rest_route=\/wp\/v2\/types\/post"}],"author":[{"embeddable":true,"href":"https:\/\/radiorevelacionfm.cl\/index.php?rest_route=\/wp\/v2\/users\/1"}],"replies":[{"embeddable":true,"href":"https:\/\/radiorevelacionfm.cl\/index.php?rest_route=%2Fwp%2Fv2%2Fcomments&post=54846"}],"version-history":[{"count":2,"href":"https:\/\/radiorevelacionfm.cl\/index.php?rest_route=\/wp\/v2\/posts\/54846\/revisions"}],"predecessor-version":[{"id":54865,"href":"https:\/\/radiorevelacionfm.cl\/index.php?rest_route=\/wp\/v2\/posts\/54846\/revisions\/54865"}],"wp:featuredmedia":[{"embeddable":true,"href":"https:\/\/radiorevelacionfm.cl\/index.php?rest_route=\/wp\/v2\/media\/54847"}],"wp:attachment":[{"href":"https:\/\/radiorevelacionfm.cl\/index.php?rest_route=%2Fwp%2Fv2%2Fmedia&parent=54846"}],"wp:term":[{"taxonomy":"category","embeddable":true,"href":"https:\/\/radiorevelacionfm.cl\/index.php?rest_route=%2Fwp%2Fv2%2Fcategories&post=54846"},{"taxonomy":"post_tag","embeddable":true,"href":"https:\/\/radiorevelacionfm.cl\/index.php?rest_route=%2Fwp%2Fv2%2Ftags&post=54846"}],"curies":[{"name":"wp","href":"https:\/\/api.w.org\/{rel}","templated":true}]}}