{"id":54843,"date":"2025-06-04T20:39:03","date_gmt":"2025-06-04T23:39:03","guid":{"rendered":"https:\/\/radiorevelacionfm.cl\/?p=54843"},"modified":"2025-06-04T20:39:03","modified_gmt":"2025-06-04T23:39:03","slug":"cochrane-despide-con-orgullo-al-capitan-felipe-williams-cuevas-quien-asume-prestigiosa-mision-internacional-en-el-ejercito-de-espana-como-instructor-en-montana","status":"publish","type":"post","link":"https:\/\/radiorevelacionfm.cl\/?p=54843","title":{"rendered":"Cochrane despide con orgullo al Capit\u00e1n Felipe Williams Cuevas, quien asume prestigiosa misi\u00f3n internacional en el Ej\u00e9rcito de Espa\u00f1a como instructor en monta\u00f1a"},"content":{"rendered":"<div class=\"flex_column av_one_full  flex_column_div av-zero-column-padding first  avia-builder-el-0  el_before_av_one_full  avia-builder-el-first  \" style='border-radius:0px; '><div  class='avia-image-container  av-styling-    avia-builder-el-1  avia-builder-el-no-sibling  avia-align-center '  itemprop=\"image\" itemscope=\"itemscope\" itemtype=\"https:\/\/schema.org\/ImageObject\"  ><div class='avia-image-container-inner'><div class='avia-image-overlay-wrap'><img decoding=\"async\" class='wp-image-54844 avia-img-lazy-loading-not-54844 avia_image' src=\"https:\/\/radiorevelacionfm.cl\/wp-content\/uploads\/2025\/06\/Ceremonia-Capitan-Felipe-Williams-Cuevas-3-1-1.jpg\" alt='' title='Ceremonia Capit\u00e1n Felipe Williams Cuevas (3) (1) (1)' height=\"600\" width=\"900\"  itemprop=\"thumbnailUrl\" srcset=\"https:\/\/radiorevelacionfm.cl\/wp-content\/uploads\/2025\/06\/Ceremonia-Capitan-Felipe-Williams-Cuevas-3-1-1.jpg 900w, https:\/\/radiorevelacionfm.cl\/wp-content\/uploads\/2025\/06\/Ceremonia-Capitan-Felipe-Williams-Cuevas-3-1-1-300x200.jpg 300w, https:\/\/radiorevelacionfm.cl\/wp-content\/uploads\/2025\/06\/Ceremonia-Capitan-Felipe-Williams-Cuevas-3-1-1-768x512.jpg 768w, https:\/\/radiorevelacionfm.cl\/wp-content\/uploads\/2025\/06\/Ceremonia-Capitan-Felipe-Williams-Cuevas-3-1-1-705x470.jpg 705w, https:\/\/radiorevelacionfm.cl\/wp-content\/uploads\/2025\/06\/Ceremonia-Capitan-Felipe-Williams-Cuevas-3-1-1-450x300.jpg 450w, https:\/\/radiorevelacionfm.cl\/wp-content\/uploads\/2025\/06\/Ceremonia-Capitan-Felipe-Williams-Cuevas-3-1-1-600x400.jpg 600w\" sizes=\"(max-width: 900px) 100vw, 900px\" \/><\/div><\/div><\/div><\/div><div class=\"flex_column av_one_full  flex_column_div av-zero-column-padding first  avia-builder-el-2  el_after_av_one_full  el_before_av_one_full  column-top-margin\" style='border-radius:0px; '><section class=\"av_textblock_section \"  itemscope=\"itemscope\" itemtype=\"https:\/\/schema.org\/BlogPosting\" itemprop=\"blogPost\" ><div class='avia_textblock  '   itemprop=\"text\" ><p style=\"text-align: center;\"><span style=\"font-size: 18pt;\"><b>Cochrane despide con orgullo al Capit\u00e1n Felipe Williams Cuevas, quien asume prestigiosa misi\u00f3n internacional en el Ej\u00e9rcito de Espa\u00f1a como instructor en monta\u00f1a<\/b><\/span><\/p>\n<div id=\"gtx-trans\" style=\"position: absolute; left: -50px; top: 4.31534px;\">\n<div class=\"gtx-trans-icon\"><\/div>\n<\/div>\n<\/div><\/section><\/div><div class=\"flex_column av_one_full  flex_column_div av-zero-column-padding first  avia-builder-el-4  el_after_av_one_full  el_before_av_hr  column-top-margin\" style='border-radius:0px; '><section class=\"av_textblock_section \"  itemscope=\"itemscope\" itemtype=\"https:\/\/schema.org\/BlogPosting\" itemprop=\"blogPost\" ><div class='avia_textblock  '   itemprop=\"text\" ><div class=\"v1elementToProof\" style=\"text-align: justify;\">En una emotiva ceremonia encabezada por el alcalde Patricio Ulloa Georgia, la Ilustre Municipalidad de Cochrane rindi\u00f3 homenaje al\u00a0<b>Capit\u00e1n Felipe Williams Cuevas<\/b>, oficial del Ej\u00e9rcito de Chile, quien deja la comuna tras cumplir una destacada labor al mando de la Compa\u00f1\u00eda Andina Divisionaria N\u00b020 de Cochrane, para asumir un nuevo e importante desaf\u00edo profesional: integrarse como\u00a0<b>instructor del curso de monta\u00f1a del Ej\u00e9rcito de Espa\u00f1a<\/b>, una de las especialidades m\u00e1s exigentes y de mayor prestigio dentro del \u00e1mbito militar internacional.<\/div>\n<div class=\"v1elementToProof\" style=\"text-align: justify;\">La ceremonia se realiz\u00f3 en dependencias municipales y cont\u00f3 con la presencia del\u00a0<b>Teniente Coronel Jaime Aliaga Carrasco<\/b>, comandante de la Compa\u00f1\u00eda Andina en la comuna. Durante el acto, se hizo entrega de una medalla como presente institucional bajo la muestra de gratitud y reconocimiento por su compromiso no solo con el resguardo del territorio, sino tambi\u00e9n con la comunidad cochranina.<\/div>\n<div class=\"v1elementToProof\" style=\"text-align: justify;\">El\u00a0<b>alcalde Patricio Ulloa Georgia<\/b>\u00a0destac\u00f3 la proyecci\u00f3n internacional que significa esta misi\u00f3n, no solo para el oficial, sino tambi\u00e9n para el prestigio de la Compa\u00f1\u00eda y la comuna: \u00abEstamos tremendamente orgullosos del Capit\u00e1n Williams y de todo lo que ha representado para Cochrane durante su tiempo en nuestra comuna. Su pr\u00f3xima labor en el Ej\u00e9rcito de Espa\u00f1a es una muestra del alto nivel profesional y humano que caracteriza a nuestros soldados. Hoy despedimos a un oficial ejemplar, que adem\u00e1s de cumplir con excelencia su deber militar, supo integrarse con cari\u00f1o y cercan\u00eda a nuestra comunidad. Este reconocimiento simboliza el respeto y afecto que Cochrane entrega a quienes construyen v\u00ednculos reales con nuestro territorio\u00bb.<\/div>\n<div class=\"v1elementToProof\" style=\"text-align: justify;\">El Capit\u00e1n Felipe Williams Cuevas fue seleccionado por su s\u00f3lida trayectoria, experiencia en entornos de monta\u00f1a y desempe\u00f1o destacado en la zona austral de Chile. Su participaci\u00f3n como\u00a0<b>instructor en la Escuela Militar de Monta\u00f1a y Operaciones Especiales (EMMOE)<\/b>\u00a0en Jaca, Espa\u00f1a, representa un importante paso en la cooperaci\u00f3n internacional en defensa, espec\u00edficamente en el \u00e1mbito de las operaciones en terrenos cordilleranos, donde Chile y Espa\u00f1a han mantenido una relaci\u00f3n de intercambio t\u00e9cnico y formativo.<\/div>\n<div class=\"v1elementToProof\" style=\"text-align: justify;\">\u00abMe voy con el coraz\u00f3n lleno. Esta comuna me acogi\u00f3 a m\u00ed y a mi familia con los brazos abiertos. Cochrane ha sido una de las experiencias m\u00e1s significativas de mi carrera, especialmente en lo que respecta a la formaci\u00f3n como soldado monta\u00f1\u00e9s. Las condiciones geogr\u00e1ficas de esta zona, el rigor clim\u00e1tico y la historia del territorio han sido una verdadera escuela. Hoy asumo esta misi\u00f3n con el compromiso de representar dignamente a Chile, a la Compa\u00f1\u00eda Andina y a esta querida comuna en un contexto internacional\u00bb, expres\u00f3 el Capit\u00e1n Williams en su discurso de despedida.<\/div>\n<div class=\"v1elementToProof\" style=\"text-align: justify;\">Por su parte, el\u00a0<b>Teniente Coronel Jaime Aliaga Carrasco<\/b>\u00a0subray\u00f3 la importancia estrat\u00e9gica de la Compa\u00f1\u00eda Andina en el resguardo del territorio austral y la formaci\u00f3n de oficiales altamente capacitados: \u00abLa presencia de nuestra unidad en Cochrane no solo es fundamental para la defensa y soberan\u00eda, tambi\u00e9n representa un compromiso permanente con la comunidad. La labor que hoy asume el Capit\u00e1n Williams en Espa\u00f1a es tambi\u00e9n fruto del trabajo silencioso pero profundo que se realiza desde este rinc\u00f3n de la Patagonia. Nos sentimos orgullosos y confiados de que dejar\u00e1 en alto el nombre de la especialidad de monta\u00f1a y de nuestra unidad\u00bb.<\/div>\n<div class=\"v1elementToProof\" style=\"text-align: justify;\">La Compa\u00f1\u00eda Andina Divisionaria N\u00b020 se instal\u00f3 en Cochrane el 25 de agosto de 2012 y desde entonces ha forjado un estrecho v\u00ednculo con la comunidad, participando activamente en actividades sociales, de apoyo ante emergencias y en la formaci\u00f3n de soldados especialistas en monta\u00f1a. La partida del Capit\u00e1n Felipe Williams Cuevas, aunque representa un cierre de ciclo, tambi\u00e9n simboliza el alcance y proyecci\u00f3n de esta unidad estrat\u00e9gica ubicada en la Provincia de Los Glaciares.<\/div>\n<\/div><\/section><\/div><div  style='height:50px' class='hr hr-invisible   avia-builder-el-6  el_after_av_one_full  el_before_av_social_share '><span class='hr-inner ' ><span class='hr-inner-style'><\/span><\/span><\/div><\/p>\n<div  class='av-social-sharing-box  avia-builder-el-7  el_after_av_hr  el_before_av_hr  '><div class='av-share-box'><h5 class='av-share-link-description av-no-toc '>Compartir esta noticia<\/h5><ul class='av-share-box-list noLightbox'><li class='av-share-link av-social-link-facebook' ><a target=\"_blank\" aria-label=\"Compartir en Facebook\" href='https:\/\/www.facebook.com\/sharer.php?u=https:\/\/radiorevelacionfm.cl\/?p=54843&#038;t=Cochrane%20despide%20con%20orgullo%20al%20Capit%C3%A1n%20Felipe%20Williams%20Cuevas%2C%20quien%20asume%20prestigiosa%20misi%C3%B3n%20internacional%20en%20el%20Ej%C3%A9rcito%20de%20Espa%C3%B1a%20como%20instructor%20en%20monta%C3%B1a' aria-hidden='false' data-av_icon='\ue8f3' data-av_iconfont='entypo-fontello' title='' data-avia-related-tooltip='Compartir en Facebook' rel=\"noopener\"><span class='avia_hidden_link_text'>Compartir en Facebook<\/span><\/a><\/li><li class='av-share-link av-social-link-twitter' ><a target=\"_blank\" aria-label=\"Compartir en Twitter\" href='https:\/\/twitter.com\/share?text=Cochrane%20despide%20con%20orgullo%20al%20Capit%C3%A1n%20Felipe%20Williams%20Cuevas%2C%20quien%20asume%20prestigiosa%20misi%C3%B3n%20internacional%20en%20el%20Ej%C3%A9rcito%20de%20Espa%C3%B1a%20como%20instructor%20en%20monta%C3%B1a&#038;url=https:\/\/radiorevelacionfm.cl\/?p=54843' aria-hidden='false' data-av_icon='\ue8f1' data-av_iconfont='entypo-fontello' title='' data-avia-related-tooltip='Compartir en Twitter' rel=\"noopener\"><span class='avia_hidden_link_text'>Compartir en Twitter<\/span><\/a><\/li><li class='av-share-link av-social-link-whatsapp' ><a target=\"_blank\" aria-label=\"Compartir en Whatsapp\" href='https:\/\/api.whatsapp.com\/send?text=https:\/\/radiorevelacionfm.cl\/?p=54843' aria-hidden='false' data-av_icon='\uf232' data-av_iconfont='entypo-fontello' title='' data-avia-related-tooltip='Compartir en Whatsapp' rel=\"noopener\"><span class='avia_hidden_link_text'>Compartir en Whatsapp<\/span><\/a><\/li><li class='av-share-link av-social-link-linkedin' ><a target=\"_blank\" aria-label=\"Compartir en LinkedIn\" href='https:\/\/linkedin.com\/shareArticle?mini=true&#038;title=Cochrane%20despide%20con%20orgullo%20al%20Capit%C3%A1n%20Felipe%20Williams%20Cuevas%2C%20quien%20asume%20prestigiosa%20misi%C3%B3n%20internacional%20en%20el%20Ej%C3%A9rcito%20de%20Espa%C3%B1a%20como%20instructor%20en%20monta%C3%B1a&#038;url=https:\/\/radiorevelacionfm.cl\/?p=54843' aria-hidden='false' data-av_icon='\ue8fc' data-av_iconfont='entypo-fontello' title='' data-avia-related-tooltip='Compartir en LinkedIn' rel=\"noopener\"><span class='avia_hidden_link_text'>Compartir en LinkedIn<\/span><\/a><\/li><li class='av-share-link av-social-link-mail' ><a  aria-label=\"Compartir por correo\" href='mailto:?subject=Cochrane%20despide%20con%20orgullo%20al%20Capit%C3%A1n%20Felipe%20Williams%20Cuevas%2C%20quien%20asume%20prestigiosa%20misi%C3%B3n%20internacional%20en%20el%20Ej%C3%A9rcito%20de%20Espa%C3%B1a%20como%20instructor%20en%20monta%C3%B1a&#038;body=https:\/\/radiorevelacionfm.cl\/?p=54843' aria-hidden='false' data-av_icon='\ue805' data-av_iconfont='entypo-fontello' title='' data-avia-related-tooltip='Compartir por correo'><span class='avia_hidden_link_text'>Compartir por correo<\/span><\/a><\/li><\/ul><\/div><\/div>\n<div  style='height:50px' class='hr hr-invisible   avia-builder-el-8  el_after_av_social_share  el_before_av_comments_list '><span class='hr-inner ' ><span class='hr-inner-style'><\/span><\/span><\/div>\n<div  class='av-buildercomment  av-blog-meta-html-info-disabled av-blog-meta-tag-disabled  '><\/div>\n","protected":false},"excerpt":{"rendered":"","protected":false},"author":1,"featured_media":54844,"comment_status":"closed","ping_status":"closed","sticky":false,"template":"","format":"standard","meta":{"footnotes":""},"categories":[38],"tags":[],"class_list":["post-54843","post","type-post","status-publish","format-standard","has-post-thumbnail","hentry","category-regional"],"jetpack_featured_media_url":"https:\/\/radiorevelacionfm.cl\/wp-content\/uploads\/2025\/06\/Ceremonia-Capitan-Felipe-Williams-Cuevas-3-1-1.jpg","_links":{"self":[{"href":"https:\/\/radiorevelacionfm.cl\/index.php?rest_route=\/wp\/v2\/posts\/54843","targetHints":{"allow":["GET"]}}],"collection":[{"href":"https:\/\/radiorevelacionfm.cl\/index.php?rest_route=\/wp\/v2\/posts"}],"about":[{"href":"https:\/\/radiorevelacionfm.cl\/index.php?rest_route=\/wp\/v2\/types\/post"}],"author":[{"embeddable":true,"href":"https:\/\/radiorevelacionfm.cl\/index.php?rest_route=\/wp\/v2\/users\/1"}],"replies":[{"embeddable":true,"href":"https:\/\/radiorevelacionfm.cl\/index.php?rest_route=%2Fwp%2Fv2%2Fcomments&post=54843"}],"version-history":[{"count":2,"href":"https:\/\/radiorevelacionfm.cl\/index.php?rest_route=\/wp\/v2\/posts\/54843\/revisions"}],"predecessor-version":[{"id":54863,"href":"https:\/\/radiorevelacionfm.cl\/index.php?rest_route=\/wp\/v2\/posts\/54843\/revisions\/54863"}],"wp:featuredmedia":[{"embeddable":true,"href":"https:\/\/radiorevelacionfm.cl\/index.php?rest_route=\/wp\/v2\/media\/54844"}],"wp:attachment":[{"href":"https:\/\/radiorevelacionfm.cl\/index.php?rest_route=%2Fwp%2Fv2%2Fmedia&parent=54843"}],"wp:term":[{"taxonomy":"category","embeddable":true,"href":"https:\/\/radiorevelacionfm.cl\/index.php?rest_route=%2Fwp%2Fv2%2Fcategories&post=54843"},{"taxonomy":"post_tag","embeddable":true,"href":"https:\/\/radiorevelacionfm.cl\/index.php?rest_route=%2Fwp%2Fv2%2Ftags&post=54843"}],"curies":[{"name":"wp","href":"https:\/\/api.w.org\/{rel}","templated":true}]}}