{"id":54840,"date":"2025-06-04T17:06:35","date_gmt":"2025-06-04T20:06:35","guid":{"rendered":"https:\/\/radiorevelacionfm.cl\/?p=54840"},"modified":"2025-06-04T17:06:35","modified_gmt":"2025-06-04T20:06:35","slug":"gobernador-regional-marcelo-santana-propondre-al-core-suspender-y-terminar-todos-aquellos-programas-que-no-esten-cumpliendo-con-sus-objetivos","status":"publish","type":"post","link":"https:\/\/radiorevelacionfm.cl\/?p=54840","title":{"rendered":"Gobernador Regional Marcelo Santana:  \u201cPropondr\u00e9 al CORE suspender y terminar todos aquellos programas que no est\u00e9n cumpliendo con sus objetivos\u201d"},"content":{"rendered":"<div class=\"flex_column av_one_full  flex_column_div av-zero-column-padding first  avia-builder-el-0  el_before_av_one_full  avia-builder-el-first  \" style='border-radius:0px; '><div  class='avia-image-container  av-styling-    avia-builder-el-1  avia-builder-el-no-sibling  avia-align-center '  itemprop=\"image\" itemscope=\"itemscope\" itemtype=\"https:\/\/schema.org\/ImageObject\"  ><div class='avia-image-container-inner'><div class='avia-image-overlay-wrap'><img decoding=\"async\" class='wp-image-54841 avia-img-lazy-loading-not-54841 avia_image' src=\"https:\/\/radiorevelacionfm.cl\/wp-content\/uploads\/2025\/06\/02-13-1-1.jpg\" alt='' title='02 (13) (1) (1)' height=\"600\" width=\"898\"  itemprop=\"thumbnailUrl\" srcset=\"https:\/\/radiorevelacionfm.cl\/wp-content\/uploads\/2025\/06\/02-13-1-1.jpg 898w, https:\/\/radiorevelacionfm.cl\/wp-content\/uploads\/2025\/06\/02-13-1-1-300x200.jpg 300w, https:\/\/radiorevelacionfm.cl\/wp-content\/uploads\/2025\/06\/02-13-1-1-768x513.jpg 768w, https:\/\/radiorevelacionfm.cl\/wp-content\/uploads\/2025\/06\/02-13-1-1-705x471.jpg 705w, https:\/\/radiorevelacionfm.cl\/wp-content\/uploads\/2025\/06\/02-13-1-1-450x301.jpg 450w, https:\/\/radiorevelacionfm.cl\/wp-content\/uploads\/2025\/06\/02-13-1-1-600x401.jpg 600w\" sizes=\"(max-width: 898px) 100vw, 898px\" \/><\/div><\/div><\/div><\/div><div class=\"flex_column av_one_full  flex_column_div av-zero-column-padding first  avia-builder-el-2  el_after_av_one_full  el_before_av_one_full  column-top-margin\" style='border-radius:0px; '><section class=\"av_textblock_section \"  itemscope=\"itemscope\" itemtype=\"https:\/\/schema.org\/BlogPosting\" itemprop=\"blogPost\" ><div class='avia_textblock  '   itemprop=\"text\" ><p style=\"text-align: center;\"><span style=\"font-size: 18pt;\"><strong>Gobernador Regional Marcelo Santana:\u00a0\u201cPropondr\u00e9 al CORE suspender y terminar todos aquellos programas que no est\u00e9n cumpliendo con sus objetivos\u201d<\/strong><\/span><\/p>\n<div id=\"gtx-trans\" style=\"position: absolute; left: -50px; top: 4.31534px;\">\n<div class=\"gtx-trans-icon\"><\/div>\n<\/div>\n<\/div><\/section><\/div><div class=\"flex_column av_one_full  flex_column_div av-zero-column-padding first  avia-builder-el-4  el_after_av_one_full  el_before_av_hr  column-top-margin\" style='border-radius:0px; '><section class=\"av_textblock_section \"  itemscope=\"itemscope\" itemtype=\"https:\/\/schema.org\/BlogPosting\" itemprop=\"blogPost\" ><div class='avia_textblock  '   itemprop=\"text\" ><p style=\"text-align: justify;\"><em>As\u00ed lo expres\u00f3 el gobernador regional, Marcelo Santana, durante la Cuenta P\u00fablica correspondiente al a\u00f1o 2024, enfatizando que no se puede desaprovechar ni un solo peso de los fondos p\u00fablicos.<\/em><\/p>\n<p style=\"text-align: justify;\">Tal como lo especifica la ley N\u00ba 19.175 sobre Gobierno y Administraci\u00f3n Regional, el gobernador regional de Ays\u00e9n, Marcelo Santana Vargas, entreg\u00f3 el pasado 29 de mayo la Cuenta P\u00fablica correspondiente al a\u00f1o 2024 ante el pleno del Consejo Regional.<\/p>\n<p style=\"text-align: justify;\">En la oportunidad, dio a conocer los resultados financieros de la administraci\u00f3n 2024, que evidenciaron una ejecuci\u00f3n presupuestaria deficiente, que lleg\u00f3 a solo un 79%, ubic\u00e1ndose entre las tres m\u00e1s bajas del pa\u00eds. Asimismo, enfatiz\u00f3 que hubo un bajo porcentaje de gasto en iniciativas de inversi\u00f3n, que son las que contribuyen a la generaci\u00f3n de empleo y a dinamizar la econom\u00eda. Por el contrario, aumentaron los gastos en adquisici\u00f3n de activos no financieros y traspasos corrientes durante el a\u00f1o pasado, que muchas veces no generan el nivel de impacto que logran las obras, seg\u00fan explic\u00f3.<\/p>\n<p style=\"text-align: justify;\">El gobernador regional detall\u00f3 algunos de los proyectos ejecutados durante 2024, como, por ejemplo, el Plan de Desarrollo de la Provincia de los Glaciares que se inici\u00f3 en 2020 y s\u00f3lo tiene un 21% de avance t\u00e9cnico a la fecha.<\/p>\n<p style=\"text-align: justify;\">En este sentido, el gobernador Marcelo Santana anunci\u00f3 que se realizar\u00e1 una revisi\u00f3n a todos los programas financiados por el Gobierno Regional que no est\u00e1n dando los resultados esperados: \u201cNosotros, primero que todo, no queremos que se despilfarre ni un peso de la regi\u00f3n (&#8230;) Le vamos a proponer al Consejo Regional suspender y terminar todos aquellos programas o que llevan una excesiva renovaci\u00f3n de plazos o que no est\u00e1n cumpliendo con los objetivos para los cuales fueron financiados\u201d.<\/p>\n<p style=\"text-align: justify;\">\u201cDurante el segundo semestre todos los programas del Gobierno Regional entrar\u00e1n a esa evaluaci\u00f3n, porque no nos podemos permitir en una regi\u00f3n con tanta necesidad despilfarrar los recursos que son de todos ustedes\u201d, agreg\u00f3.<\/p>\n<p style=\"text-align: justify;\">Francisco Roncagliolo, edil de Cisnes y presidente de la Asociaci\u00f3n de Municipalidades de la Regi\u00f3n (AREMU), valor\u00f3 positivamente la propuesta: \u201cComo municipio de la regi\u00f3n nos ponemos a disposici\u00f3n del Gobierno Regional y su Consejo para evaluar todas las iniciativas, proyectos y programas que llevamos adelante, tambi\u00e9n con financiamiento GORE, y, de esa forma, identificar las fallas, las falencias, lo que necesitamos fortalecer, lo que necesitamos mejorar y, de una u otra forma, llevar adelante este compromiso que tiene el gobernador regional con fortalecer la capacidad municipal para sacar adelante m\u00e1s y mejores iniciativas en beneficio del desarrollo de las comunas y tambi\u00e9n de la calidad de vida de cada uno de nuestros vecinos\u201d.<\/p>\n<p style=\"text-align: justify;\">En la misma l\u00ednea, el alcalde de la Municipalidad de Ays\u00e9n, Luis Mart\u00ednez, apoy\u00f3 la revisi\u00f3n de los programas para suspender los que no est\u00e9n logrando un mayor impacto: \u201cEsta cuenta p\u00fablica, la verdad, fue dura y esperanzadora. Dura al ver los datos de lo que fueron las gestiones anteriores en que no hubo una buena ejecuci\u00f3n\u2026 y esperanzadora porque un gobernador como Marcelo Santana que tiene las cosas claras, tiene los ejes de desarrollo muy marcados para los pr\u00f3ximos diez a\u00f1os, por supuesto, que nos insta a trabajar, porque \u00e9l ha dicho que lo va a hacer de la mano de las municipalidades, pero tambi\u00e9n del mundo de los emprendedores y el mundo de la producci\u00f3n\u2026Lo alentador de esta cuenta p\u00fablica, sin lugar a dudas, nos hace pensar que estamos volviendo a crecer.<\/p>\n<\/div><\/section><\/div><div  style='height:50px' class='hr hr-invisible   avia-builder-el-6  el_after_av_one_full  el_before_av_social_share '><span class='hr-inner ' ><span class='hr-inner-style'><\/span><\/span><\/div><\/p>\n<div  class='av-social-sharing-box  avia-builder-el-7  el_after_av_hr  el_before_av_hr  '><div class='av-share-box'><h5 class='av-share-link-description av-no-toc '>Compartir esta noticia<\/h5><ul class='av-share-box-list noLightbox'><li class='av-share-link av-social-link-facebook' ><a target=\"_blank\" aria-label=\"Compartir en Facebook\" href='https:\/\/www.facebook.com\/sharer.php?u=https:\/\/radiorevelacionfm.cl\/?p=54840&#038;t=Gobernador%20Regional%20Marcelo%20Santana%3A%20%20%E2%80%9CPropondr%C3%A9%20al%20CORE%20suspender%20y%20terminar%20todos%20aquellos%20programas%20que%20no%20est%C3%A9n%20cumpliendo%20con%20sus%20objetivos%E2%80%9D' aria-hidden='false' data-av_icon='\ue8f3' data-av_iconfont='entypo-fontello' title='' data-avia-related-tooltip='Compartir en Facebook' rel=\"noopener\"><span class='avia_hidden_link_text'>Compartir en Facebook<\/span><\/a><\/li><li class='av-share-link av-social-link-twitter' ><a target=\"_blank\" aria-label=\"Compartir en Twitter\" href='https:\/\/twitter.com\/share?text=Gobernador%20Regional%20Marcelo%20Santana%3A%20%20%E2%80%9CPropondr%C3%A9%20al%20CORE%20suspender%20y%20terminar%20todos%20aquellos%20programas%20que%20no%20est%C3%A9n%20cumpliendo%20con%20sus%20objetivos%E2%80%9D&#038;url=https:\/\/radiorevelacionfm.cl\/?p=54840' aria-hidden='false' data-av_icon='\ue8f1' data-av_iconfont='entypo-fontello' title='' data-avia-related-tooltip='Compartir en Twitter' rel=\"noopener\"><span class='avia_hidden_link_text'>Compartir en Twitter<\/span><\/a><\/li><li class='av-share-link av-social-link-whatsapp' ><a target=\"_blank\" aria-label=\"Compartir en Whatsapp\" href='https:\/\/api.whatsapp.com\/send?text=https:\/\/radiorevelacionfm.cl\/?p=54840' aria-hidden='false' data-av_icon='\uf232' data-av_iconfont='entypo-fontello' title='' data-avia-related-tooltip='Compartir en Whatsapp' rel=\"noopener\"><span class='avia_hidden_link_text'>Compartir en Whatsapp<\/span><\/a><\/li><li class='av-share-link av-social-link-linkedin' ><a target=\"_blank\" aria-label=\"Compartir en LinkedIn\" href='https:\/\/linkedin.com\/shareArticle?mini=true&#038;title=Gobernador%20Regional%20Marcelo%20Santana%3A%20%20%E2%80%9CPropondr%C3%A9%20al%20CORE%20suspender%20y%20terminar%20todos%20aquellos%20programas%20que%20no%20est%C3%A9n%20cumpliendo%20con%20sus%20objetivos%E2%80%9D&#038;url=https:\/\/radiorevelacionfm.cl\/?p=54840' aria-hidden='false' data-av_icon='\ue8fc' data-av_iconfont='entypo-fontello' title='' data-avia-related-tooltip='Compartir en LinkedIn' rel=\"noopener\"><span class='avia_hidden_link_text'>Compartir en LinkedIn<\/span><\/a><\/li><li class='av-share-link av-social-link-mail' ><a  aria-label=\"Compartir por correo\" href='mailto:?subject=Gobernador%20Regional%20Marcelo%20Santana%3A%20%20%E2%80%9CPropondr%C3%A9%20al%20CORE%20suspender%20y%20terminar%20todos%20aquellos%20programas%20que%20no%20est%C3%A9n%20cumpliendo%20con%20sus%20objetivos%E2%80%9D&#038;body=https:\/\/radiorevelacionfm.cl\/?p=54840' aria-hidden='false' data-av_icon='\ue805' data-av_iconfont='entypo-fontello' title='' data-avia-related-tooltip='Compartir por correo'><span class='avia_hidden_link_text'>Compartir por correo<\/span><\/a><\/li><\/ul><\/div><\/div>\n<div  style='height:50px' class='hr hr-invisible   avia-builder-el-8  el_after_av_social_share  el_before_av_comments_list '><span class='hr-inner ' ><span class='hr-inner-style'><\/span><\/span><\/div>\n<div  class='av-buildercomment  av-blog-meta-html-info-disabled av-blog-meta-tag-disabled  '><\/div>\n","protected":false},"excerpt":{"rendered":"","protected":false},"author":1,"featured_media":54841,"comment_status":"closed","ping_status":"closed","sticky":false,"template":"","format":"standard","meta":{"footnotes":""},"categories":[35],"tags":[],"class_list":["post-54840","post","type-post","status-publish","format-standard","has-post-thumbnail","hentry","category-politica"],"jetpack_featured_media_url":"https:\/\/radiorevelacionfm.cl\/wp-content\/uploads\/2025\/06\/02-13-1-1.jpg","_links":{"self":[{"href":"https:\/\/radiorevelacionfm.cl\/index.php?rest_route=\/wp\/v2\/posts\/54840","targetHints":{"allow":["GET"]}}],"collection":[{"href":"https:\/\/radiorevelacionfm.cl\/index.php?rest_route=\/wp\/v2\/posts"}],"about":[{"href":"https:\/\/radiorevelacionfm.cl\/index.php?rest_route=\/wp\/v2\/types\/post"}],"author":[{"embeddable":true,"href":"https:\/\/radiorevelacionfm.cl\/index.php?rest_route=\/wp\/v2\/users\/1"}],"replies":[{"embeddable":true,"href":"https:\/\/radiorevelacionfm.cl\/index.php?rest_route=%2Fwp%2Fv2%2Fcomments&post=54840"}],"version-history":[{"count":2,"href":"https:\/\/radiorevelacionfm.cl\/index.php?rest_route=\/wp\/v2\/posts\/54840\/revisions"}],"predecessor-version":[{"id":54849,"href":"https:\/\/radiorevelacionfm.cl\/index.php?rest_route=\/wp\/v2\/posts\/54840\/revisions\/54849"}],"wp:featuredmedia":[{"embeddable":true,"href":"https:\/\/radiorevelacionfm.cl\/index.php?rest_route=\/wp\/v2\/media\/54841"}],"wp:attachment":[{"href":"https:\/\/radiorevelacionfm.cl\/index.php?rest_route=%2Fwp%2Fv2%2Fmedia&parent=54840"}],"wp:term":[{"taxonomy":"category","embeddable":true,"href":"https:\/\/radiorevelacionfm.cl\/index.php?rest_route=%2Fwp%2Fv2%2Fcategories&post=54840"},{"taxonomy":"post_tag","embeddable":true,"href":"https:\/\/radiorevelacionfm.cl\/index.php?rest_route=%2Fwp%2Fv2%2Ftags&post=54840"}],"curies":[{"name":"wp","href":"https:\/\/api.w.org\/{rel}","templated":true}]}}