{"id":54837,"date":"2025-06-04T18:12:47","date_gmt":"2025-06-04T21:12:47","guid":{"rendered":"https:\/\/radiorevelacionfm.cl\/?p=54837"},"modified":"2025-06-04T18:12:47","modified_gmt":"2025-06-04T21:12:47","slug":"orquesta-de-camara-de-la-uaysen-culmina-exitosa-primera-gira-de-conciertos-en-la-region","status":"publish","type":"post","link":"https:\/\/radiorevelacionfm.cl\/?p=54837","title":{"rendered":"Orquesta de C\u00e1mara de la UAys\u00e9n culmina exitosa   primera gira de conciertos en la regi\u00f3n"},"content":{"rendered":"<div class=\"flex_column av_one_full  flex_column_div av-zero-column-padding first  avia-builder-el-0  el_before_av_one_full  avia-builder-el-first  \" style='border-radius:0px; '><div  class='avia-image-container  av-styling-    avia-builder-el-1  avia-builder-el-no-sibling  avia-align-center '  itemprop=\"image\" itemscope=\"itemscope\" itemtype=\"https:\/\/schema.org\/ImageObject\"  ><div class='avia-image-container-inner'><div class='avia-image-overlay-wrap'><img decoding=\"async\" class='wp-image-54838 avia-img-lazy-loading-not-54838 avia_image' src=\"https:\/\/radiorevelacionfm.cl\/wp-content\/uploads\/2025\/06\/concierto-1.jpg\" alt='' title='concierto (1)' height=\"600\" width=\"900\"  itemprop=\"thumbnailUrl\" srcset=\"https:\/\/radiorevelacionfm.cl\/wp-content\/uploads\/2025\/06\/concierto-1.jpg 900w, https:\/\/radiorevelacionfm.cl\/wp-content\/uploads\/2025\/06\/concierto-1-300x200.jpg 300w, https:\/\/radiorevelacionfm.cl\/wp-content\/uploads\/2025\/06\/concierto-1-768x512.jpg 768w, https:\/\/radiorevelacionfm.cl\/wp-content\/uploads\/2025\/06\/concierto-1-705x470.jpg 705w, https:\/\/radiorevelacionfm.cl\/wp-content\/uploads\/2025\/06\/concierto-1-450x300.jpg 450w, https:\/\/radiorevelacionfm.cl\/wp-content\/uploads\/2025\/06\/concierto-1-600x400.jpg 600w\" sizes=\"(max-width: 900px) 100vw, 900px\" \/><\/div><\/div><\/div><\/div><div class=\"flex_column av_one_full  flex_column_div av-zero-column-padding first  avia-builder-el-2  el_after_av_one_full  el_before_av_one_full  column-top-margin\" style='border-radius:0px; '><section class=\"av_textblock_section \"  itemscope=\"itemscope\" itemtype=\"https:\/\/schema.org\/BlogPosting\" itemprop=\"blogPost\" ><div class='avia_textblock  '   itemprop=\"text\" ><p dir=\"ltr\" style=\"text-align: center;\"><strong><span style=\"font-size: 18pt;\">Orquesta de C\u00e1mara de la UAys\u00e9n culmina exitosa primera gira de conciertos en la regi\u00f3n<\/span><\/strong><\/p>\n<div id=\"gtx-trans\" style=\"position: absolute; left: -50px; top: 4.31534px;\">\n<div class=\"gtx-trans-icon\"><\/div>\n<\/div>\n<\/div><\/section><\/div><div class=\"flex_column av_one_full  flex_column_div av-zero-column-padding first  avia-builder-el-4  el_after_av_one_full  el_before_av_hr  column-top-margin\" style='border-radius:0px; '><section class=\"av_textblock_section \"  itemscope=\"itemscope\" itemtype=\"https:\/\/schema.org\/BlogPosting\" itemprop=\"blogPost\" ><div class='avia_textblock  '   itemprop=\"text\" ><p dir=\"ltr\" style=\"text-align: justify;\"><em>Con\u00a0 la presentaci\u00f3n \u00abM\u00fasica que abraza la tierra\u00bb, los m\u00fasicos y m\u00fasicas de la orquesta profesional de la Universidad de Ays\u00e9n se presentaron ante cerca de 400 personas.<\/em><\/p>\n<p dir=\"ltr\" style=\"text-align: justify;\">Cuatro conciertos realizados en Coyhaique, Puerto Ays\u00e9n, Puerto Cisnes y Villa Cerro Castillo, dieron vida a la primera gira regional de la Orquesta de C\u00e1mara de la Universidad de Ays\u00e9n, programa financiado por el Ministerio de las Artes, las Culturas y el Patrimonio.<\/p>\n<p dir=\"ltr\" style=\"text-align: justify;\">Cientos de ayseninos y ayseninas tuvieron el agrado de deleitarse con el concierto \u00abM\u00fasica que abraza la tierra\u00bb,\u00a0espect\u00e1culo de gran calidad y pionero en la regi\u00f3n\u00a0\u00a0que incluye piezas de compositores nacionales de la talla de Violeta Parra y V\u00edctor Jara y\u00a0que se encuentra bajo la direcci\u00f3n del maestro H\u00e9ctor M\u00e9ndez. Al respecto, el Director de la Orquesta, valor\u00f3 las instancias y la recepci\u00f3n de los asistentes a los cuatro conciertos. \u00abTerminamos esta gira muy contentos por la grata recepci\u00f3n del p\u00fablico de nuestra regi\u00f3n, quienes disfrutaron y celebraron cada una de las piezas que interpretamos\u00bb, expres\u00f3 M\u00e9ndez<\/p>\n<p dir=\"ltr\" style=\"text-align: justify;\">El primer concierto de la gira se realiz\u00f3 en el Centro Cultural de Coyhaique y en la oportunidad, Aide\u00e9 Hernandez, asistente\u00a0 a la actividad se\u00f1al\u00f3 que \u00abda una alegr\u00eda enorme que Coyhaique tenga esta posibilidad, siendo yo coyhaiquina nunca la tuve de ni\u00f1a, as\u00ed que lo agradezco profundamente\u00bb, comparti\u00f3.<\/p>\n<p dir=\"ltr\" style=\"text-align: justify;\">Posteriormente fue el turno de de Puerto Ays\u00e9n, en la que se concret\u00f3 la presentaci\u00f3n en la Catedral de la ciudad. \u00abPara mi fue emocionante, no hab\u00eda tenido la oportunidad de escucharla y hoy tuve el agrado, el placer y la emoci\u00f3n de poder hacerlo\u00bb manifest\u00f3 Antonio Perotti.<\/p>\n<p dir=\"ltr\" style=\"text-align: justify;\">En el mismo tenor, Guillermo Rauld, m\u00fasico y profesor asistente al concierto en la Capilla de Puerto Cisnes, tambi\u00e9n destac\u00f3 esta gira de la Orquesta profesional de c\u00e1mara de la UAys\u00e9n. \u00abHa sido maravilloso reencontrar la m\u00fasica a trav\u00e9s de m\u00fasicos regionales y especialmente su gran director, &#8216;Tito'\u00bb, as\u00ed que muchas gracias por este regalo\u00bb, enfatiz\u00f3.<\/p>\n<p dir=\"ltr\" style=\"text-align: justify;\">Finalmente, cabe se\u00f1alar que entre el 9 y el 13 de junio de 2025, la Orquesta de C\u00e1mara de la Universidad de Ays\u00e9n realizar\u00e1 una itinerancia con conciertos educacionales y abiertos a la comunidad en distintas localidades de la regi\u00f3n. La gira contempla presentaciones en Puerto Cisnes (lunes 9), Puyuhuapi (martes 10), Villa La Tapera (mi\u00e9rcoles 11), Villa Amengual (jueves 12) y Villa Ma\u00f1ihuales (viernes 13). Todos los conciertos tendr\u00e1n entrada liberada, reafirmando el compromiso de nuestra universidad con el acceso a la cultura y el fortalecimiento de los v\u00ednculos con el territorio.<\/p>\n<\/div><\/section><\/div><div  style='height:50px' class='hr hr-invisible   avia-builder-el-6  el_after_av_one_full  el_before_av_social_share '><span class='hr-inner ' ><span class='hr-inner-style'><\/span><\/span><\/div><\/p>\n<div  class='av-social-sharing-box  avia-builder-el-7  el_after_av_hr  el_before_av_hr  '><div class='av-share-box'><h5 class='av-share-link-description av-no-toc '>Compartir esta noticia<\/h5><ul class='av-share-box-list noLightbox'><li class='av-share-link av-social-link-facebook' ><a target=\"_blank\" aria-label=\"Compartir en Facebook\" href='https:\/\/www.facebook.com\/sharer.php?u=https:\/\/radiorevelacionfm.cl\/?p=54837&#038;t=Orquesta%20de%20C%C3%A1mara%20de%20la%20UAys%C3%A9n%20culmina%20exitosa%20%20%20primera%20gira%20de%20conciertos%20en%20la%20regi%C3%B3n' aria-hidden='false' data-av_icon='\ue8f3' data-av_iconfont='entypo-fontello' title='' data-avia-related-tooltip='Compartir en Facebook' rel=\"noopener\"><span class='avia_hidden_link_text'>Compartir en Facebook<\/span><\/a><\/li><li class='av-share-link av-social-link-twitter' ><a target=\"_blank\" aria-label=\"Compartir en Twitter\" href='https:\/\/twitter.com\/share?text=Orquesta%20de%20C%C3%A1mara%20de%20la%20UAys%C3%A9n%20culmina%20exitosa%20%20%20primera%20gira%20de%20conciertos%20en%20la%20regi%C3%B3n&#038;url=https:\/\/radiorevelacionfm.cl\/?p=54837' aria-hidden='false' data-av_icon='\ue8f1' data-av_iconfont='entypo-fontello' title='' data-avia-related-tooltip='Compartir en Twitter' rel=\"noopener\"><span class='avia_hidden_link_text'>Compartir en Twitter<\/span><\/a><\/li><li class='av-share-link av-social-link-whatsapp' ><a target=\"_blank\" aria-label=\"Compartir en Whatsapp\" href='https:\/\/api.whatsapp.com\/send?text=https:\/\/radiorevelacionfm.cl\/?p=54837' aria-hidden='false' data-av_icon='\uf232' data-av_iconfont='entypo-fontello' title='' data-avia-related-tooltip='Compartir en Whatsapp' rel=\"noopener\"><span class='avia_hidden_link_text'>Compartir en Whatsapp<\/span><\/a><\/li><li class='av-share-link av-social-link-linkedin' ><a target=\"_blank\" aria-label=\"Compartir en LinkedIn\" href='https:\/\/linkedin.com\/shareArticle?mini=true&#038;title=Orquesta%20de%20C%C3%A1mara%20de%20la%20UAys%C3%A9n%20culmina%20exitosa%20%20%20primera%20gira%20de%20conciertos%20en%20la%20regi%C3%B3n&#038;url=https:\/\/radiorevelacionfm.cl\/?p=54837' aria-hidden='false' data-av_icon='\ue8fc' data-av_iconfont='entypo-fontello' title='' data-avia-related-tooltip='Compartir en LinkedIn' rel=\"noopener\"><span class='avia_hidden_link_text'>Compartir en LinkedIn<\/span><\/a><\/li><li class='av-share-link av-social-link-mail' ><a  aria-label=\"Compartir por correo\" href='mailto:?subject=Orquesta%20de%20C%C3%A1mara%20de%20la%20UAys%C3%A9n%20culmina%20exitosa%20%20%20primera%20gira%20de%20conciertos%20en%20la%20regi%C3%B3n&#038;body=https:\/\/radiorevelacionfm.cl\/?p=54837' aria-hidden='false' data-av_icon='\ue805' data-av_iconfont='entypo-fontello' title='' data-avia-related-tooltip='Compartir por correo'><span class='avia_hidden_link_text'>Compartir por correo<\/span><\/a><\/li><\/ul><\/div><\/div>\n<div  style='height:50px' class='hr hr-invisible   avia-builder-el-8  el_after_av_social_share  el_before_av_comments_list '><span class='hr-inner ' ><span class='hr-inner-style'><\/span><\/span><\/div>\n<div  class='av-buildercomment  av-blog-meta-html-info-disabled av-blog-meta-tag-disabled  '><\/div>\n","protected":false},"excerpt":{"rendered":"","protected":false},"author":1,"featured_media":54838,"comment_status":"closed","ping_status":"closed","sticky":false,"template":"","format":"standard","meta":{"footnotes":""},"categories":[52],"tags":[],"class_list":["post-54837","post","type-post","status-publish","format-standard","has-post-thumbnail","hentry","category-cultura"],"jetpack_featured_media_url":"https:\/\/radiorevelacionfm.cl\/wp-content\/uploads\/2025\/06\/concierto-1.jpg","_links":{"self":[{"href":"https:\/\/radiorevelacionfm.cl\/index.php?rest_route=\/wp\/v2\/posts\/54837","targetHints":{"allow":["GET"]}}],"collection":[{"href":"https:\/\/radiorevelacionfm.cl\/index.php?rest_route=\/wp\/v2\/posts"}],"about":[{"href":"https:\/\/radiorevelacionfm.cl\/index.php?rest_route=\/wp\/v2\/types\/post"}],"author":[{"embeddable":true,"href":"https:\/\/radiorevelacionfm.cl\/index.php?rest_route=\/wp\/v2\/users\/1"}],"replies":[{"embeddable":true,"href":"https:\/\/radiorevelacionfm.cl\/index.php?rest_route=%2Fwp%2Fv2%2Fcomments&post=54837"}],"version-history":[{"count":2,"href":"https:\/\/radiorevelacionfm.cl\/index.php?rest_route=\/wp\/v2\/posts\/54837\/revisions"}],"predecessor-version":[{"id":54850,"href":"https:\/\/radiorevelacionfm.cl\/index.php?rest_route=\/wp\/v2\/posts\/54837\/revisions\/54850"}],"wp:featuredmedia":[{"embeddable":true,"href":"https:\/\/radiorevelacionfm.cl\/index.php?rest_route=\/wp\/v2\/media\/54838"}],"wp:attachment":[{"href":"https:\/\/radiorevelacionfm.cl\/index.php?rest_route=%2Fwp%2Fv2%2Fmedia&parent=54837"}],"wp:term":[{"taxonomy":"category","embeddable":true,"href":"https:\/\/radiorevelacionfm.cl\/index.php?rest_route=%2Fwp%2Fv2%2Fcategories&post=54837"},{"taxonomy":"post_tag","embeddable":true,"href":"https:\/\/radiorevelacionfm.cl\/index.php?rest_route=%2Fwp%2Fv2%2Ftags&post=54837"}],"curies":[{"name":"wp","href":"https:\/\/api.w.org\/{rel}","templated":true}]}}