{"id":54827,"date":"2025-06-04T15:04:58","date_gmt":"2025-06-04T18:04:58","guid":{"rendered":"https:\/\/radiorevelacionfm.cl\/?p=54827"},"modified":"2025-06-04T15:04:58","modified_gmt":"2025-06-04T18:04:58","slug":"ya-se-encuentra-abierta-la-convocatoria-2025-para-obtener-el-sello-azul-de-sernapesca","status":"publish","type":"post","link":"https:\/\/radiorevelacionfm.cl\/?p=54827","title":{"rendered":"Ya se encuentra abierta la convocatoria 2025 para obtener el Sello Azul de Sernapesca"},"content":{"rendered":"<div class=\"flex_column av_one_full  flex_column_div av-zero-column-padding first  avia-builder-el-0  el_before_av_one_full  avia-builder-el-first  \" style='border-radius:0px; '><div  class='avia-image-container  av-styling-    avia-builder-el-1  avia-builder-el-no-sibling  avia-align-center '  itemprop=\"image\" itemscope=\"itemscope\" itemtype=\"https:\/\/schema.org\/ImageObject\"  ><div class='avia-image-container-inner'><div class='avia-image-overlay-wrap'><img decoding=\"async\" class='wp-image-54828 avia-img-lazy-loading-not-54828 avia_image' src=\"https:\/\/radiorevelacionfm.cl\/wp-content\/uploads\/2025\/06\/Sello-Azul-3-1-1.jpeg\" alt='' title='Sello Azul 3 (1) (1)' height=\"600\" width=\"600\"  itemprop=\"thumbnailUrl\" srcset=\"https:\/\/radiorevelacionfm.cl\/wp-content\/uploads\/2025\/06\/Sello-Azul-3-1-1.jpeg 600w, https:\/\/radiorevelacionfm.cl\/wp-content\/uploads\/2025\/06\/Sello-Azul-3-1-1-300x300.jpeg 300w, https:\/\/radiorevelacionfm.cl\/wp-content\/uploads\/2025\/06\/Sello-Azul-3-1-1-80x80.jpeg 80w, https:\/\/radiorevelacionfm.cl\/wp-content\/uploads\/2025\/06\/Sello-Azul-3-1-1-36x36.jpeg 36w, https:\/\/radiorevelacionfm.cl\/wp-content\/uploads\/2025\/06\/Sello-Azul-3-1-1-180x180.jpeg 180w, https:\/\/radiorevelacionfm.cl\/wp-content\/uploads\/2025\/06\/Sello-Azul-3-1-1-120x120.jpeg 120w, https:\/\/radiorevelacionfm.cl\/wp-content\/uploads\/2025\/06\/Sello-Azul-3-1-1-450x450.jpeg 450w, https:\/\/radiorevelacionfm.cl\/wp-content\/uploads\/2025\/06\/Sello-Azul-3-1-1-100x100.jpeg 100w\" sizes=\"(max-width: 600px) 100vw, 600px\" \/><\/div><\/div><\/div><\/div><div class=\"flex_column av_one_full  flex_column_div av-zero-column-padding first  avia-builder-el-2  el_after_av_one_full  el_before_av_one_full  column-top-margin\" style='border-radius:0px; '><section class=\"av_textblock_section \"  itemscope=\"itemscope\" itemtype=\"https:\/\/schema.org\/BlogPosting\" itemprop=\"blogPost\" ><div class='avia_textblock  '   itemprop=\"text\" ><p class=\"v1MsoNormal\" align=\"center\"><span style=\"font-size: 18pt;\"><b>Ya se encuentra abierta la convocatoria 2025 para obtener el Sello Azul de Sernapesca<\/b><\/span><\/p>\n<div id=\"gtx-trans\" style=\"position: absolute; left: -50px; top: 4.31534px;\">\n<div class=\"gtx-trans-icon\"><\/div>\n<\/div>\n<\/div><\/section><\/div><div class=\"flex_column av_one_full  flex_column_div av-zero-column-padding first  avia-builder-el-4  el_after_av_one_full  el_before_av_hr  column-top-margin\" style='border-radius:0px; '><section class=\"av_textblock_section \"  itemscope=\"itemscope\" itemtype=\"https:\/\/schema.org\/BlogPosting\" itemprop=\"blogPost\" ><div class='avia_textblock  '   itemprop=\"text\" ><p class=\"v1MsoNormal\" style=\"text-align: justify;\">Entre el 1 y el 30 de junio estar\u00e1 abierta la convocatoria para ser parte del Programa de Consumo Responsable \u00abSello Azul\u00bb del Servicio Nacional de Pesca y Acuicultura (Sernapesca). Esta acreditaci\u00f3n reconoce a los establecimientos comprometidos con la pesca sustentable y el cumplimiento de la normativa vigente, asegurando a los consumidores que los recursos de ese establecimiento son de origen legal.<\/p>\n<p class=\"v1MsoNormal\" style=\"text-align: justify;\">Los centros que comercializan recursos o productos del mar y quieran obtener el Sello Azul deber\u00e1n cumplir con una serie de requisitos, como, por ejemplo: abastecerse de proveedores con acreditaci\u00f3n de origen legal, contar con permisos sanitarios y municipales al d\u00eda, y no haber sido sancionados por infracciones a la Ley de Pesca y Acuicultura, entre otros.<\/p>\n<p class=\"v1MsoNormal\" style=\"text-align: justify;\">Adem\u00e1s, en esta convocatoria tambi\u00e9n pueden postular restaurantes, hoteles y otros centros de consumo minorista a trav\u00e9s de una v\u00eda m\u00e1s directa: la acreditaci\u00f3n por extensi\u00f3n. Esto ser\u00e1 posible siempre que se abastezcan exclusivamente de proveedores que ya cuenten con el Sello Azul.<\/p>\n<p class=\"v1MsoNormal\" style=\"text-align: justify;\">\u00abEl Sello Azul es un compromiso para ir m\u00e1s all\u00e1 de las obligaciones para contribuir al cuidado de los recursos hidrobiol\u00f3gicos. Invitamos a todos quienes comercializan productos y recursos del mar a sumarse a esta iniciativa y obtener este sello. As\u00ed, la ciudadan\u00eda puede identificar f\u00e1cilmente aquellos lugares donde comprar o consumir con la tranquilidad de estar apoyando la sustentabilidad de nuestros recursos\u00bb, asegur\u00f3 Mar\u00eda Jos\u00e9 Guti\u00e9rrez, Coordinadora del Programa en Sernapesca.<\/p>\n<p class=\"v1MsoNormal\" style=\"text-align: justify;\">Los locales que sean seleccionados recibir\u00e1n un sello foliado que deber\u00e1 instalarse en un lugar visible, y pasar\u00e1n a formar parte del registro oficial en el sitio web de Sernapesca y del mapa nacional de establecimientos con Sello Azul. Para m\u00e1s informaci\u00f3n sobre el Sello Azul y el proceso de postulaci\u00f3n, pueden hacer click en este enlace:\u00a0<a href=\"https:\/\/www.sernapesca.cl\/programa-de-consumo-responsable-sello-azul\/\" target=\"_blank\" rel=\"noopener noreferrer\">https:\/\/www.sernapesca.cl\/programa-de-consumo-responsable-sello-azul\/<\/a>.<\/p>\n<p class=\"v1MsoNormal\" style=\"text-align: justify;\">Desde Sernapesca tambi\u00e9n se invita a las y los consumidores a informarse sobre el origen de los productos del mar que adquieren, y a preferir siempre locales con Sello Azul. Es una forma clara y confiable de apoyar la legalidad y la sustentabilidad de nuestros recursos marinos.<\/p>\n<\/div><\/section><\/div><div  style='height:50px' class='hr hr-invisible   avia-builder-el-6  el_after_av_one_full  el_before_av_social_share '><span class='hr-inner ' ><span class='hr-inner-style'><\/span><\/span><\/div><\/p>\n<div  class='av-social-sharing-box  avia-builder-el-7  el_after_av_hr  el_before_av_hr  '><div class='av-share-box'><h5 class='av-share-link-description av-no-toc '>Compartir esta noticia<\/h5><ul class='av-share-box-list noLightbox'><li class='av-share-link av-social-link-facebook' ><a target=\"_blank\" aria-label=\"Compartir en Facebook\" href='https:\/\/www.facebook.com\/sharer.php?u=https:\/\/radiorevelacionfm.cl\/?p=54827&#038;t=Ya%20se%20encuentra%20abierta%20la%20convocatoria%202025%20para%20obtener%20el%20Sello%20Azul%20de%20Sernapesca' aria-hidden='false' data-av_icon='\ue8f3' data-av_iconfont='entypo-fontello' title='' data-avia-related-tooltip='Compartir en Facebook' rel=\"noopener\"><span class='avia_hidden_link_text'>Compartir en Facebook<\/span><\/a><\/li><li class='av-share-link av-social-link-twitter' ><a target=\"_blank\" aria-label=\"Compartir en Twitter\" href='https:\/\/twitter.com\/share?text=Ya%20se%20encuentra%20abierta%20la%20convocatoria%202025%20para%20obtener%20el%20Sello%20Azul%20de%20Sernapesca&#038;url=https:\/\/radiorevelacionfm.cl\/?p=54827' aria-hidden='false' data-av_icon='\ue8f1' data-av_iconfont='entypo-fontello' title='' data-avia-related-tooltip='Compartir en Twitter' rel=\"noopener\"><span class='avia_hidden_link_text'>Compartir en Twitter<\/span><\/a><\/li><li class='av-share-link av-social-link-whatsapp' ><a target=\"_blank\" aria-label=\"Compartir en Whatsapp\" href='https:\/\/api.whatsapp.com\/send?text=https:\/\/radiorevelacionfm.cl\/?p=54827' aria-hidden='false' data-av_icon='\uf232' data-av_iconfont='entypo-fontello' title='' data-avia-related-tooltip='Compartir en Whatsapp' rel=\"noopener\"><span class='avia_hidden_link_text'>Compartir en Whatsapp<\/span><\/a><\/li><li class='av-share-link av-social-link-linkedin' ><a target=\"_blank\" aria-label=\"Compartir en LinkedIn\" href='https:\/\/linkedin.com\/shareArticle?mini=true&#038;title=Ya%20se%20encuentra%20abierta%20la%20convocatoria%202025%20para%20obtener%20el%20Sello%20Azul%20de%20Sernapesca&#038;url=https:\/\/radiorevelacionfm.cl\/?p=54827' aria-hidden='false' data-av_icon='\ue8fc' data-av_iconfont='entypo-fontello' title='' data-avia-related-tooltip='Compartir en LinkedIn' rel=\"noopener\"><span class='avia_hidden_link_text'>Compartir en LinkedIn<\/span><\/a><\/li><li class='av-share-link av-social-link-mail' ><a  aria-label=\"Compartir por correo\" href='mailto:?subject=Ya%20se%20encuentra%20abierta%20la%20convocatoria%202025%20para%20obtener%20el%20Sello%20Azul%20de%20Sernapesca&#038;body=https:\/\/radiorevelacionfm.cl\/?p=54827' aria-hidden='false' data-av_icon='\ue805' data-av_iconfont='entypo-fontello' title='' data-avia-related-tooltip='Compartir por correo'><span class='avia_hidden_link_text'>Compartir por correo<\/span><\/a><\/li><\/ul><\/div><\/div>\n<div  style='height:50px' class='hr hr-invisible   avia-builder-el-8  el_after_av_social_share  el_before_av_comments_list '><span class='hr-inner ' ><span class='hr-inner-style'><\/span><\/span><\/div>\n<div  class='av-buildercomment  av-blog-meta-html-info-disabled av-blog-meta-tag-disabled  '><\/div>\n","protected":false},"excerpt":{"rendered":"","protected":false},"author":1,"featured_media":54828,"comment_status":"closed","ping_status":"closed","sticky":false,"template":"","format":"standard","meta":{"footnotes":""},"categories":[60],"tags":[],"class_list":["post-54827","post","type-post","status-publish","format-standard","has-post-thumbnail","hentry","category-pesca"],"jetpack_featured_media_url":"https:\/\/radiorevelacionfm.cl\/wp-content\/uploads\/2025\/06\/Sello-Azul-3-1-1.jpeg","_links":{"self":[{"href":"https:\/\/radiorevelacionfm.cl\/index.php?rest_route=\/wp\/v2\/posts\/54827","targetHints":{"allow":["GET"]}}],"collection":[{"href":"https:\/\/radiorevelacionfm.cl\/index.php?rest_route=\/wp\/v2\/posts"}],"about":[{"href":"https:\/\/radiorevelacionfm.cl\/index.php?rest_route=\/wp\/v2\/types\/post"}],"author":[{"embeddable":true,"href":"https:\/\/radiorevelacionfm.cl\/index.php?rest_route=\/wp\/v2\/users\/1"}],"replies":[{"embeddable":true,"href":"https:\/\/radiorevelacionfm.cl\/index.php?rest_route=%2Fwp%2Fv2%2Fcomments&post=54827"}],"version-history":[{"count":2,"href":"https:\/\/radiorevelacionfm.cl\/index.php?rest_route=\/wp\/v2\/posts\/54827\/revisions"}],"predecessor-version":[{"id":54835,"href":"https:\/\/radiorevelacionfm.cl\/index.php?rest_route=\/wp\/v2\/posts\/54827\/revisions\/54835"}],"wp:featuredmedia":[{"embeddable":true,"href":"https:\/\/radiorevelacionfm.cl\/index.php?rest_route=\/wp\/v2\/media\/54828"}],"wp:attachment":[{"href":"https:\/\/radiorevelacionfm.cl\/index.php?rest_route=%2Fwp%2Fv2%2Fmedia&parent=54827"}],"wp:term":[{"taxonomy":"category","embeddable":true,"href":"https:\/\/radiorevelacionfm.cl\/index.php?rest_route=%2Fwp%2Fv2%2Fcategories&post=54827"},{"taxonomy":"post_tag","embeddable":true,"href":"https:\/\/radiorevelacionfm.cl\/index.php?rest_route=%2Fwp%2Fv2%2Ftags&post=54827"}],"curies":[{"name":"wp","href":"https:\/\/api.w.org\/{rel}","templated":true}]}}